{"id":10036,"date":"2025-11-25T14:00:00","date_gmt":"2025-11-25T17:00:00","guid":{"rendered":"https:\/\/diariodepernambuco.audiencelabs.com.br\/?p=10036"},"modified":"2025-11-25T15:33:12","modified_gmt":"2025-11-25T18:33:12","slug":"brasileiros-dao-adeus-ao-aluguel-e-ganham-liberacao-para-morar-de-graca","status":"publish","type":"post","link":"https:\/\/diariodepernambuco.audiencelabs.com.br\/brasileiros-dao-adeus-ao-aluguel-e-ganham-liberacao-para-morar-de-graca\/","title":{"rendered":"Brasileiros d\u00e3o adeus ao aluguel e ganham libera\u00e7\u00e3o para morar de gra\u00e7a"},"content":{"rendered":"\n<p>Uma nova oportunidade promete transformar a vida de milhares de brasileiros: o Programa Vida Longa permite que pessoas deixem de pagar aluguel e tenham acesso a moradia gratuita. Voltado para fam\u00edlias em situa\u00e7\u00e3o de vulnerabilidade, o programa oferece n\u00e3o apenas um teto seguro, mas tamb\u00e9m condi\u00e7\u00f5es para garantir estabilidade e qualidade de vida.<\/p>\n\n\n\n<p>O programa desenvolvido pelo governo de S\u00e3o Paulo oferece moradia gratuita, priorizando a seguran\u00e7a e a integra\u00e7\u00e3o comunit\u00e1ria, e se consolidou como uma das principais pol\u00edticas voltadas \u00e0 terceira idade no estado. Al\u00e9m disso, as unidades seguem crit\u00e9rios de acessibilidade e conforto, despertando interesse de diversos munic\u00edpios.<\/p>\n\n\n\n<h2 class=\"wp-block-heading\">Adeus ao aluguel? <\/h2>\n\n\n\n<p>As moradias do Programa Vida Longa s\u00e3o planejadas para atender \u00e0s necessidades espec\u00edficas de idosos e pessoas com mobilidade reduzida, contando com rampas, corredores largos e \u00e1reas de conviv\u00eancia que incentivam a intera\u00e7\u00e3o entre os moradores. O objetivo \u00e9 criar um ambiente seguro e acolhedor, onde os benefici\u00e1rios possam viver com dignidade, sem preocupa\u00e7\u00f5es financeiras relacionadas ao aluguel.<\/p>\n\n\n\n<p>Al\u00e9m da estrutura f\u00edsica, o programa tamb\u00e9m oferece suporte social e atividades comunit\u00e1rias que promovem bem-estar e integra\u00e7\u00e3o, fortalecendo v\u00ednculos entre os moradores e contribuindo para uma vida mais ativa e saud\u00e1vel na terceira idade. Com essa iniciativa, o governo busca reduzir a vulnerabilidade social e garantir que mais brasileiros possam envelhecer com seguran\u00e7a e qualidade de vida.<\/p>\n\n\n\n<h2 class=\"wp-block-heading\">Tudo sobre o Programa Vida Longa<\/h2>\n\n\n\n<p>O Programa Vida Longa \u00e9 uma iniciativa do governo de S\u00e3o Paulo voltada para oferecer moradia gratuita a fam\u00edlias e indiv\u00edduos em situa\u00e7\u00e3o de vulnerabilidade, com foco especial na terceira idade. O objetivo \u00e9 garantir seguran\u00e7a, estabilidade e qualidade de vida, permitindo que os benefici\u00e1rios deixem de arcar com custos de aluguel e tenham acesso a um lar pr\u00f3prio.<\/p>\n\n\n\n<p><strong>Como funciona<\/strong><\/p>\n\n\n\n<p>O programa disponibiliza unidades habitacionais j\u00e1 constru\u00eddas ou oferece apoio para a constru\u00e7\u00e3o de novas casas, todas seguindo padr\u00f5es de acessibilidade, conforto e integra\u00e7\u00e3o comunit\u00e1ria. As moradias s\u00e3o planejadas para atender \u00e0s necessidades de idosos e pessoas com mobilidade reduzida, com rampas, corredores amplos e \u00e1reas de conviv\u00eancia que estimulam intera\u00e7\u00e3o social.<\/p>\n\n\n\n<p><strong>Benef\u00edcios<\/strong><\/p>\n\n\n\n<ul class=\"wp-block-list\">\n<li>Moradia gratuita sem custo de aluguel;<\/li>\n\n\n\n<li>Seguran\u00e7a e infraestrutura adequada;<\/li>\n\n\n\n<li>Ambiente comunit\u00e1rio que incentiva a socializa\u00e7\u00e3o;<\/li>\n\n\n\n<li>Suporte social e atividades que promovem bem-estar e qualidade de vida.<\/li>\n<\/ul>\n\n\n\n<p><\/p>\n","protected":false},"excerpt":{"rendered":"<p>Uma nova oportunidade promete transformar a vida de milhares de brasileiros: o Programa Vida Longa permite que pessoas deixem de pagar aluguel e tenham acesso a moradia gratuita. Voltado para fam\u00edlias em situa\u00e7\u00e3o de vulnerabilidade, o programa oferece n\u00e3o apenas um teto seguro, mas tamb\u00e9m condi\u00e7\u00f5es para garantir estabilidade e qualidade de vida. O programa [&hellip;]<\/p>\n","protected":false},"author":4,"featured_media":10040,"comment_status":"open","ping_status":"open","sticky":false,"template":"","format":"standard","meta":{"jnews-multi-image_gallery":[],"jnews_single_post":{"format":"standard"},"jnews_primary_category":[],"jnews_social_meta":[],"jnews_post_split":[],"footnotes":""},"categories":[1],"tags":[],"class_list":["post-10036","post","type-post","status-publish","format-standard","has-post-thumbnail","hentry","category-uncategorized"],"_links":{"self":[{"href":"https:\/\/diariodepernambuco.audiencelabs.com.br\/wp-json\/wp\/v2\/posts\/10036","targetHints":{"allow":["GET"]}}],"collection":[{"href":"https:\/\/diariodepernambuco.audiencelabs.com.br\/wp-json\/wp\/v2\/posts"}],"about":[{"href":"https:\/\/diariodepernambuco.audiencelabs.com.br\/wp-json\/wp\/v2\/types\/post"}],"author":[{"embeddable":true,"href":"https:\/\/diariodepernambuco.audiencelabs.com.br\/wp-json\/wp\/v2\/users\/4"}],"replies":[{"embeddable":true,"href":"https:\/\/diariodepernambuco.audiencelabs.com.br\/wp-json\/wp\/v2\/comments?post=10036"}],"version-history":[{"count":3,"href":"https:\/\/diariodepernambuco.audiencelabs.com.br\/wp-json\/wp\/v2\/posts\/10036\/revisions"}],"predecessor-version":[{"id":10117,"href":"https:\/\/diariodepernambuco.audiencelabs.com.br\/wp-json\/wp\/v2\/posts\/10036\/revisions\/10117"}],"wp:featuredmedia":[{"embeddable":true,"href":"https:\/\/diariodepernambuco.audiencelabs.com.br\/wp-json\/wp\/v2\/media\/10040"}],"wp:attachment":[{"href":"https:\/\/diariodepernambuco.audiencelabs.com.br\/wp-json\/wp\/v2\/media?parent=10036"}],"wp:term":[{"taxonomy":"category","embeddable":true,"href":"https:\/\/diariodepernambuco.audiencelabs.com.br\/wp-json\/wp\/v2\/categories?post=10036"},{"taxonomy":"post_tag","embeddable":true,"href":"https:\/\/diariodepernambuco.audiencelabs.com.br\/wp-json\/wp\/v2\/tags?post=10036"}],"curies":[{"name":"wp","href":"https:\/\/api.w.org\/{rel}","templated":true}]}}