{"id":10056,"date":"2025-11-26T11:30:00","date_gmt":"2025-11-26T14:30:00","guid":{"rendered":"https:\/\/diariodepernambuco.audiencelabs.com.br\/?p=10056"},"modified":"2025-11-26T14:52:48","modified_gmt":"2025-11-26T17:52:48","slug":"globo-assinou-acordo-que-vale-mais-de-r-300-milhoes-e-vai-ser-autorizada-a-transmitir-programacao-mundial","status":"publish","type":"post","link":"https:\/\/diariodepernambuco.audiencelabs.com.br\/globo-assinou-acordo-que-vale-mais-de-r-300-milhoes-e-vai-ser-autorizada-a-transmitir-programacao-mundial\/","title":{"rendered":"Globo assinou acordo de R$ 300 milh\u00f5es e vai ser autorizada a transmitir programa\u00e7\u00e3o mundial"},"content":{"rendered":"\n<p>A TV Globo confirmou oficialmente seu retorno \u00e0 cobertura da F\u00f3rmula 1 a partir de 2026, lan\u00e7ando um pacote comercial robusto que j\u00e1 conta com tr\u00eas grandes patrocinadores: Chevrolet, Heineken e Santander. Cada cota foi negociada por mais de R$ 125 milh\u00f5es, garantindo \u00e0 emissora um faturamento inicial estimado em R$ 375 milh\u00f5es.<\/p>\n\n\n\n<p>Para dar in\u00edcio \u00e0s a\u00e7\u00f5es promocionais, a Globo apresentou uma r\u00e9plica de um carro de F1 estampada com as marcas dos patrocinadores na sede da emissora em S\u00e3o Paulo, refor\u00e7ando tanto sua estrat\u00e9gia de posicionamento quanto o peso do investimento das empresas envolvidas.<\/p>\n\n\n\n<p>Os contratos integram um plano comercial abrangente que contempla todas as plataformas do Grupo Globo \u2014 TV aberta, canais por assinatura, streaming e meios digitais. A partir de 2026, a emissora ser\u00e1 a \u00fanica no Brasil com autoriza\u00e7\u00e3o para transmitir a F\u00f3rmula 1, assumindo o lugar da Band, respons\u00e1vel pelos direitos desde 2021.<\/p>\n\n\n\n<p>A divis\u00e3o da cobertura ficar\u00e1 organizada da seguinte maneira:<\/p>\n\n\n\n<p>TV Globo: exibir\u00e1 15 corridas ao vivo e apresentar\u00e1 9 edi\u00e7\u00f5es em formato de compactos com os melhores momentos.<br>SporTV: transmitir\u00e1 integralmente todas as etapas da temporada, incluindo 24 GPs, 6 provas sprint, 24 sess\u00f5es classificat\u00f3rias e 60 treinos.<br>Globoplay: disponibilizar\u00e1 todas as corridas tanto ao vivo quanto sob demanda.<br>Programa semanal: ser\u00e1 apresentado \u00e0s sextas-feiras que antecedem cada GP, trazendo an\u00e1lises, coment\u00e1rios e bastidores da competi\u00e7\u00e3o.<\/p>\n\n\n\n<h2 class=\"wp-block-heading\">Lando Norris pode ser campe\u00e3o mundial nesta semana<\/h2>\n\n\n<style>@media (min-width: 992px) {\n    .recomendadorV2Area1 {\n        width: 280px;\n    }\n    .recomendadorV2Area2 {\n        padding: 0px 20px;\n        width: calc(100% - 280px);\n    }\n}\n\n@media (max-width: 992px) {\n    .recomendadorV2Button {\n        margin: 0 auto;\n    }\n    .recomendadorV2Area {\n        flex-direction: column;\n        text-align: center;\n    }\n    .recomendadorV2Area2 {\n        padding: 0px 20px;\n    }\n}\n\n.recomendadorV2Area {\n    background: #eeeeee3d;\n    border-radius: 10px;\n    padding: 15px;\n    display: flex;\n    margin: 15px auto;\n    border: 1px solid #00000014;\n    max-width: 800px;\n}\n\n.recomendadorV2Area1 img {\n    width: 280px;\n    height: auto;\n    border-radius: 8px;\n}\n\n.linkrecomendadorv2 {\n    text-decoration: none !important;\n}\n\n.recomendadorV2Area2 .recomendadorV2Type {\n    text-transform: uppercase;\n    font-weight: 500;\n    font-size: 11px;\n    letter-spacing: 2px;\n    color: #666;\n    margin: 12px 0;\n    display: block;\n}\n\n.recomendadorV2Title h2 {\n    padding-top: 0px !important;\n    margin: 0px !important;\n    border-left: none !important;\n    padding-left: 0px !important;\n    line-height: 1.3;\n    color: #000 !important;\n    font-size: 24px;\n    margin-bottom: 12px !important;\n}\n\n.recomendadorV2Desc {\n    color: #333;\n    margin: 12px 0px !important;\n    font-size: 15px;\n    line-height: 1.5;\n}\n\n.recomendadorV2Button {\n    width: auto;\n    max-width: 200px;\n    margin: 0;\n    display: inline-flex;\n    align-items: center;\n    background: #1D3557;\n    border-radius: 8px;\n    color: #fff;\n    height: 36px;\n    justify-content: center;\n    text-align: center;\n    font-size: 14px;\n    padding: 0 20px;\n    transition: background-color 0.2s ease;\n}\n\n.recomendadorV2Button:hover {\n    background: #2a4d7a;\n}\n\n.recomendadorV2Button:after {\n    margin-top: -2px;\n    content: \"\u2192\";\n    padding: 0px 0px 0px 8px;\n}\n\n.recomendadorV2Alert {\n    text-align: left;\n    font-size: 11px;\n    margin-top: 8px;\n    color: #666;\n}\n\n.recomendadorFixedArea {\n    width: 100%;\n    display: flex;\n    justify-content: center;\n    align-items: center;\n}\n\n@media (min-width: 992px) {\n    #recomendadorFixed {\n        width: 32% !important;\n        left: 5%;\n    }\n    .recomendadorCloseFixed{\n        right: inherit !important;\n        left: 378px !important;\n    }\n}\n\n#recomendadorFixed {\n    width: 90%;\n    box-shadow: 0 10px 20px 0px #00000057;\n    display: none;\n    height: 90px;\n    background: #F6F6F6;\n    position: fixed;\n    flex-direction: row;\n    bottom: 10px;\n    z-index: 9999;\n    border-radius: 16px;\n    padding: 7px 10px;\n}\n\n.recomendadorLeftArea {\n    width: 160px;\n}\n\n.recomendadorRightArea h2 {\n    padding-top: 0px;\n    margin: 2px 0px 4px 0px !important;\n    font-weight: 400;\n    text-align: center;\n    padding-left: 0px !important;\n    color: #000 !important;\n    border-left: none !important;\n    line-height: 20px;\n    font-size: 12px !important;\n}\n\n.recomendadorImgFixed {\n    overflow: hidden;\n    padding: 8px 6px;\n    height: 100%;\n}\n\n.recomendadorImgFixed img {\n    height: 100% !important;\n    border-radius: 16px;\n}\n\n.recomendadorRightArea {\n    padding-top: 6px;\n    display: flex;\n    width: calc(100% - 130px);\n    justify-content: space-between;\n    align-items: center;\n    flex-direction: column;\n}\n\n.recomendadorButtonFixed {\n    margin: 0 auto;\n    background: #1D3557;\n    width: 80%;\n    text-align: center;\n    font-size: 10px;\n    color: #FFF;\n    padding: 2px 10px;\n    border-radius: 3px;\n}\n\n.recomendadorButtonFixed:after {\n    margin-top: -3px;\n    content: \"\u2192\";\n    padding: 0px 0px 0px 10px;\n}\n\n.recomendadorAlertFixed {\n    font-weight: 400;\n    text-align: center;\n    color: #484848;\n    font-size: 8px;\n}\n\n.recomendadorCloseFixed {\n    z-index: 99999;\n    display: none;\n    right: 0px;\n    left: inherit;\n    bottom: 99px;\n    position: fixed;\n    justify-content: center;\n    background: #F6F6F6;\n    width: 25px;\n    align-items: center;\n    height: 25px;\n    font-weight: 800;\n    border-radius: 50%;\n    border: 1px solid #EBEBEB;\n}\n\n.recomendadorV2Desc{\n    color: #000000;\n    margin: 20px 0px;\n}\n\n@media (max-width: 576px) {\n    .recomendadorV2Area {\n      padding: 10px;\n      max-width: 100%;\n    }\n  \n    .recomendadorV2Area1 img {\n      width: 100%;\n      border-radius: 6px;\n    }\n  \n    .recomendadorV2Area2 .recomendadorV2Type {\n      font-size: 9px;\n      letter-spacing: 1px;\n      margin: 8px 0;\n    }\n  \n    .recomendadorV2Title h2 {\n      font-size: 18px !important;\n      margin-bottom: 8px !important;\n      line-height: 1.2;\n    }\n  \n    .recomendadorV2Desc {\n      font-size: 14px;\n      margin: 8px 0 !important;\n      line-height: 1.4;\n    }\n  \n    .recomendadorV2Button {\n      font-size: 12px;\n      height: 30px;\n      padding: 0 12px;\n      max-width: 160px;\n    }\n  \n    .recomendadorV2Button:after {\n      padding-left: 6px;\n    }\n  }\n  <\/style>\n        <div class=\"lazyblock-recomendador-v2-2jDGz wp-block-lazyblock-recomendador-v2\">\n        <a class=\"linkrecomendadorv2\" href=\"https:\/\/diariodepernambuco.com.br\/dpmais\/cbf-oficializou-palmeiras-como-o-campeao-do-campeonato-brasileiro-de-2026\/?utm_source=lazy\" target=\"_blank\" rel=\"noopener\">\n            <div class=\"recomendadorV2Area\">\n            <div class=\"recomendadorV2Area1\">\n                <div class=\"recomendadorV2Img\">\n                <img class=\"lazyloaded\" decoding=\"async\" src=\"https:\/\/diariodepernambuco.com.br\/dpmais\/wp-content\/uploads\/2025\/11\/Palmeiras-campeao-750x375.jpg\" data-src=\"https:\/\/diariodepernambuco.com.br\/dpmais\/wp-content\/uploads\/2025\/11\/Palmeiras-campeao-750x375.jpg\" alt=\"\">\n                <\/div>\n            <\/div>\n            <div class=\"recomendadorV2Area2\">\n                <div class=\"recomendadorV2Type\">\n                    <span>Esporte Hoje<\/span>\n                <\/div>\n                <div class=\"recomendadorV2Title\">\n                <h2><span>Palmeiras campe\u00e3o \ud83c\udfc6<\/span><\/h2>\n                <\/div>\n                <div class=\"recomendadorV2Desc\">\n                <span>CBF oficializa t\u00edtulo do Brasileir\u00e3o 2025<\/span>\n                <\/div>\n                <div class=\"recomendadorV2Button\">Ver confirma\u00e7\u00e3o<\/div>\n                <div class=\"recomendadorV2Alert\"><\/div>\n            <\/div>\n            <\/div>\n        <\/a>\n        <div>\n            <div style=\"z-index:99999;\" id=\"buttonClose\" onclick=\"closeRecomendadorFixed()\">\n            <div class=\"recomendadorCloseFixed\">X<\/div>\n            <\/div>\n            <a href=\"https:\/\/diariodepernambuco.com.br\/dpmais\/cbf-oficializou-palmeiras-como-o-campeao-do-campeonato-brasileiro-de-2026\/?utm_source=lazy\" target=\"_blank\" rel=\"noopener\">\n            <div class=\"recomendadorFixedArea\">\n                <div id=\"recomendadorFixed\">\n                <div class=\"recomendadorLeftArea\">\n                    <div class=\"recomendadorImgFixed\">\n                    <img class=\"lazyload\" decoding=\"async\" src=\"https:\/\/diariodepernambuco.com.br\/dpmais\/wp-content\/uploads\/2025\/11\/Palmeiras-campeao-750x375.jpg\" alt=\"\">\n                    <\/div>\n                <\/div>\n                <div class=\"recomendadorRightArea\">\n                    <div class=\"recomendadorTitleFixed\">\n                    <h2><span>Palmeiras campe\u00e3o \ud83c\udfc6<\/span><\/h2>\n                    <\/div>\n                    <div class=\"recomendadorButtonFixed\">Ver confirma\u00e7\u00e3o<\/div>\n                    <div class=\"recomendadorAlertFixed\"><\/div>\n                <\/div>\n                <\/div>\n            <\/div>\n            <\/a>\n        <\/div>\n        <\/div>\n\n\n\n<p>A F\u00f3rmula 1 chega \u00e0 pen\u00faltima etapa da temporada 2025 totalmente indefinida. Ap\u00f3s a vit\u00f3ria de Max Verstappen e as desclassifica\u00e7\u00f5es da McLaren em Las Vegas, Lando Norris assume a ponta do campeonato com 390 pontos \u2014 24 a mais que Oscar Piastri e o tetracampe\u00e3o da RBR.<\/p>\n\n\n\n<p>O cen\u00e1rio \u00e9 direto: para garantir o t\u00edtulo no Circuito Internacional de Lusail, o brit\u00e2nico da McLaren precisa somar pelo menos dois pontos a mais que Piastri e Verstappen ao longo de todo o fim de semana. Cumprindo essa condi\u00e7\u00e3o, Norris deixar\u00e1 o Catar com uma vantagem m\u00ednima de 26 pontos sobre ambos, tornando-se inalcan\u00e7\u00e1vel na \u00faltima prova do ano, em Abu Dhabi.<\/p>\n\n\n\n<p><\/p>\n","protected":false},"excerpt":{"rendered":"<p>A TV Globo confirmou oficialmente seu retorno \u00e0 cobertura da F\u00f3rmula 1 a partir de 2026, lan\u00e7ando um pacote comercial robusto que j\u00e1 conta com tr\u00eas grandes patrocinadores: Chevrolet, Heineken e Santander. Cada cota foi negociada por mais de R$ 125 milh\u00f5es, garantindo \u00e0 emissora um faturamento inicial estimado em R$ 375 milh\u00f5es. Para dar [&hellip;]<\/p>\n","protected":false},"author":4,"featured_media":7952,"comment_status":"open","ping_status":"open","sticky":false,"template":"","format":"standard","meta":{"jnews-multi-image_gallery":[],"jnews_single_post":{"format":"standard"},"jnews_primary_category":[],"jnews_social_meta":[],"jnews_post_split":[],"footnotes":""},"categories":[1],"tags":[],"class_list":["post-10056","post","type-post","status-publish","format-standard","has-post-thumbnail","hentry","category-uncategorized"],"_links":{"self":[{"href":"https:\/\/diariodepernambuco.audiencelabs.com.br\/wp-json\/wp\/v2\/posts\/10056","targetHints":{"allow":["GET"]}}],"collection":[{"href":"https:\/\/diariodepernambuco.audiencelabs.com.br\/wp-json\/wp\/v2\/posts"}],"about":[{"href":"https:\/\/diariodepernambuco.audiencelabs.com.br\/wp-json\/wp\/v2\/types\/post"}],"author":[{"embeddable":true,"href":"https:\/\/diariodepernambuco.audiencelabs.com.br\/wp-json\/wp\/v2\/users\/4"}],"replies":[{"embeddable":true,"href":"https:\/\/diariodepernambuco.audiencelabs.com.br\/wp-json\/wp\/v2\/comments?post=10056"}],"version-history":[{"count":5,"href":"https:\/\/diariodepernambuco.audiencelabs.com.br\/wp-json\/wp\/v2\/posts\/10056\/revisions"}],"predecessor-version":[{"id":10226,"href":"https:\/\/diariodepernambuco.audiencelabs.com.br\/wp-json\/wp\/v2\/posts\/10056\/revisions\/10226"}],"wp:featuredmedia":[{"embeddable":true,"href":"https:\/\/diariodepernambuco.audiencelabs.com.br\/wp-json\/wp\/v2\/media\/7952"}],"wp:attachment":[{"href":"https:\/\/diariodepernambuco.audiencelabs.com.br\/wp-json\/wp\/v2\/media?parent=10056"}],"wp:term":[{"taxonomy":"category","embeddable":true,"href":"https:\/\/diariodepernambuco.audiencelabs.com.br\/wp-json\/wp\/v2\/categories?post=10056"},{"taxonomy":"post_tag","embeddable":true,"href":"https:\/\/diariodepernambuco.audiencelabs.com.br\/wp-json\/wp\/v2\/tags?post=10056"}],"curies":[{"name":"wp","href":"https:\/\/api.w.org\/{rel}","templated":true}]}}