{"id":10147,"date":"2025-11-29T06:10:00","date_gmt":"2025-11-29T09:10:00","guid":{"rendered":"https:\/\/diariodepernambuco.audiencelabs.com.br\/?p=10147"},"modified":"2025-11-25T20:48:10","modified_gmt":"2025-11-25T23:48:10","slug":"processo-de-bolsonaro-chegou-ao-fim-e-martelo-foi-batido-por-moraes","status":"publish","type":"post","link":"https:\/\/diariodepernambuco.audiencelabs.com.br\/processo-de-bolsonaro-chegou-ao-fim-e-martelo-foi-batido-por-moraes\/","title":{"rendered":"Processo de Bolsonaro chegou ao fim e martelo foi batido por Moraes"},"content":{"rendered":"\n<p>O ministro Alexandre de Moraes, do Supremo Tribunal Federal (STF), determinou na \u00faltima ter\u00e7a-feira (25) o in\u00edcio do cumprimento da pena do ex-presidente Jair Bolsonaro, condenado a 27 anos e tr\u00eas meses de pris\u00e3o pela participa\u00e7\u00e3o na trama golpista. Conforme a decis\u00e3o, Bolsonaro dever\u00e1 seguir detido na Superintend\u00eancia da Pol\u00edcia Federal em Bras\u00edlia.<\/p>\n\n\n\n<p>O ex-presidente j\u00e1 estava preso preventivamente desde s\u00e1bado (22). A condena\u00e7\u00e3o, definida pela Primeira Turma do STF em setembro, fixa pena de 27 anos e 3 meses em regime inicial fechado, sob a acusa\u00e7\u00e3o de liderar uma organiza\u00e7\u00e3o criminosa que buscou impedir a posse do presidente Lula e atentar contra o Estado democr\u00e1tico de Direito.<\/p>\n\n\n\n<p>Moraes tamb\u00e9m mandou prender os outros seis condenados do n\u00facleo crucial do golpe: Alexandre Ramagem, ex-diretor da Ag\u00eancia Brasileira de Intelig\u00eancia (Abin); Almir Garnier, ex-comandante da Marinha; Anderson Torres, ex-ministro da Justi\u00e7a; Augusto Heleno, general da reserva e ex-ministro do Gabinete de Seguran\u00e7a Institucional (GSI); Paulo S\u00e9rgio Nogueira, general da reserva e ex-ministro da Defesa; e Walter Braga Netto, general da reserva e ex-ministro da Casa Civil.<\/p>\n\n\n\n<p>Mauro Cid, tenente-coronel da reserva e ex-ajudante de ordens da Presid\u00eancia, atuou como delator no processo. Ele j\u00e1 cumpre pena em regime aberto e recebeu a menor condena\u00e7\u00e3o entre os envolvidos: 2 anos. Na decis\u00e3o desta ter\u00e7a-feira (25), o ministro destacou que a defesa do ex-presidente n\u00e3o apresentou novos embargos de declara\u00e7\u00e3o dentro do prazo estabelecido.<\/p>\n\n\n\n<p>O prazo para a apresenta\u00e7\u00e3o do segundo tipo de recurso \u2014 os embargos infringentes \u2014 se encerraria apenas na pr\u00f3xima quarta-feira (3). Por\u00e9m, de acordo com o entendimento do STF, esse recurso s\u00f3 \u00e9 v\u00e1lido quando o r\u00e9u recebe ao menos dois votos pela absolvi\u00e7\u00e3o. Como apenas o ministro Luiz Fux se posicionou nesse sentido, essa possibilidade n\u00e3o se aplica ao ex-presidente.<\/p>\n\n\n\n<p><\/p>\n","protected":false},"excerpt":{"rendered":"<p>O ministro Alexandre de Moraes, do Supremo Tribunal Federal (STF), determinou na \u00faltima ter\u00e7a-feira (25) o in\u00edcio do cumprimento da pena do ex-presidente Jair Bolsonaro, condenado a 27 anos e tr\u00eas meses de pris\u00e3o pela participa\u00e7\u00e3o na trama golpista. Conforme a decis\u00e3o, Bolsonaro dever\u00e1 seguir detido na Superintend\u00eancia da Pol\u00edcia Federal em Bras\u00edlia. O ex-presidente [&hellip;]<\/p>\n","protected":false},"author":4,"featured_media":10149,"comment_status":"open","ping_status":"open","sticky":false,"template":"","format":"standard","meta":{"jnews-multi-image_gallery":[],"jnews_single_post":{"format":"standard"},"jnews_primary_category":[],"jnews_social_meta":[],"jnews_post_split":[],"footnotes":""},"categories":[1],"tags":[],"class_list":["post-10147","post","type-post","status-publish","format-standard","has-post-thumbnail","hentry","category-uncategorized"],"_links":{"self":[{"href":"https:\/\/diariodepernambuco.audiencelabs.com.br\/wp-json\/wp\/v2\/posts\/10147","targetHints":{"allow":["GET"]}}],"collection":[{"href":"https:\/\/diariodepernambuco.audiencelabs.com.br\/wp-json\/wp\/v2\/posts"}],"about":[{"href":"https:\/\/diariodepernambuco.audiencelabs.com.br\/wp-json\/wp\/v2\/types\/post"}],"author":[{"embeddable":true,"href":"https:\/\/diariodepernambuco.audiencelabs.com.br\/wp-json\/wp\/v2\/users\/4"}],"replies":[{"embeddable":true,"href":"https:\/\/diariodepernambuco.audiencelabs.com.br\/wp-json\/wp\/v2\/comments?post=10147"}],"version-history":[{"count":2,"href":"https:\/\/diariodepernambuco.audiencelabs.com.br\/wp-json\/wp\/v2\/posts\/10147\/revisions"}],"predecessor-version":[{"id":10150,"href":"https:\/\/diariodepernambuco.audiencelabs.com.br\/wp-json\/wp\/v2\/posts\/10147\/revisions\/10150"}],"wp:featuredmedia":[{"embeddable":true,"href":"https:\/\/diariodepernambuco.audiencelabs.com.br\/wp-json\/wp\/v2\/media\/10149"}],"wp:attachment":[{"href":"https:\/\/diariodepernambuco.audiencelabs.com.br\/wp-json\/wp\/v2\/media?parent=10147"}],"wp:term":[{"taxonomy":"category","embeddable":true,"href":"https:\/\/diariodepernambuco.audiencelabs.com.br\/wp-json\/wp\/v2\/categories?post=10147"},{"taxonomy":"post_tag","embeddable":true,"href":"https:\/\/diariodepernambuco.audiencelabs.com.br\/wp-json\/wp\/v2\/tags?post=10147"}],"curies":[{"name":"wp","href":"https:\/\/api.w.org\/{rel}","templated":true}]}}