{"id":10217,"date":"2025-11-27T15:30:00","date_gmt":"2025-11-27T18:30:00","guid":{"rendered":"https:\/\/diariodepernambuco.audiencelabs.com.br\/?p=10217"},"modified":"2025-11-26T14:05:21","modified_gmt":"2025-11-26T17:05:21","slug":"fim-de-mais-de-300-agencias-do-bradesco-foi-decretado-e-clientes-estao-aflitos","status":"publish","type":"post","link":"https:\/\/diariodepernambuco.audiencelabs.com.br\/fim-de-mais-de-300-agencias-do-bradesco-foi-decretado-e-clientes-estao-aflitos\/","title":{"rendered":"Fim de mais de 300 ag\u00eancias do Bradesco foi decretado e clientes est\u00e3o aflitos"},"content":{"rendered":"\n<p>O an\u00fancio recente sobre o fechamento de mais de 300 ag\u00eancias do Bradesco acendeu um sinal de alerta entre milh\u00f5es de correntistas em todo o pa\u00eds. A medida, que faz parte de uma reestrutura\u00e7\u00e3o interna do banco, gerou apreens\u00e3o principalmente entre clientes que dependem do atendimento presencial para resolver quest\u00f5es financeiras.<\/p>\n\n\n\n<p>Segundo informa\u00e7\u00f5es do portal Sindic\u00e1rio Net, entre julho de 2024 e junho de 2025 o Bradesco encerrou as atividades de 342 ag\u00eancias f\u00edsicas. No mesmo per\u00edodo, tamb\u00e9m foram desativados 1.002 postos de atendimento e 127 unidades de neg\u00f3cio. Conforme dados do Dieese, esses n\u00fameros correspondem a 38% de todas as ag\u00eancias banc\u00e1rias fechadas no pa\u00eds durante esse intervalo.<\/p>\n\n\n\n<p>Em novembro, o Sindicato dos Banc\u00e1rios de Campo Grande (MS), acompanhado por funcion\u00e1rios, realizou um protesto contra o fechamento das ag\u00eancias. A manifesta\u00e7\u00e3o ocorreu no dia 19, v\u00e9spera de feriado, na unidade situada no cruzamento das avenidas Afonso Pena e Cal\u00f3geras.<\/p>\n\n\n\n<p>O movimento ganhou for\u00e7a especialmente porque, mesmo com os fechamentos, o Bradesco continua divulgando lucros bilion\u00e1rios. Segundo a presidente do sindicato, Neide Rodrigues, enquanto os clientes est\u00e3o sendo redirecionados para outras ag\u00eancias, o mesmo n\u00e3o tem ocorrido com os trabalhadores, que acabam arcando com as consequ\u00eancias das mudan\u00e7as.<\/p>\n\n\n\n<h2 class=\"wp-block-heading\">Impacto direto no atendimento e aumento da sobrecarga <\/h2>\n\n\n\n<p>Com o fechamento de tantas unidades, muitos clientes relatam dificuldades para conseguir atendimento presencial, especialmente em regi\u00f5es onde o banco reduziu drasticamente sua estrutura f\u00edsica. Filas maiores, demora nos servi\u00e7os e deslocamentos mais longos passaram a fazer parte da rotina de quem ainda depende do contato direto com os funcion\u00e1rios.<\/p>\n\n\n\n<p>Para idosos, pessoas com defici\u00eancia e moradores de \u00e1reas rurais, a mudan\u00e7a tem sido ainda mais desafiadora, j\u00e1 que nem todos conseguem utilizar o aplicativo ou realizar opera\u00e7\u00f5es digitais. Al\u00e9m disso, o enxugamento da rede gerou uma sobrecarga not\u00e1vel nas ag\u00eancias que permaneceram abertas.<\/p>\n","protected":false},"excerpt":{"rendered":"<p>O an\u00fancio recente sobre o fechamento de mais de 300 ag\u00eancias do Bradesco acendeu um sinal de alerta entre milh\u00f5es de correntistas em todo o pa\u00eds. A medida, que faz parte de uma reestrutura\u00e7\u00e3o interna do banco, gerou apreens\u00e3o principalmente entre clientes que dependem do atendimento presencial para resolver quest\u00f5es financeiras. Segundo informa\u00e7\u00f5es do portal [&hellip;]<\/p>\n","protected":false},"author":4,"featured_media":1795,"comment_status":"open","ping_status":"open","sticky":false,"template":"","format":"standard","meta":{"jnews-multi-image_gallery":[],"jnews_single_post":{"format":"standard"},"jnews_primary_category":[],"jnews_social_meta":[],"jnews_post_split":[],"footnotes":""},"categories":[1],"tags":[],"class_list":["post-10217","post","type-post","status-publish","format-standard","has-post-thumbnail","hentry","category-uncategorized"],"_links":{"self":[{"href":"https:\/\/diariodepernambuco.audiencelabs.com.br\/wp-json\/wp\/v2\/posts\/10217","targetHints":{"allow":["GET"]}}],"collection":[{"href":"https:\/\/diariodepernambuco.audiencelabs.com.br\/wp-json\/wp\/v2\/posts"}],"about":[{"href":"https:\/\/diariodepernambuco.audiencelabs.com.br\/wp-json\/wp\/v2\/types\/post"}],"author":[{"embeddable":true,"href":"https:\/\/diariodepernambuco.audiencelabs.com.br\/wp-json\/wp\/v2\/users\/4"}],"replies":[{"embeddable":true,"href":"https:\/\/diariodepernambuco.audiencelabs.com.br\/wp-json\/wp\/v2\/comments?post=10217"}],"version-history":[{"count":2,"href":"https:\/\/diariodepernambuco.audiencelabs.com.br\/wp-json\/wp\/v2\/posts\/10217\/revisions"}],"predecessor-version":[{"id":10219,"href":"https:\/\/diariodepernambuco.audiencelabs.com.br\/wp-json\/wp\/v2\/posts\/10217\/revisions\/10219"}],"wp:featuredmedia":[{"embeddable":true,"href":"https:\/\/diariodepernambuco.audiencelabs.com.br\/wp-json\/wp\/v2\/media\/1795"}],"wp:attachment":[{"href":"https:\/\/diariodepernambuco.audiencelabs.com.br\/wp-json\/wp\/v2\/media?parent=10217"}],"wp:term":[{"taxonomy":"category","embeddable":true,"href":"https:\/\/diariodepernambuco.audiencelabs.com.br\/wp-json\/wp\/v2\/categories?post=10217"},{"taxonomy":"post_tag","embeddable":true,"href":"https:\/\/diariodepernambuco.audiencelabs.com.br\/wp-json\/wp\/v2\/tags?post=10217"}],"curies":[{"name":"wp","href":"https:\/\/api.w.org\/{rel}","templated":true}]}}