{"id":10233,"date":"2025-11-27T17:30:00","date_gmt":"2025-11-27T20:30:00","guid":{"rendered":"https:\/\/diariodepernambuco.audiencelabs.com.br\/?p=10233"},"modified":"2025-11-26T15:10:25","modified_gmt":"2025-11-26T18:10:25","slug":"vidente-surpreende-a-todos-e-faz-previsao-assustadora-sobre-bolsonaro","status":"publish","type":"post","link":"https:\/\/diariodepernambuco.audiencelabs.com.br\/vidente-surpreende-a-todos-e-faz-previsao-assustadora-sobre-bolsonaro\/","title":{"rendered":"Vidente surpreende a todos e faz previs\u00e3o assustadora sobre Bolsonaro"},"content":{"rendered":"\n<p>N\u00e3o h\u00e1 como negar: o grande nome no notici\u00e1rio brasileiro nos \u00faltimos dias atende por Jair Messias Bolsonaro. Depois de tentar violar sua tornozeleira eletr\u00f4nica e ser encaminhado para a Superintend\u00eancia da Pol\u00edcia Federal em Bras\u00edlia, o ex-presidente teve decretado o in\u00edcio do cumprimento da pena no caso da trama golpista.<\/p>\n\n\n\n<p>Na ter\u00e7a-feira (25), o ministro Alexandre de Moraes, do Supremo Tribunal Federal (STF), determinou que Bolsonaro dever\u00e1 permanecer na Superintend\u00eancia da PF para cumprir a pena de 27 anos e tr\u00eas meses de pris\u00e3o. Mas, segundo a vidente Chaline Grazik, as m\u00e1s not\u00edcias para o cl\u00e3 dos Bolsonaros n\u00e3o termina por a\u00ed.<\/p>\n\n\n\n<p>Em entrevista ao Chupim, da Metropolitana, Chaline fez uma previs\u00e3o preocupante em torno do ex-presidente: &#8220;Movimenta\u00e7\u00e3o. Por esses dias vindo uma not\u00edcia. Uma decis\u00e3o trazendo sofrimento. M\u00e9dicos indo na casa dele. Exames. Trai\u00e7\u00e3o vindo por parte de uma mulher sendo exposta. Dinheiro envolvido de certa forma para prejudic\u00e1-lo. Um rolo que s\u00f3 por Deus&#8221;.<\/p>\n\n\n\n<p>A vidente ainda complementou afirmando que Bolsonaro &#8220;n\u00e3o est\u00e1 bem&#8221; e que foi v\u00edtima de &#8220;uma magia das brabas&#8221;: &#8220;Nossa, ele n\u00e3o t\u00e1 bem, gente, esse homem n\u00e3o t\u00e1 nem. Ele t\u00e1 todo enrolado. Tem gente assim mexendo com energia. N\u00e3o tem ponta que ele pegue que t\u00e1 se encaixando sabe. Fizeram magia das brabas. Entregaram literalmente a alma dele&#8221;.<\/p>\n\n\n\n<h2 class=\"wp-block-heading\">Quem foi condenado junto \u00e0 Jair Bolsonaro?<\/h2>\n\n\n\n<ul class=\"wp-block-list\">\n<li>Alexandre Ramagem, ex-diretor da Ag\u00eancia Brasileira de Intelig\u00eancia (Abin), que est\u00e1 nos Estados Unidos;<\/li>\n\n\n\n<li>Almir Garnier, ex-comandante da Marinha;<\/li>\n\n\n\n<li>Anderson Torres, ex-ministro da Justi\u00e7a;<\/li>\n\n\n\n<li>Augusto Heleno, general da reserva e ex-ministro do Gabinete de Seguran\u00e7a Institucional (GSI), que foi preso em Bras\u00edlia;<\/li>\n\n\n\n<li>Paulo S\u00e9rgio Nogueira, general da reserva e ex-ministro da Defesa, que foi preso em Bras\u00edlia;<\/li>\n\n\n\n<li>Walter Braga Netto, general da reserva e ex-ministro da Casa Civil, que est\u00e1 preso no Rio de Janeiro.<\/li>\n<\/ul>\n","protected":false},"excerpt":{"rendered":"<p>N\u00e3o h\u00e1 como negar: o grande nome no notici\u00e1rio brasileiro nos \u00faltimos dias atende por Jair Messias Bolsonaro. Depois de tentar violar sua tornozeleira eletr\u00f4nica e ser encaminhado para a Superintend\u00eancia da Pol\u00edcia Federal em Bras\u00edlia, o ex-presidente teve decretado o in\u00edcio do cumprimento da pena no caso da trama golpista. Na ter\u00e7a-feira (25), o [&hellip;]<\/p>\n","protected":false},"author":4,"featured_media":3281,"comment_status":"open","ping_status":"open","sticky":false,"template":"","format":"standard","meta":{"jnews-multi-image_gallery":[],"jnews_single_post":{"format":"standard"},"jnews_primary_category":[],"jnews_social_meta":[],"jnews_post_split":[],"footnotes":""},"categories":[1],"tags":[],"class_list":["post-10233","post","type-post","status-publish","format-standard","has-post-thumbnail","hentry","category-uncategorized"],"_links":{"self":[{"href":"https:\/\/diariodepernambuco.audiencelabs.com.br\/wp-json\/wp\/v2\/posts\/10233","targetHints":{"allow":["GET"]}}],"collection":[{"href":"https:\/\/diariodepernambuco.audiencelabs.com.br\/wp-json\/wp\/v2\/posts"}],"about":[{"href":"https:\/\/diariodepernambuco.audiencelabs.com.br\/wp-json\/wp\/v2\/types\/post"}],"author":[{"embeddable":true,"href":"https:\/\/diariodepernambuco.audiencelabs.com.br\/wp-json\/wp\/v2\/users\/4"}],"replies":[{"embeddable":true,"href":"https:\/\/diariodepernambuco.audiencelabs.com.br\/wp-json\/wp\/v2\/comments?post=10233"}],"version-history":[{"count":2,"href":"https:\/\/diariodepernambuco.audiencelabs.com.br\/wp-json\/wp\/v2\/posts\/10233\/revisions"}],"predecessor-version":[{"id":10235,"href":"https:\/\/diariodepernambuco.audiencelabs.com.br\/wp-json\/wp\/v2\/posts\/10233\/revisions\/10235"}],"wp:featuredmedia":[{"embeddable":true,"href":"https:\/\/diariodepernambuco.audiencelabs.com.br\/wp-json\/wp\/v2\/media\/3281"}],"wp:attachment":[{"href":"https:\/\/diariodepernambuco.audiencelabs.com.br\/wp-json\/wp\/v2\/media?parent=10233"}],"wp:term":[{"taxonomy":"category","embeddable":true,"href":"https:\/\/diariodepernambuco.audiencelabs.com.br\/wp-json\/wp\/v2\/categories?post=10233"},{"taxonomy":"post_tag","embeddable":true,"href":"https:\/\/diariodepernambuco.audiencelabs.com.br\/wp-json\/wp\/v2\/tags?post=10233"}],"curies":[{"name":"wp","href":"https:\/\/api.w.org\/{rel}","templated":true}]}}