{"id":10294,"date":"2025-11-27T09:52:20","date_gmt":"2025-11-27T12:52:20","guid":{"rendered":"https:\/\/diariodepernambuco.audiencelabs.com.br\/?p=10294"},"modified":"2025-11-27T12:49:30","modified_gmt":"2025-11-27T15:49:30","slug":"lei-aprovada-em-vigor-diminui-carga-horaria-dos-trabalhadores-para-24-horas-semanais","status":"publish","type":"post","link":"https:\/\/diariodepernambuco.audiencelabs.com.br\/lei-aprovada-em-vigor-diminui-carga-horaria-dos-trabalhadores-para-24-horas-semanais\/","title":{"rendered":"Lei em vigor diminui carga hor\u00e1ria dos trabalhadores para 24 horas semanais"},"content":{"rendered":"\n<p>Milhares de trabalhadores brasileiros que atuam na \u00e1rea da sa\u00fade, principalmente em radiologia, t\u00eam direito a uma jornada reduzida de apenas quatro horas di\u00e1rias. A medida \u00e9 prevista pela Lei n\u00ba 7.394\/85, que regulamenta as profiss\u00f5es de t\u00e9cnico e tecn\u00f3logo em radiologia, incluindo a carga hor\u00e1ria.<\/p>\n\n\n\n<p>Segundo a legisla\u00e7\u00e3o, esses profissionais podem cumprir no m\u00e1ximo 24 horas semanais, o que equivale a cerca de quatro horas por dia. Essa redu\u00e7\u00e3o tem como objetivo preservar a sa\u00fade do trabalhador, considerando que a rotina com equipamentos emissores de radia\u00e7\u00e3o exige cuidados especiais.<\/p>\n\n\n\n<p>Ao contr\u00e1rio de outras profiss\u00f5es, os trabalhadores de radiologia est\u00e3o diariamente expostos a riscos \u00e0 sa\u00fade decorrentes da radia\u00e7\u00e3o ionizante. Mesmo com o uso de equipamentos de prote\u00e7\u00e3o, a exposi\u00e7\u00e3o cont\u00ednua a esses raios pode trazer diversos problemas ao longo do tempo.<\/p>\n\n\n\n<h2 class=\"wp-block-heading\">Carga hor\u00e1ria reduzida <\/h2>\n\n\n\n<p>Entre os riscos mais comuns est\u00e3o doen\u00e7as de pele, queda da imunidade, altera\u00e7\u00f5es gen\u00e9ticas e, em situa\u00e7\u00f5es mais graves, o surgimento de c\u00e2ncer. Por isso, o limite de horas de trabalho foi estabelecido como medida de preven\u00e7\u00e3o e seguran\u00e7a ocupacional. A legisla\u00e7\u00e3o segue orienta\u00e7\u00f5es de \u00f3rg\u00e3os internacionais de sa\u00fade e seguran\u00e7a, que destacam os efeitos cumulativos da radia\u00e7\u00e3o no corpo humano.<\/p>\n\n\n\n<p>Quanto maior a exposi\u00e7\u00e3o, maior o risco de danos irrevers\u00edveis \u00e0s c\u00e9lulas. A jornada semanal de 24 horas pode ser estruturada de maneiras diversas, dependendo do tipo de servi\u00e7o e do contrato de trabalho. Em certas situa\u00e7\u00f5es, o profissional cumpre plant\u00f5es de quatro horas di\u00e1rias, de segunda a s\u00e1bado.<\/p>\n\n\n\n<h2 class=\"wp-block-heading\">Prote\u00e7\u00e3o \u00e0 sa\u00fade e flexibilidade na jornada<\/h2>\n\n\n\n<p>A redu\u00e7\u00e3o da carga hor\u00e1ria para 24 horas semanais n\u00e3o apenas garante a prote\u00e7\u00e3o \u00e0 sa\u00fade dos profissionais de radiologia, mas tamb\u00e9m permite maior qualidade de vida e bem-estar no dia a dia. Com a rotina mais equilibrada, os trabalhadores t\u00eam a oportunidade de se recuperar fisicamente e reduzir os efeitos cumulativos da exposi\u00e7\u00e3o \u00e0 radia\u00e7\u00e3o.<\/p>\n\n\n\n<p>Al\u00e9m disso, a lei oferece flexibilidade na organiza\u00e7\u00e3o da jornada, que pode variar conforme o tipo de servi\u00e7o e o contrato de trabalho. Em alguns casos, os profissionais cumprem plant\u00f5es de quatro horas di\u00e1rias de segunda a s\u00e1bado, mantendo a seguran\u00e7a ocupacional sem comprometer a opera\u00e7\u00e3o dos servi\u00e7os de sa\u00fade.<\/p>\n\n\n\n<p><\/p>\n","protected":false},"excerpt":{"rendered":"<p>Milhares de trabalhadores brasileiros que atuam na \u00e1rea da sa\u00fade, principalmente em radiologia, t\u00eam direito a uma jornada reduzida de apenas quatro horas di\u00e1rias. A medida \u00e9 prevista pela Lei n\u00ba 7.394\/85, que regulamenta as profiss\u00f5es de t\u00e9cnico e tecn\u00f3logo em radiologia, incluindo a carga hor\u00e1ria. Segundo a legisla\u00e7\u00e3o, esses profissionais podem cumprir no m\u00e1ximo [&hellip;]<\/p>\n","protected":false},"author":4,"featured_media":10297,"comment_status":"open","ping_status":"open","sticky":false,"template":"","format":"standard","meta":{"jnews-multi-image_gallery":[],"jnews_single_post":{"format":"standard"},"jnews_primary_category":[],"jnews_social_meta":[],"jnews_post_split":[],"footnotes":""},"categories":[1],"tags":[],"class_list":["post-10294","post","type-post","status-publish","format-standard","has-post-thumbnail","hentry","category-uncategorized"],"_links":{"self":[{"href":"https:\/\/diariodepernambuco.audiencelabs.com.br\/wp-json\/wp\/v2\/posts\/10294","targetHints":{"allow":["GET"]}}],"collection":[{"href":"https:\/\/diariodepernambuco.audiencelabs.com.br\/wp-json\/wp\/v2\/posts"}],"about":[{"href":"https:\/\/diariodepernambuco.audiencelabs.com.br\/wp-json\/wp\/v2\/types\/post"}],"author":[{"embeddable":true,"href":"https:\/\/diariodepernambuco.audiencelabs.com.br\/wp-json\/wp\/v2\/users\/4"}],"replies":[{"embeddable":true,"href":"https:\/\/diariodepernambuco.audiencelabs.com.br\/wp-json\/wp\/v2\/comments?post=10294"}],"version-history":[{"count":4,"href":"https:\/\/diariodepernambuco.audiencelabs.com.br\/wp-json\/wp\/v2\/posts\/10294\/revisions"}],"predecessor-version":[{"id":11585,"href":"https:\/\/diariodepernambuco.audiencelabs.com.br\/wp-json\/wp\/v2\/posts\/10294\/revisions\/11585"}],"wp:featuredmedia":[{"embeddable":true,"href":"https:\/\/diariodepernambuco.audiencelabs.com.br\/wp-json\/wp\/v2\/media\/10297"}],"wp:attachment":[{"href":"https:\/\/diariodepernambuco.audiencelabs.com.br\/wp-json\/wp\/v2\/media?parent=10294"}],"wp:term":[{"taxonomy":"category","embeddable":true,"href":"https:\/\/diariodepernambuco.audiencelabs.com.br\/wp-json\/wp\/v2\/categories?post=10294"},{"taxonomy":"post_tag","embeddable":true,"href":"https:\/\/diariodepernambuco.audiencelabs.com.br\/wp-json\/wp\/v2\/tags?post=10294"}],"curies":[{"name":"wp","href":"https:\/\/api.w.org\/{rel}","templated":true}]}}