{"id":10328,"date":"2025-11-28T14:00:00","date_gmt":"2025-11-28T17:00:00","guid":{"rendered":"https:\/\/diariodepernambuco.audiencelabs.com.br\/?p=10328"},"modified":"2025-11-28T14:55:05","modified_gmt":"2025-11-28T17:55:05","slug":"feirao-que-esta-ativo-ajuda-brasileiros-a-tirarem-o-pe-do-barro-e-acabarem-com-dividas","status":"publish","type":"post","link":"https:\/\/diariodepernambuco.audiencelabs.com.br\/feirao-que-esta-ativo-ajuda-brasileiros-a-tirarem-o-pe-do-barro-e-acabarem-com-dividas\/","title":{"rendered":"Feir\u00e3o que est\u00e1 ativo ajuda brasileiros a tirarem o p\u00e9 do barro e acabarem com d\u00edvidas"},"content":{"rendered":"\n<p>Encerram-se nesta semana o Feir\u00e3o Limpa Nome do Serasa e o Mutir\u00e3o Nacional de Negocia\u00e7\u00e3o e Orienta\u00e7\u00e3o Financeira, promovido pela Febraban (Federa\u00e7\u00e3o Brasileira de Bancos). As duas iniciativas oferecem uma oportunidade para que pessoas com d\u00edvidas renegociem seus d\u00e9bitos com condi\u00e7\u00f5es facilitadas, permitindo come\u00e7ar o pr\u00f3ximo ano com as finan\u00e7as em dia.<\/p>\n\n\n\n<p>O Mutir\u00e3o Nacional de Negocia\u00e7\u00e3o e Orienta\u00e7\u00e3o Financeira, realizado de forma online at\u00e9 domingo, 30, concentra-se na renegocia\u00e7\u00e3o de d\u00edvidas banc\u00e1rias, incluindo atrasos em cart\u00e3o de cr\u00e9dito, cheque especial, cr\u00e9dito consignado e outras modalidades contra\u00eddas junto a bancos e institui\u00e7\u00f5es financeiras.<\/p>\n\n\n\n<p>De acordo com a Febraban, \u201cos bancos participantes oferecem parcelamento, descontos no valor da d\u00edvida ou taxas de juros reduzidas para refinanciamento\u201d. Na \u00faltima edi\u00e7\u00e3o do Mutir\u00e3o, realizada em mar\u00e7o de 2025, mais de 1,4 milh\u00e3o de contratos foram renegociados.<\/p>\n\n\n\n<p>Para participar, basta entrar em contato com a institui\u00e7\u00e3o financeira em que voc\u00ea possui d\u00edvidas e informar o interesse em renegociar os d\u00e9bitos por meio do mutir\u00e3o. Algumas institui\u00e7\u00f5es disponibilizaram canais espec\u00edficos para esse fim \u2014 confira a lista neste <a href=\"https:\/\/meubolsoemdia.com.br\/Materias\/mutirao-da-negociacao\" data-type=\"link\" data-id=\"https:\/\/meubolsoemdia.com.br\/Materias\/mutirao-da-negociacao\" target=\"_blank\" rel=\"noopener\">link<\/a>. Mesmo que seu banco ou financeira n\u00e3o esteja na lista, \u00e9 recomend\u00e1vel procurar os canais oficiais para verificar a possibilidade de negocia\u00e7\u00e3o.<\/p>\n\n\n\n<h2 class=\"wp-block-heading\">E quanto \u00e0s d\u00edvidas n\u00e3o banc\u00e1rias?<\/h2>\n\n\n<style>@media (min-width: 992px) {\n    .recomendadorV2Area1 {\n        width: 280px;\n    }\n    .recomendadorV2Area2 {\n        padding: 0px 20px;\n        width: calc(100% - 280px);\n    }\n}\n\n@media (max-width: 992px) {\n    .recomendadorV2Button {\n        margin: 0 auto;\n    }\n    .recomendadorV2Area {\n        flex-direction: column;\n        text-align: center;\n    }\n    .recomendadorV2Area2 {\n        padding: 0px 20px;\n    }\n}\n\n.recomendadorV2Area {\n    background: #eeeeee3d;\n    border-radius: 10px;\n    padding: 15px;\n    display: flex;\n    margin: 15px auto;\n    border: 1px solid #00000014;\n    max-width: 800px;\n}\n\n.recomendadorV2Area1 img {\n    width: 280px;\n    height: auto;\n    border-radius: 8px;\n}\n\n.linkrecomendadorv2 {\n    text-decoration: none !important;\n}\n\n.recomendadorV2Area2 .recomendadorV2Type {\n    text-transform: uppercase;\n    font-weight: 500;\n    font-size: 11px;\n    letter-spacing: 2px;\n    color: #666;\n    margin: 12px 0;\n    display: block;\n}\n\n.recomendadorV2Title h2 {\n    padding-top: 0px !important;\n    margin: 0px !important;\n    border-left: none !important;\n    padding-left: 0px !important;\n    line-height: 1.3;\n    color: #000 !important;\n    font-size: 24px;\n    margin-bottom: 12px !important;\n}\n\n.recomendadorV2Desc {\n    color: #333;\n    margin: 12px 0px !important;\n    font-size: 15px;\n    line-height: 1.5;\n}\n\n.recomendadorV2Button {\n    width: auto;\n    max-width: 200px;\n    margin: 0;\n    display: inline-flex;\n    align-items: center;\n    background: #1D3557;\n    border-radius: 8px;\n    color: #fff;\n    height: 36px;\n    justify-content: center;\n    text-align: center;\n    font-size: 14px;\n    padding: 0 20px;\n    transition: background-color 0.2s ease;\n}\n\n.recomendadorV2Button:hover {\n    background: #2a4d7a;\n}\n\n.recomendadorV2Button:after {\n    margin-top: -2px;\n    content: \"\u2192\";\n    padding: 0px 0px 0px 8px;\n}\n\n.recomendadorV2Alert {\n    text-align: left;\n    font-size: 11px;\n    margin-top: 8px;\n    color: #666;\n}\n\n.recomendadorFixedArea {\n    width: 100%;\n    display: flex;\n    justify-content: center;\n    align-items: center;\n}\n\n@media (min-width: 992px) {\n    #recomendadorFixed {\n        width: 32% !important;\n        left: 5%;\n    }\n    .recomendadorCloseFixed{\n        right: inherit !important;\n        left: 378px !important;\n    }\n}\n\n#recomendadorFixed {\n    width: 90%;\n    box-shadow: 0 10px 20px 0px #00000057;\n    display: none;\n    height: 90px;\n    background: #F6F6F6;\n    position: fixed;\n    flex-direction: row;\n    bottom: 10px;\n    z-index: 9999;\n    border-radius: 16px;\n    padding: 7px 10px;\n}\n\n.recomendadorLeftArea {\n    width: 160px;\n}\n\n.recomendadorRightArea h2 {\n    padding-top: 0px;\n    margin: 2px 0px 4px 0px !important;\n    font-weight: 400;\n    text-align: center;\n    padding-left: 0px !important;\n    color: #000 !important;\n    border-left: none !important;\n    line-height: 20px;\n    font-size: 12px !important;\n}\n\n.recomendadorImgFixed {\n    overflow: hidden;\n    padding: 8px 6px;\n    height: 100%;\n}\n\n.recomendadorImgFixed img {\n    height: 100% !important;\n    border-radius: 16px;\n}\n\n.recomendadorRightArea {\n    padding-top: 6px;\n    display: flex;\n    width: calc(100% - 130px);\n    justify-content: space-between;\n    align-items: center;\n    flex-direction: column;\n}\n\n.recomendadorButtonFixed {\n    margin: 0 auto;\n    background: #1D3557;\n    width: 80%;\n    text-align: center;\n    font-size: 10px;\n    color: #FFF;\n    padding: 2px 10px;\n    border-radius: 3px;\n}\n\n.recomendadorButtonFixed:after {\n    margin-top: -3px;\n    content: \"\u2192\";\n    padding: 0px 0px 0px 10px;\n}\n\n.recomendadorAlertFixed {\n    font-weight: 400;\n    text-align: center;\n    color: #484848;\n    font-size: 8px;\n}\n\n.recomendadorCloseFixed {\n    z-index: 99999;\n    display: none;\n    right: 0px;\n    left: inherit;\n    bottom: 99px;\n    position: fixed;\n    justify-content: center;\n    background: #F6F6F6;\n    width: 25px;\n    align-items: center;\n    height: 25px;\n    font-weight: 800;\n    border-radius: 50%;\n    border: 1px solid #EBEBEB;\n}\n\n.recomendadorV2Desc{\n    color: #000000;\n    margin: 20px 0px;\n}\n\n@media (max-width: 576px) {\n    .recomendadorV2Area {\n      padding: 10px;\n      max-width: 100%;\n    }\n  \n    .recomendadorV2Area1 img {\n      width: 100%;\n      border-radius: 6px;\n    }\n  \n    .recomendadorV2Area2 .recomendadorV2Type {\n      font-size: 9px;\n      letter-spacing: 1px;\n      margin: 8px 0;\n    }\n  \n    .recomendadorV2Title h2 {\n      font-size: 18px !important;\n      margin-bottom: 8px !important;\n      line-height: 1.2;\n    }\n  \n    .recomendadorV2Desc {\n      font-size: 14px;\n      margin: 8px 0 !important;\n      line-height: 1.4;\n    }\n  \n    .recomendadorV2Button {\n      font-size: 12px;\n      height: 30px;\n      padding: 0 12px;\n      max-width: 160px;\n    }\n  \n    .recomendadorV2Button:after {\n      padding-left: 6px;\n    }\n  }\n  <\/style>\n        <div class=\"lazyblock-recomendador-v2-2jDGz wp-block-lazyblock-recomendador-v2\">\n        <a class=\"linkrecomendadorv2\" href=\"https:\/\/diariodepernambuco.com.br\/dpmais\/comunicado-urgente-do-governo-alerta-quem-precisa-tirar-nova-carteira-de-identidade\/?utm_source=lazy\" target=\"_blank\" rel=\"noopener\">\n            <div class=\"recomendadorV2Area\">\n            <div class=\"recomendadorV2Area1\">\n                <div class=\"recomendadorV2Img\">\n                <img class=\"lazyloaded\" decoding=\"async\" src=\"https:\/\/diariodepernambuco.com.br\/dpmais\/wp-content\/uploads\/2025\/08\/Nova-Carteira-de-Identidade-Nacional-750x375.jpg\" data-src=\"https:\/\/diariodepernambuco.com.br\/dpmais\/wp-content\/uploads\/2025\/08\/Nova-Carteira-de-Identidade-Nacional-750x375.jpg\" alt=\"\">\n                <\/div>\n            <\/div>\n            <div class=\"recomendadorV2Area2\">\n                <div class=\"recomendadorV2Type\">\n                    <span>Documento novo<\/span>\n                <\/div>\n                <div class=\"recomendadorV2Title\">\n                <h2><span>Alerta urgente \ud83e\udeaa<\/span><\/h2>\n                <\/div>\n                <div class=\"recomendadorV2Desc\">\n                <span>Governo informa quem precisa emitir nova identidade<\/span>\n                <\/div>\n                <div class=\"recomendadorV2Button\">Veja se \u00e9 voc\u00ea<\/div>\n                <div class=\"recomendadorV2Alert\"><\/div>\n            <\/div>\n            <\/div>\n        <\/a>\n        <div>\n            <div style=\"z-index:99999;\" id=\"buttonClose\" onclick=\"closeRecomendadorFixed()\">\n            <div class=\"recomendadorCloseFixed\">X<\/div>\n            <\/div>\n            <a href=\"https:\/\/diariodepernambuco.com.br\/dpmais\/comunicado-urgente-do-governo-alerta-quem-precisa-tirar-nova-carteira-de-identidade\/?utm_source=lazy\" target=\"_blank\" rel=\"noopener\">\n            <div class=\"recomendadorFixedArea\">\n                <div id=\"recomendadorFixed\">\n                <div class=\"recomendadorLeftArea\">\n                    <div class=\"recomendadorImgFixed\">\n                    <img class=\"lazyload\" decoding=\"async\" src=\"https:\/\/diariodepernambuco.com.br\/dpmais\/wp-content\/uploads\/2025\/08\/Nova-Carteira-de-Identidade-Nacional-750x375.jpg\" alt=\"\">\n                    <\/div>\n                <\/div>\n                <div class=\"recomendadorRightArea\">\n                    <div class=\"recomendadorTitleFixed\">\n                    <h2><span>Alerta urgente \ud83e\udeaa<\/span><\/h2>\n                    <\/div>\n                    <div class=\"recomendadorButtonFixed\">Veja se \u00e9 voc\u00ea<\/div>\n                    <div class=\"recomendadorAlertFixed\"><\/div>\n                <\/div>\n                <\/div>\n            <\/div>\n            <\/a>\n        <\/div>\n        <\/div>\n\n\n\n<p>Para quem possui d\u00e9bitos com empresas n\u00e3o financeiras, o Feir\u00e3o Limpa Nome \u00e9 a oportunidade ideal. De acordo com o Serasa, est\u00e3o dispon\u00edveis para renegocia\u00e7\u00e3o 63 milh\u00f5es de d\u00edvidas, com descontos de at\u00e9 99% e parcelamentos a partir de R$ 9,90. H\u00e1 op\u00e7\u00f5es em diversos setores, como varejo, telefonia, energia el\u00e9trica e outros.<\/p>\n\n\n\n<p>Os moradores de S\u00e3o Paulo poder\u00e3o participar presencialmente do Feir\u00e3o no Vale do Anhangaba\u00fa, localizado abaixo do Viaduto do Ch\u00e1, pr\u00f3ximo ao Shopping Light. O atendimento ocorrer\u00e1 entre os dias 25 e 29 de novembro, das 9h \u00e0s 18h. Durante o evento, ser\u00e3o realizadas palestras sobre educa\u00e7\u00e3o financeira com a participa\u00e7\u00e3o de personalidades como Criolo, Gil do Vigor, Thelma Assis, Bia Souza, entre outros.<\/p>\n\n\n\n<p><\/p>\n","protected":false},"excerpt":{"rendered":"<p>Encerram-se nesta semana o Feir\u00e3o Limpa Nome do Serasa e o Mutir\u00e3o Nacional de Negocia\u00e7\u00e3o e Orienta\u00e7\u00e3o Financeira, promovido pela Febraban (Federa\u00e7\u00e3o Brasileira de Bancos). As duas iniciativas oferecem uma oportunidade para que pessoas com d\u00edvidas renegociem seus d\u00e9bitos com condi\u00e7\u00f5es facilitadas, permitindo come\u00e7ar o pr\u00f3ximo ano com as finan\u00e7as em dia. O Mutir\u00e3o Nacional [&hellip;]<\/p>\n","protected":false},"author":4,"featured_media":10330,"comment_status":"open","ping_status":"open","sticky":false,"template":"","format":"standard","meta":{"jnews-multi-image_gallery":[],"jnews_single_post":{"format":"standard"},"jnews_primary_category":[],"jnews_social_meta":[],"jnews_post_split":[],"footnotes":""},"categories":[1],"tags":[],"class_list":["post-10328","post","type-post","status-publish","format-standard","has-post-thumbnail","hentry","category-uncategorized"],"_links":{"self":[{"href":"https:\/\/diariodepernambuco.audiencelabs.com.br\/wp-json\/wp\/v2\/posts\/10328","targetHints":{"allow":["GET"]}}],"collection":[{"href":"https:\/\/diariodepernambuco.audiencelabs.com.br\/wp-json\/wp\/v2\/posts"}],"about":[{"href":"https:\/\/diariodepernambuco.audiencelabs.com.br\/wp-json\/wp\/v2\/types\/post"}],"author":[{"embeddable":true,"href":"https:\/\/diariodepernambuco.audiencelabs.com.br\/wp-json\/wp\/v2\/users\/4"}],"replies":[{"embeddable":true,"href":"https:\/\/diariodepernambuco.audiencelabs.com.br\/wp-json\/wp\/v2\/comments?post=10328"}],"version-history":[{"count":3,"href":"https:\/\/diariodepernambuco.audiencelabs.com.br\/wp-json\/wp\/v2\/posts\/10328\/revisions"}],"predecessor-version":[{"id":10436,"href":"https:\/\/diariodepernambuco.audiencelabs.com.br\/wp-json\/wp\/v2\/posts\/10328\/revisions\/10436"}],"wp:featuredmedia":[{"embeddable":true,"href":"https:\/\/diariodepernambuco.audiencelabs.com.br\/wp-json\/wp\/v2\/media\/10330"}],"wp:attachment":[{"href":"https:\/\/diariodepernambuco.audiencelabs.com.br\/wp-json\/wp\/v2\/media?parent=10328"}],"wp:term":[{"taxonomy":"category","embeddable":true,"href":"https:\/\/diariodepernambuco.audiencelabs.com.br\/wp-json\/wp\/v2\/categories?post=10328"},{"taxonomy":"post_tag","embeddable":true,"href":"https:\/\/diariodepernambuco.audiencelabs.com.br\/wp-json\/wp\/v2\/tags?post=10328"}],"curies":[{"name":"wp","href":"https:\/\/api.w.org\/{rel}","templated":true}]}}