{"id":10333,"date":"2025-11-28T15:00:00","date_gmt":"2025-11-28T18:00:00","guid":{"rendered":"https:\/\/diariodepernambuco.audiencelabs.com.br\/?p=10333"},"modified":"2025-11-28T12:54:22","modified_gmt":"2025-11-28T15:54:22","slug":"passo-a-passo-entenda-tudo-sobre-o-programa-gas-do-povo","status":"publish","type":"post","link":"https:\/\/diariodepernambuco.audiencelabs.com.br\/passo-a-passo-entenda-tudo-sobre-o-programa-gas-do-povo\/","title":{"rendered":"Passo a passo: entenda tudo sobre o programa G\u00e1s do Povo"},"content":{"rendered":"\n<p>O governo Lula iniciou na \u00faltima segunda-feira, dia 24, a opera\u00e7\u00e3o do novo programa social G\u00e1s do Povo, que ir\u00e1 oferecer recargas de g\u00e1s de cozinha para botij\u00f5es de 13 kg destinados a fam\u00edlias de baixa renda. A expectativa \u00e9 que a iniciativa beneficie aproximadamente 50 milh\u00f5es de pessoas. A execu\u00e7\u00e3o do programa ficar\u00e1 a cargo da Caixa Econ\u00f4mica Federal e do DataPrev.<\/p>\n\n\n\n<p>A primeira recarga foi liberada para cerca de 1 milh\u00e3o de pessoas em dez capitais: Salvador (BA), Fortaleza (CE), Goi\u00e2nia (GO), Belo Horizonte (MG), Bel\u00e9m (PA), Recife (PE), Teresina (PI), Natal (RN), Porto Alegre (RS) e S\u00e3o Paulo (SP).<\/p>\n\n\n\n<p>A expectativa \u00e9 que o programa alcance todos os benefici\u00e1rios at\u00e9 mar\u00e7o de 2026. Segundo o governo, o G\u00e1s do Povo deve atender um n\u00famero de pessoas tr\u00eas vezes maior que o antigo Aux\u00edlio G\u00e1s. Ter\u00e3o direito \u00e0s recargas as fam\u00edlias inscritas no Cadastro \u00danico (Cad\u00danico), com registro atualizado h\u00e1 no m\u00ednimo 24 meses, e renda per capita mensal igual ou inferior a meio sal\u00e1rio-m\u00ednimo.<\/p>\n\n\n\n<p>Todas as fam\u00edlias que recebem o Bolsa Fam\u00edlia poder\u00e3o acessar o novo benef\u00edcio do g\u00e1s, desde que n\u00e3o haja pend\u00eancias no Cad\u00danico ou irregularidades no CPF do respons\u00e1vel. A consulta pode ser feita pelo aplicativo Meu Social, pelo Portal Cidad\u00e3o da Caixa ou pelo telefone 0800 706 0207.<\/p>\n\n\n\n<h2 class=\"wp-block-heading\">Qual ser\u00e1 o valor do G\u00e1s do Povo?<\/h2>\n\n\n<style>@media (min-width: 992px) {\n    .recomendadorV2Area1 {\n        width: 280px;\n    }\n    .recomendadorV2Area2 {\n        padding: 0px 20px;\n        width: calc(100% - 280px);\n    }\n}\n\n@media (max-width: 992px) {\n    .recomendadorV2Button {\n        margin: 0 auto;\n    }\n    .recomendadorV2Area {\n        flex-direction: column;\n        text-align: center;\n    }\n    .recomendadorV2Area2 {\n        padding: 0px 20px;\n    }\n}\n\n.recomendadorV2Area {\n    background: #eeeeee3d;\n    border-radius: 10px;\n    padding: 15px;\n    display: flex;\n    margin: 15px auto;\n    border: 1px solid #00000014;\n    max-width: 800px;\n}\n\n.recomendadorV2Area1 img {\n    width: 280px;\n    height: auto;\n    border-radius: 8px;\n}\n\n.linkrecomendadorv2 {\n    text-decoration: none !important;\n}\n\n.recomendadorV2Area2 .recomendadorV2Type {\n    text-transform: uppercase;\n    font-weight: 500;\n    font-size: 11px;\n    letter-spacing: 2px;\n    color: #666;\n    margin: 12px 0;\n    display: block;\n}\n\n.recomendadorV2Title h2 {\n    padding-top: 0px !important;\n    margin: 0px !important;\n    border-left: none !important;\n    padding-left: 0px !important;\n    line-height: 1.3;\n    color: #000 !important;\n    font-size: 24px;\n    margin-bottom: 12px !important;\n}\n\n.recomendadorV2Desc {\n    color: #333;\n    margin: 12px 0px !important;\n    font-size: 15px;\n    line-height: 1.5;\n}\n\n.recomendadorV2Button {\n    width: auto;\n    max-width: 200px;\n    margin: 0;\n    display: inline-flex;\n    align-items: center;\n    background: #1D3557;\n    border-radius: 8px;\n    color: #fff;\n    height: 36px;\n    justify-content: center;\n    text-align: center;\n    font-size: 14px;\n    padding: 0 20px;\n    transition: background-color 0.2s ease;\n}\n\n.recomendadorV2Button:hover {\n    background: #2a4d7a;\n}\n\n.recomendadorV2Button:after {\n    margin-top: -2px;\n    content: \"\u2192\";\n    padding: 0px 0px 0px 8px;\n}\n\n.recomendadorV2Alert {\n    text-align: left;\n    font-size: 11px;\n    margin-top: 8px;\n    color: #666;\n}\n\n.recomendadorFixedArea {\n    width: 100%;\n    display: flex;\n    justify-content: center;\n    align-items: center;\n}\n\n@media (min-width: 992px) {\n    #recomendadorFixed {\n        width: 32% !important;\n        left: 5%;\n    }\n    .recomendadorCloseFixed{\n        right: inherit !important;\n        left: 378px !important;\n    }\n}\n\n#recomendadorFixed {\n    width: 90%;\n    box-shadow: 0 10px 20px 0px #00000057;\n    display: none;\n    height: 90px;\n    background: #F6F6F6;\n    position: fixed;\n    flex-direction: row;\n    bottom: 10px;\n    z-index: 9999;\n    border-radius: 16px;\n    padding: 7px 10px;\n}\n\n.recomendadorLeftArea {\n    width: 160px;\n}\n\n.recomendadorRightArea h2 {\n    padding-top: 0px;\n    margin: 2px 0px 4px 0px !important;\n    font-weight: 400;\n    text-align: center;\n    padding-left: 0px !important;\n    color: #000 !important;\n    border-left: none !important;\n    line-height: 20px;\n    font-size: 12px !important;\n}\n\n.recomendadorImgFixed {\n    overflow: hidden;\n    padding: 8px 6px;\n    height: 100%;\n}\n\n.recomendadorImgFixed img {\n    height: 100% !important;\n    border-radius: 16px;\n}\n\n.recomendadorRightArea {\n    padding-top: 6px;\n    display: flex;\n    width: calc(100% - 130px);\n    justify-content: space-between;\n    align-items: center;\n    flex-direction: column;\n}\n\n.recomendadorButtonFixed {\n    margin: 0 auto;\n    background: #1D3557;\n    width: 80%;\n    text-align: center;\n    font-size: 10px;\n    color: #FFF;\n    padding: 2px 10px;\n    border-radius: 3px;\n}\n\n.recomendadorButtonFixed:after {\n    margin-top: -3px;\n    content: \"\u2192\";\n    padding: 0px 0px 0px 10px;\n}\n\n.recomendadorAlertFixed {\n    font-weight: 400;\n    text-align: center;\n    color: #484848;\n    font-size: 8px;\n}\n\n.recomendadorCloseFixed {\n    z-index: 99999;\n    display: none;\n    right: 0px;\n    left: inherit;\n    bottom: 99px;\n    position: fixed;\n    justify-content: center;\n    background: #F6F6F6;\n    width: 25px;\n    align-items: center;\n    height: 25px;\n    font-weight: 800;\n    border-radius: 50%;\n    border: 1px solid #EBEBEB;\n}\n\n.recomendadorV2Desc{\n    color: #000000;\n    margin: 20px 0px;\n}\n\n@media (max-width: 576px) {\n    .recomendadorV2Area {\n      padding: 10px;\n      max-width: 100%;\n    }\n  \n    .recomendadorV2Area1 img {\n      width: 100%;\n      border-radius: 6px;\n    }\n  \n    .recomendadorV2Area2 .recomendadorV2Type {\n      font-size: 9px;\n      letter-spacing: 1px;\n      margin: 8px 0;\n    }\n  \n    .recomendadorV2Title h2 {\n      font-size: 18px !important;\n      margin-bottom: 8px !important;\n      line-height: 1.2;\n    }\n  \n    .recomendadorV2Desc {\n      font-size: 14px;\n      margin: 8px 0 !important;\n      line-height: 1.4;\n    }\n  \n    .recomendadorV2Button {\n      font-size: 12px;\n      height: 30px;\n      padding: 0 12px;\n      max-width: 160px;\n    }\n  \n    .recomendadorV2Button:after {\n      padding-left: 6px;\n    }\n  }\n  <\/style>\n        <div class=\"lazyblock-recomendador-v2-2jDGz wp-block-lazyblock-recomendador-v2\">\n        <a class=\"linkrecomendadorv2\" href=\"https:\/\/diariodepernambuco.com.br\/dpmais\/absurdo-preco-de-gasolina-subiu-para-r-1000-o-litro-e-motoristas-encontram-dificuldades-nestes-paises\/?utm_source=lazy\" target=\"_blank\" rel=\"noopener\">\n            <div class=\"recomendadorV2Area\">\n            <div class=\"recomendadorV2Area1\">\n                <div class=\"recomendadorV2Img\">\n                <img class=\"lazyloaded\" decoding=\"async\" src=\"https:\/\/diariodepernambuco.com.br\/dpmais\/wp-content\/uploads\/2025\/08\/Posto-de-Gasolina-1140x570.jpg\" data-src=\"https:\/\/diariodepernambuco.com.br\/dpmais\/wp-content\/uploads\/2025\/08\/Posto-de-Gasolina-1140x570.jpg\" alt=\"\">\n                <\/div>\n            <\/div>\n            <div class=\"recomendadorV2Area2\">\n                <div class=\"recomendadorV2Type\">\n                    <span>Pre\u00e7o absurdo<\/span>\n                <\/div>\n                <div class=\"recomendadorV2Title\">\n                <h2><span>Gasolina a R$10 \u26fd<\/span><\/h2>\n                <\/div>\n                <div class=\"recomendadorV2Desc\">\n                <span>Motoristas enfrentam dificuldades em v\u00e1rios pa\u00edses<\/span>\n                <\/div>\n                <div class=\"recomendadorV2Button\">Veja onde<\/div>\n                <div class=\"recomendadorV2Alert\"><\/div>\n            <\/div>\n            <\/div>\n        <\/a>\n        <div>\n            <div style=\"z-index:99999;\" id=\"buttonClose\" onclick=\"closeRecomendadorFixed()\">\n            <div class=\"recomendadorCloseFixed\">X<\/div>\n            <\/div>\n            <a href=\"https:\/\/diariodepernambuco.com.br\/dpmais\/absurdo-preco-de-gasolina-subiu-para-r-1000-o-litro-e-motoristas-encontram-dificuldades-nestes-paises\/?utm_source=lazy\" target=\"_blank\" rel=\"noopener\">\n            <div class=\"recomendadorFixedArea\">\n                <div id=\"recomendadorFixed\">\n                <div class=\"recomendadorLeftArea\">\n                    <div class=\"recomendadorImgFixed\">\n                    <img class=\"lazyload\" decoding=\"async\" src=\"https:\/\/diariodepernambuco.com.br\/dpmais\/wp-content\/uploads\/2025\/08\/Posto-de-Gasolina-1140x570.jpg\" alt=\"\">\n                    <\/div>\n                <\/div>\n                <div class=\"recomendadorRightArea\">\n                    <div class=\"recomendadorTitleFixed\">\n                    <h2><span>Gasolina a R$10 \u26fd<\/span><\/h2>\n                    <\/div>\n                    <div class=\"recomendadorButtonFixed\">Veja onde<\/div>\n                    <div class=\"recomendadorAlertFixed\"><\/div>\n                <\/div>\n                <\/div>\n            <\/div>\n            <\/a>\n        <\/div>\n        <\/div>\n\n\n\n<p>Para fam\u00edlias com dois ou tr\u00eas membros, ser\u00e3o fornecidos quatro vales de recarga por ano, cada um com validade de tr\u00eas meses. J\u00e1 os n\u00facleos familiares com quatro ou mais pessoas receber\u00e3o seis vales anuais, v\u00e1lidos por dois meses cada.<\/p>\n\n\n\n<p>O valor de refer\u00eancia do benef\u00edcio ser\u00e1 definido pelo Minist\u00e9rio de Minas e Energia (MME) e pelo Minist\u00e9rio da Fazenda, com base em dados da Ag\u00eancia Nacional do Petr\u00f3leo, G\u00e1s Natural e Biocombust\u00edveis (ANP). N\u00e3o haver\u00e1 repasse em dinheiro.<\/p>\n\n\n\n<h2 class=\"wp-block-heading\">Como realizar a recarga?<\/h2>\n\n\n\n<p>Para fazer a recarga do g\u00e1s, o benefici\u00e1rio dever\u00e1 comparecer diretamente a uma revenda credenciada pelo programa, sem intermedi\u00e1rios.<\/p>\n\n\n\n<p>O respons\u00e1vel familiar inscrito no Cad\u00danico poder\u00e1 retirar o botij\u00e3o apresentando o cart\u00e3o com chip do Bolsa Fam\u00edlia, o cart\u00e3o de d\u00e9bito da Caixa ou o CPF acompanhado do c\u00f3digo de valida\u00e7\u00e3o gerado no celular, diretamente na revenda.<\/p>\n\n\n\n<p><\/p>\n","protected":false},"excerpt":{"rendered":"<p>O governo Lula iniciou na \u00faltima segunda-feira, dia 24, a opera\u00e7\u00e3o do novo programa social G\u00e1s do Povo, que ir\u00e1 oferecer recargas de g\u00e1s de cozinha para botij\u00f5es de 13 kg destinados a fam\u00edlias de baixa renda. A expectativa \u00e9 que a iniciativa beneficie aproximadamente 50 milh\u00f5es de pessoas. A execu\u00e7\u00e3o do programa ficar\u00e1 a [&hellip;]<\/p>\n","protected":false},"author":4,"featured_media":3581,"comment_status":"open","ping_status":"open","sticky":false,"template":"","format":"standard","meta":{"jnews-multi-image_gallery":[],"jnews_single_post":{"format":"standard"},"jnews_primary_category":[],"jnews_social_meta":[],"jnews_post_split":[],"footnotes":""},"categories":[1],"tags":[],"class_list":["post-10333","post","type-post","status-publish","format-standard","has-post-thumbnail","hentry","category-uncategorized"],"_links":{"self":[{"href":"https:\/\/diariodepernambuco.audiencelabs.com.br\/wp-json\/wp\/v2\/posts\/10333","targetHints":{"allow":["GET"]}}],"collection":[{"href":"https:\/\/diariodepernambuco.audiencelabs.com.br\/wp-json\/wp\/v2\/posts"}],"about":[{"href":"https:\/\/diariodepernambuco.audiencelabs.com.br\/wp-json\/wp\/v2\/types\/post"}],"author":[{"embeddable":true,"href":"https:\/\/diariodepernambuco.audiencelabs.com.br\/wp-json\/wp\/v2\/users\/4"}],"replies":[{"embeddable":true,"href":"https:\/\/diariodepernambuco.audiencelabs.com.br\/wp-json\/wp\/v2\/comments?post=10333"}],"version-history":[{"count":4,"href":"https:\/\/diariodepernambuco.audiencelabs.com.br\/wp-json\/wp\/v2\/posts\/10333\/revisions"}],"predecessor-version":[{"id":10429,"href":"https:\/\/diariodepernambuco.audiencelabs.com.br\/wp-json\/wp\/v2\/posts\/10333\/revisions\/10429"}],"wp:featuredmedia":[{"embeddable":true,"href":"https:\/\/diariodepernambuco.audiencelabs.com.br\/wp-json\/wp\/v2\/media\/3581"}],"wp:attachment":[{"href":"https:\/\/diariodepernambuco.audiencelabs.com.br\/wp-json\/wp\/v2\/media?parent=10333"}],"wp:term":[{"taxonomy":"category","embeddable":true,"href":"https:\/\/diariodepernambuco.audiencelabs.com.br\/wp-json\/wp\/v2\/categories?post=10333"},{"taxonomy":"post_tag","embeddable":true,"href":"https:\/\/diariodepernambuco.audiencelabs.com.br\/wp-json\/wp\/v2\/tags?post=10333"}],"curies":[{"name":"wp","href":"https:\/\/api.w.org\/{rel}","templated":true}]}}