{"id":10341,"date":"2025-11-28T16:30:00","date_gmt":"2025-11-28T19:30:00","guid":{"rendered":"https:\/\/diariodepernambuco.audiencelabs.com.br\/?p=10341"},"modified":"2025-11-27T14:20:49","modified_gmt":"2025-11-27T17:20:49","slug":"detalhes-como-e-o-local-que-bolsonaro-esta-cumprindo-pena","status":"publish","type":"post","link":"https:\/\/diariodepernambuco.audiencelabs.com.br\/detalhes-como-e-o-local-que-bolsonaro-esta-cumprindo-pena\/","title":{"rendered":"Detalhes: como \u00e9 o local que Bolsonaro est\u00e1 cumprindo pena?"},"content":{"rendered":"\n<p>Enquanto permanecer na Superintend\u00eancia da Pol\u00edcia Federal (PF) em Bras\u00edlia, Jair Bolsonaro ficar\u00e1 em uma cela de aproximadamente 12 metros quadrados (m\u00b2), recentemente reformada. O ambiente conta com paredes brancas, cama de solteiro, arm\u00e1rios, mesa de apoio, televis\u00e3o, frigobar, ar-condicionado, uma janela e banheiro privativo.<\/p>\n\n\n\n<p>O espa\u00e7o foi preparado especialmente para receb\u00ea-lo. O ex-presidente tem direito a duas horas di\u00e1rias de banho de sol, com o hor\u00e1rio ajustado conforme suas condi\u00e7\u00f5es de sa\u00fade, j\u00e1 que passou recentemente por procedimentos para retirar les\u00f5es de c\u00e2ncer de pele. Durante esse per\u00edodo, ele permanece isolado, acompanhado apenas por um policial federal, com quem costuma conversar.<\/p>\n\n\n\n<p>A superintend\u00eancia costuma receber, de forma regular, outros detentos sob cust\u00f3dia tempor\u00e1ria da corpora\u00e7\u00e3o, que permanecem no local apenas por um curto per\u00edodo antes de serem encaminhados para unidades do sistema prisional do Distrito Federal. Entre os casos recentes est\u00e1 o do ex-presidente do INSS, Alessandro Stefanutto.<\/p>\n\n\n\n<p>Desde a pris\u00e3o de Bolsonaro, a PF intensificou o esquema de seguran\u00e7a na superintend\u00eancia. O protocolo inclui vigil\u00e2ncia cont\u00ednua da sala especial onde ele est\u00e1, uso de equipamento anti-drone, inspe\u00e7\u00e3o das refei\u00e7\u00f5es e equipes de prontid\u00e3o para agir diante de qualquer movimenta\u00e7\u00e3o at\u00edpica de apoiadores.<\/p>\n\n\n\n<p>Entre as medidas adotadas est\u00e1 o refor\u00e7o no controle de acesso ao pr\u00e9dio. Apenas servidores e visitantes previamente autorizados podem entrar, passando por uma checagem individual do motivo da visita e com registro do destino exato dentro da unidade. O objetivo \u00e9 evitar a aproxima\u00e7\u00e3o indevida de curiosos.<\/p>\n\n\n\n<p>Nesse esquema de seguran\u00e7a, todas as visitas a Bolsonaro passam por revista eletr\u00f4nica antes de entrar na \u00e1rea restrita. At\u00e9 agora, ele recebeu a ex-primeira-dama Michelle Bolsonaro e os filhos, o senador Fl\u00e1vio Bolsonaro (PL-RJ) e o vereador Carlos Bolsonaro (PL).<\/p>\n\n\n\n<p><\/p>\n","protected":false},"excerpt":{"rendered":"<p>Enquanto permanecer na Superintend\u00eancia da Pol\u00edcia Federal (PF) em Bras\u00edlia, Jair Bolsonaro ficar\u00e1 em uma cela de aproximadamente 12 metros quadrados (m\u00b2), recentemente reformada. O ambiente conta com paredes brancas, cama de solteiro, arm\u00e1rios, mesa de apoio, televis\u00e3o, frigobar, ar-condicionado, uma janela e banheiro privativo. O espa\u00e7o foi preparado especialmente para receb\u00ea-lo. O ex-presidente tem [&hellip;]<\/p>\n","protected":false},"author":4,"featured_media":10103,"comment_status":"open","ping_status":"open","sticky":false,"template":"","format":"standard","meta":{"jnews-multi-image_gallery":[],"jnews_single_post":{"format":"standard"},"jnews_primary_category":[],"jnews_social_meta":[],"jnews_post_split":[],"footnotes":""},"categories":[1],"tags":[],"class_list":["post-10341","post","type-post","status-publish","format-standard","has-post-thumbnail","hentry","category-uncategorized"],"_links":{"self":[{"href":"https:\/\/diariodepernambuco.audiencelabs.com.br\/wp-json\/wp\/v2\/posts\/10341","targetHints":{"allow":["GET"]}}],"collection":[{"href":"https:\/\/diariodepernambuco.audiencelabs.com.br\/wp-json\/wp\/v2\/posts"}],"about":[{"href":"https:\/\/diariodepernambuco.audiencelabs.com.br\/wp-json\/wp\/v2\/types\/post"}],"author":[{"embeddable":true,"href":"https:\/\/diariodepernambuco.audiencelabs.com.br\/wp-json\/wp\/v2\/users\/4"}],"replies":[{"embeddable":true,"href":"https:\/\/diariodepernambuco.audiencelabs.com.br\/wp-json\/wp\/v2\/comments?post=10341"}],"version-history":[{"count":2,"href":"https:\/\/diariodepernambuco.audiencelabs.com.br\/wp-json\/wp\/v2\/posts\/10341\/revisions"}],"predecessor-version":[{"id":10343,"href":"https:\/\/diariodepernambuco.audiencelabs.com.br\/wp-json\/wp\/v2\/posts\/10341\/revisions\/10343"}],"wp:featuredmedia":[{"embeddable":true,"href":"https:\/\/diariodepernambuco.audiencelabs.com.br\/wp-json\/wp\/v2\/media\/10103"}],"wp:attachment":[{"href":"https:\/\/diariodepernambuco.audiencelabs.com.br\/wp-json\/wp\/v2\/media?parent=10341"}],"wp:term":[{"taxonomy":"category","embeddable":true,"href":"https:\/\/diariodepernambuco.audiencelabs.com.br\/wp-json\/wp\/v2\/categories?post=10341"},{"taxonomy":"post_tag","embeddable":true,"href":"https:\/\/diariodepernambuco.audiencelabs.com.br\/wp-json\/wp\/v2\/tags?post=10341"}],"curies":[{"name":"wp","href":"https:\/\/api.w.org\/{rel}","templated":true}]}}