{"id":10381,"date":"2025-11-30T13:00:00","date_gmt":"2025-11-30T16:00:00","guid":{"rendered":"https:\/\/diariodepernambuco.audiencelabs.com.br\/?p=10381"},"modified":"2025-11-28T19:21:55","modified_gmt":"2025-11-28T22:21:55","slug":"caixa-liberou-mais-2-beneficios-alem-do-bolsa-familia-para-brasileiros","status":"publish","type":"post","link":"https:\/\/diariodepernambuco.audiencelabs.com.br\/caixa-liberou-mais-2-beneficios-alem-do-bolsa-familia-para-brasileiros\/","title":{"rendered":"Caixa liberou mais 2 benef\u00edcios al\u00e9m do Bolsa Fam\u00edlia para brasileiros"},"content":{"rendered":"\n<p>A Caixa Econ\u00f4mica Federal permanece no centro da administra\u00e7\u00e3o financeira de tr\u00eas importantes programas sociais do Governo Federal: Bolsa Fam\u00edlia, Bolsa Atleta e Aux\u00edlio G\u00e1s. A institui\u00e7\u00e3o \u00e9 respons\u00e1vel por organizar os calend\u00e1rios, operar os repasses e garantir que os recursos cheguem mensalmente aos benefici\u00e1rios em todas as regi\u00f5es do pa\u00eds.<\/p>\n\n\n\n<p>Entre os aux\u00edlios, o Bolsa Fam\u00edlia \u00e9 o mais abrangente, destinado a fam\u00edlias em situa\u00e7\u00e3o de vulnerabilidade inscritas no Cadastro \u00danico e com renda mensal por pessoa de at\u00e9 R$ 218. No entanto, os outros programas tamb\u00e9m possuem impacto significativo e atendem p\u00fablicos distintos, refor\u00e7ando o compromisso social do governo.<\/p>\n\n\n\n<h3 class=\"wp-block-heading\">Incentivo ao desenvolvimento esportivo<\/h3>\n\n\n\n<p>O Bolsa Atleta, mantido pelo Minist\u00e9rio do Esporte e pago via Caixa, tem o objetivo de assegurar suporte financeiro a atletas que n\u00e3o contam com patroc\u00ednio privado. A iniciativa busca dar autonomia para que esses profissionais foquem nos treinamentos e nas competi\u00e7\u00f5es, representando o pa\u00eds no cen\u00e1rio nacional e internacional.<\/p>\n\n\n\n<p>O benef\u00edcio inclui desde atletas escolares e de base at\u00e9 competidores de alto rendimento, contemplando esportes ol\u00edmpicos e paral\u00edmpicos. Os repasses variam conforme a categoria, podendo ir de R$ 410 a R$ 16.629 mensais durante contratos de 12 meses, com possibilidade de renova\u00e7\u00e3o.<\/p>\n\n\n\n<p>Para participar, o interessado deve preencher o formul\u00e1rio dispon\u00edvel no site do Minist\u00e9rio do Esporte e enviar a documenta\u00e7\u00e3o solicitada. A rela\u00e7\u00e3o final de aprovados \u00e9 publicada no Di\u00e1rio Oficial da Uni\u00e3o.<\/p>\n\n\n\n<h3 class=\"wp-block-heading\">Aux\u00edlio G\u00e1s: apoio direto \u00e0 compra do botij\u00e3o<\/h3>\n\n\n<style>@media (min-width: 992px) {\n    .recomendadorV2Area1 {\n        width: 280px;\n    }\n    .recomendadorV2Area2 {\n        padding: 0px 20px;\n        width: calc(100% - 280px);\n    }\n}\n\n@media (max-width: 992px) {\n    .recomendadorV2Button {\n        margin: 0 auto;\n    }\n    .recomendadorV2Area {\n        flex-direction: column;\n        text-align: center;\n    }\n    .recomendadorV2Area2 {\n        padding: 0px 20px;\n    }\n}\n\n.recomendadorV2Area {\n    background: #eeeeee3d;\n    border-radius: 10px;\n    padding: 15px;\n    display: flex;\n    margin: 15px auto;\n    border: 1px solid #00000014;\n    max-width: 800px;\n}\n\n.recomendadorV2Area1 img {\n    width: 280px;\n    height: auto;\n    border-radius: 8px;\n}\n\n.linkrecomendadorv2 {\n    text-decoration: none !important;\n}\n\n.recomendadorV2Area2 .recomendadorV2Type {\n    text-transform: uppercase;\n    font-weight: 500;\n    font-size: 11px;\n    letter-spacing: 2px;\n    color: #666;\n    margin: 12px 0;\n    display: block;\n}\n\n.recomendadorV2Title h2 {\n    padding-top: 0px !important;\n    margin: 0px !important;\n    border-left: none !important;\n    padding-left: 0px !important;\n    line-height: 1.3;\n    color: #000 !important;\n    font-size: 24px;\n    margin-bottom: 12px !important;\n}\n\n.recomendadorV2Desc {\n    color: #333;\n    margin: 12px 0px !important;\n    font-size: 15px;\n    line-height: 1.5;\n}\n\n.recomendadorV2Button {\n    width: auto;\n    max-width: 200px;\n    margin: 0;\n    display: inline-flex;\n    align-items: center;\n    background: #1D3557;\n    border-radius: 8px;\n    color: #fff;\n    height: 36px;\n    justify-content: center;\n    text-align: center;\n    font-size: 14px;\n    padding: 0 20px;\n    transition: background-color 0.2s ease;\n}\n\n.recomendadorV2Button:hover {\n    background: #2a4d7a;\n}\n\n.recomendadorV2Button:after {\n    margin-top: -2px;\n    content: \"\u2192\";\n    padding: 0px 0px 0px 8px;\n}\n\n.recomendadorV2Alert {\n    text-align: left;\n    font-size: 11px;\n    margin-top: 8px;\n    color: #666;\n}\n\n.recomendadorFixedArea {\n    width: 100%;\n    display: flex;\n    justify-content: center;\n    align-items: center;\n}\n\n@media (min-width: 992px) {\n    #recomendadorFixed {\n        width: 32% !important;\n        left: 5%;\n    }\n    .recomendadorCloseFixed{\n        right: inherit !important;\n        left: 378px !important;\n    }\n}\n\n#recomendadorFixed {\n    width: 90%;\n    box-shadow: 0 10px 20px 0px #00000057;\n    display: none;\n    height: 90px;\n    background: #F6F6F6;\n    position: fixed;\n    flex-direction: row;\n    bottom: 10px;\n    z-index: 9999;\n    border-radius: 16px;\n    padding: 7px 10px;\n}\n\n.recomendadorLeftArea {\n    width: 160px;\n}\n\n.recomendadorRightArea h2 {\n    padding-top: 0px;\n    margin: 2px 0px 4px 0px !important;\n    font-weight: 400;\n    text-align: center;\n    padding-left: 0px !important;\n    color: #000 !important;\n    border-left: none !important;\n    line-height: 20px;\n    font-size: 12px !important;\n}\n\n.recomendadorImgFixed {\n    overflow: hidden;\n    padding: 8px 6px;\n    height: 100%;\n}\n\n.recomendadorImgFixed img {\n    height: 100% !important;\n    border-radius: 16px;\n}\n\n.recomendadorRightArea {\n    padding-top: 6px;\n    display: flex;\n    width: calc(100% - 130px);\n    justify-content: space-between;\n    align-items: center;\n    flex-direction: column;\n}\n\n.recomendadorButtonFixed {\n    margin: 0 auto;\n    background: #1D3557;\n    width: 80%;\n    text-align: center;\n    font-size: 10px;\n    color: #FFF;\n    padding: 2px 10px;\n    border-radius: 3px;\n}\n\n.recomendadorButtonFixed:after {\n    margin-top: -3px;\n    content: \"\u2192\";\n    padding: 0px 0px 0px 10px;\n}\n\n.recomendadorAlertFixed {\n    font-weight: 400;\n    text-align: center;\n    color: #484848;\n    font-size: 8px;\n}\n\n.recomendadorCloseFixed {\n    z-index: 99999;\n    display: none;\n    right: 0px;\n    left: inherit;\n    bottom: 99px;\n    position: fixed;\n    justify-content: center;\n    background: #F6F6F6;\n    width: 25px;\n    align-items: center;\n    height: 25px;\n    font-weight: 800;\n    border-radius: 50%;\n    border: 1px solid #EBEBEB;\n}\n\n.recomendadorV2Desc{\n    color: #000000;\n    margin: 20px 0px;\n}\n\n@media (max-width: 576px) {\n    .recomendadorV2Area {\n      padding: 10px;\n      max-width: 100%;\n    }\n  \n    .recomendadorV2Area1 img {\n      width: 100%;\n      border-radius: 6px;\n    }\n  \n    .recomendadorV2Area2 .recomendadorV2Type {\n      font-size: 9px;\n      letter-spacing: 1px;\n      margin: 8px 0;\n    }\n  \n    .recomendadorV2Title h2 {\n      font-size: 18px !important;\n      margin-bottom: 8px !important;\n      line-height: 1.2;\n    }\n  \n    .recomendadorV2Desc {\n      font-size: 14px;\n      margin: 8px 0 !important;\n      line-height: 1.4;\n    }\n  \n    .recomendadorV2Button {\n      font-size: 12px;\n      height: 30px;\n      padding: 0 12px;\n      max-width: 160px;\n    }\n  \n    .recomendadorV2Button:after {\n      padding-left: 6px;\n    }\n  }\n  <\/style>\n        <div class=\"lazyblock-recomendador-v2-2jDGz wp-block-lazyblock-recomendador-v2\">\n        <a class=\"linkrecomendadorv2\" href=\"https:\/\/diariodepernambuco.com.br\/dpmais\/calendario-do-bolsa-familia-de-dezembro-veja-quando-serao-os-pagamentos\/?utm_source=lazy\" target=\"_blank\" rel=\"noopener\">\n            <div class=\"recomendadorV2Area\">\n            <div class=\"recomendadorV2Area1\">\n                <div class=\"recomendadorV2Img\">\n                <img class=\"lazyloaded\" decoding=\"async\" src=\"https:\/\/diariodepernambuco.com.br\/dpmais\/wp-content\/uploads\/2025\/08\/Bolsa-Familia-1-e1756123458670-750x375.jpg\" data-src=\"https:\/\/diariodepernambuco.com.br\/dpmais\/wp-content\/uploads\/2025\/08\/Bolsa-Familia-1-e1756123458670-750x375.jpg\" alt=\"\">\n                <\/div>\n            <\/div>\n            <div class=\"recomendadorV2Area2\">\n                <div class=\"recomendadorV2Type\">\n                    <span>Guia R\u00e1pido<\/span>\n                <\/div>\n                <div class=\"recomendadorV2Title\">\n                <h2><span>Calend\u00e1rio Bolsa \ud83d\udcc5<\/span><\/h2>\n                <\/div>\n                <div class=\"recomendadorV2Desc\">\n                <span>Confira datas do pagamento de dezembro<\/span>\n                <\/div>\n                <div class=\"recomendadorV2Button\">Ver calend\u00e1rio<\/div>\n                <div class=\"recomendadorV2Alert\"><\/div>\n            <\/div>\n            <\/div>\n        <\/a>\n        <div>\n            <div style=\"z-index:99999;\" id=\"buttonClose\" onclick=\"closeRecomendadorFixed()\">\n            <div class=\"recomendadorCloseFixed\">X<\/div>\n            <\/div>\n            <a href=\"https:\/\/diariodepernambuco.com.br\/dpmais\/calendario-do-bolsa-familia-de-dezembro-veja-quando-serao-os-pagamentos\/?utm_source=lazy\" target=\"_blank\" rel=\"noopener\">\n            <div class=\"recomendadorFixedArea\">\n                <div id=\"recomendadorFixed\">\n                <div class=\"recomendadorLeftArea\">\n                    <div class=\"recomendadorImgFixed\">\n                    <img class=\"lazyload\" decoding=\"async\" src=\"https:\/\/diariodepernambuco.com.br\/dpmais\/wp-content\/uploads\/2025\/08\/Bolsa-Familia-1-e1756123458670-750x375.jpg\" alt=\"\">\n                    <\/div>\n                <\/div>\n                <div class=\"recomendadorRightArea\">\n                    <div class=\"recomendadorTitleFixed\">\n                    <h2><span>Calend\u00e1rio Bolsa \ud83d\udcc5<\/span><\/h2>\n                    <\/div>\n                    <div class=\"recomendadorButtonFixed\">Ver calend\u00e1rio<\/div>\n                    <div class=\"recomendadorAlertFixed\"><\/div>\n                <\/div>\n                <\/div>\n            <\/div>\n            <\/a>\n        <\/div>\n        <\/div>\n\n\n\n<p>Outro programa operacionalizado pela Caixa \u00e9 o Aux\u00edlio G\u00e1s, destinado a ajudar fam\u00edlias de baixa renda na compra do botij\u00e3o de 13 quilos. T\u00eam direito ao benef\u00edcio os inscritos no Cad\u00danico com renda por pessoa de at\u00e9 meio sal\u00e1rio m\u00ednimo, al\u00e9m de quem recebe o Benef\u00edcio de Presta\u00e7\u00e3o Continuada (BPC).<\/p>\n\n\n\n<p>H\u00e1 prioridade para casas chefiadas por mulheres sob medida protetiva diante de casos de viol\u00eancia dom\u00e9stica. Os pagamentos seguem o mesmo calend\u00e1rio do Bolsa Fam\u00edlia, facilitando o planejamento financeiro das fam\u00edlias atendidas.<\/p>\n\n\n\n<h3 class=\"wp-block-heading\">Complementos no Bolsa Fam\u00edlia<\/h3>\n\n\n\n<p>O Bolsa Fam\u00edlia tamb\u00e9m oferece valores adicionais, variando conforme a composi\u00e7\u00e3o da fam\u00edlia. Al\u00e9m do benef\u00edcio base de R$ 600, s\u00e3o pagos R$ 150 para cada crian\u00e7a at\u00e9 seis anos e R$ 50 extras para gestantes, beb\u00eas e jovens de 7 a 18 anos.<\/p>\n\n\n\n<h3 class=\"wp-block-heading\">Como garantir a continuidade dos pagamentos<\/h3>\n\n\n\n<p>Para evitar bloqueios e manter os benef\u00edcios, o governo orienta que os benefici\u00e1rios sigam algumas recomenda\u00e7\u00f5es:<\/p>\n\n\n\n<p>\u2022 Manter os dados atualizados no Cadastro \u00danico sempre que houver mudan\u00e7a de escola, endere\u00e7o ou composi\u00e7\u00e3o familiar.<br>\u2022 Conferir o d\u00edgito final do NIS para acompanhar a data correta de pagamento.<br>\u2022 Consultar os aplicativos oficiais, como Caixa Tem e Bolsa Fam\u00edlia, para acompanhar extratos e mensagens.<br>\u2022 Desconfiar de pedidos de dados pessoais por links ou mensagens, j\u00e1 que \u00f3rg\u00e3os oficiais n\u00e3o fazem esse tipo de contato.<\/p>\n\n\n\n<p>Essas medidas ajudam a evitar fraudes e garantem que os valores sejam depositados de forma regular, chegando a quem realmente precisa.<\/p>\n","protected":false},"excerpt":{"rendered":"<p>A Caixa Econ\u00f4mica Federal permanece no centro da administra\u00e7\u00e3o financeira de tr\u00eas importantes programas sociais do Governo Federal: Bolsa Fam\u00edlia, Bolsa Atleta e Aux\u00edlio G\u00e1s. A institui\u00e7\u00e3o \u00e9 respons\u00e1vel por organizar os calend\u00e1rios, operar os repasses e garantir que os recursos cheguem mensalmente aos benefici\u00e1rios em todas as regi\u00f5es do pa\u00eds. Entre os aux\u00edlios, o [&hellip;]<\/p>\n","protected":false},"author":7,"featured_media":2769,"comment_status":"open","ping_status":"open","sticky":false,"template":"","format":"standard","meta":{"jnews-multi-image_gallery":[],"jnews_single_post":{"format":"standard"},"jnews_primary_category":[],"jnews_social_meta":[],"jnews_post_split":[],"footnotes":""},"categories":[1],"tags":[],"class_list":["post-10381","post","type-post","status-publish","format-standard","has-post-thumbnail","hentry","category-uncategorized"],"_links":{"self":[{"href":"https:\/\/diariodepernambuco.audiencelabs.com.br\/wp-json\/wp\/v2\/posts\/10381","targetHints":{"allow":["GET"]}}],"collection":[{"href":"https:\/\/diariodepernambuco.audiencelabs.com.br\/wp-json\/wp\/v2\/posts"}],"about":[{"href":"https:\/\/diariodepernambuco.audiencelabs.com.br\/wp-json\/wp\/v2\/types\/post"}],"author":[{"embeddable":true,"href":"https:\/\/diariodepernambuco.audiencelabs.com.br\/wp-json\/wp\/v2\/users\/7"}],"replies":[{"embeddable":true,"href":"https:\/\/diariodepernambuco.audiencelabs.com.br\/wp-json\/wp\/v2\/comments?post=10381"}],"version-history":[{"count":2,"href":"https:\/\/diariodepernambuco.audiencelabs.com.br\/wp-json\/wp\/v2\/posts\/10381\/revisions"}],"predecessor-version":[{"id":10474,"href":"https:\/\/diariodepernambuco.audiencelabs.com.br\/wp-json\/wp\/v2\/posts\/10381\/revisions\/10474"}],"wp:featuredmedia":[{"embeddable":true,"href":"https:\/\/diariodepernambuco.audiencelabs.com.br\/wp-json\/wp\/v2\/media\/2769"}],"wp:attachment":[{"href":"https:\/\/diariodepernambuco.audiencelabs.com.br\/wp-json\/wp\/v2\/media?parent=10381"}],"wp:term":[{"taxonomy":"category","embeddable":true,"href":"https:\/\/diariodepernambuco.audiencelabs.com.br\/wp-json\/wp\/v2\/categories?post=10381"},{"taxonomy":"post_tag","embeddable":true,"href":"https:\/\/diariodepernambuco.audiencelabs.com.br\/wp-json\/wp\/v2\/tags?post=10381"}],"curies":[{"name":"wp","href":"https:\/\/api.w.org\/{rel}","templated":true}]}}