{"id":1039,"date":"2025-08-13T18:30:00","date_gmt":"2025-08-13T21:30:00","guid":{"rendered":"https:\/\/diariodepernambuco.audiencelabs.com.br\/?p=1039"},"modified":"2025-08-12T14:25:25","modified_gmt":"2025-08-12T17:25:25","slug":"planos-do-governo-contra-fome-avancam-com-definicao-incerta","status":"publish","type":"post","link":"https:\/\/diariodepernambuco.audiencelabs.com.br\/planos-do-governo-contra-fome-avancam-com-definicao-incerta\/","title":{"rendered":"Planos do governo contra fome avan\u00e7am com defini\u00e7\u00e3o incerta"},"content":{"rendered":"\n<p>De acordo com o relat\u00f3rio &#8220;O Estado da Seguran\u00e7a Alimentar e Nutricional no Mundo 2025&#8221; da Organiza\u00e7\u00e3o das Na\u00e7\u00f5es Unidas para Alimenta\u00e7\u00e3o e Agricultura (FAO), <a href=\"https:\/\/www.diariodepernambuco.com.br\/brasil\/2025\/07\/7795442-brasil-sai-do-mapa-da-fome-da-onu.html\" data-type=\"link\" data-id=\"https:\/\/www.diariodepernambuco.com.br\/brasil\/2025\/07\/7795442-brasil-sai-do-mapa-da-fome-da-onu.html\" target=\"_blank\" rel=\"noopener\">o Brasil est\u00e1 novamente fora do Mapa da Fome<\/a>. O pa\u00eds, que havia voltado a lista no tri\u00eanio 2019-21, apresentou taxa de pessoas com subalimenta\u00e7\u00e3o grave (inseguran\u00e7a alimentar cr\u00f4nica) menor que 2,5%.<\/p>\n\n\n\n<p>Mesmo com muitos motivos para celebrar, o governo federal ainda n\u00e3o conseguiu explicar os mecanismos para alcan\u00e7ar tais resultados e se poderemos sustentar esse m\u00e9rito por longos per\u00edodos. Para o futuro do Brasil, \u00e9 fundamental identificar quais pol\u00edticas e mecanismos devem ser acionados para assegurar a manuten\u00e7\u00e3o dos direitos b\u00e1sicos da popula\u00e7\u00e3o.<\/p>\n\n\n\n<p>Segundo Laura M\u00fcller Machado, colunista da Folha de S. Paulo, &#8220;\u00e9 preciso documentar essa tecnologia&#8221;. Na vis\u00e3o da ex-secret\u00e1ria de Desenvolvimento Social do Estado de S\u00e3o Paulo, institui\u00e7\u00f5es como o Ipea (Instituto de Pesquisa Econ\u00f4mica Aplicada) e as universidades podem ser acionadas para essas iniciativas de documenta\u00e7\u00e3o e de preparo para o futuro.<\/p>\n\n\n\n<p>O Plano Brasil Sem Fome foi uma iniciativa do governo brasileiro lan\u00e7ada em 2003, durante a gest\u00e3o do ent\u00e3o presidente Luiz In\u00e1cio Lula da Silva, com o objetivo de erradicar a fome e a extrema pobreza no pa\u00eds.<\/p>\n\n\n\n<p>O programa integrava diversas pol\u00edticas p\u00fablicas voltadas para a seguran\u00e7a alimentar e nutricional, buscando garantir que todas as fam\u00edlias brasileiras tivessem acesso a alimentos em quantidade e qualidade adequadas.<\/p>\n\n\n\n<h2 class=\"wp-block-heading\">Principais a\u00e7\u00f5es do Plano Brasil Sem Fome<\/h2>\n\n\n\n<p><strong>Distribui\u00e7\u00e3o de alimentos<\/strong>: Amplia\u00e7\u00e3o de programas como o Bolsa Fam\u00edlia, que oferecia transfer\u00eancia de renda condicionada \u00e0 frequ\u00eancia escolar e acompanhamento de sa\u00fade.<\/p>\n\n\n\n<p><strong>Fortalecimento da agricultura familiar<\/strong>: Incentivos para pequenos produtores rurais, incluindo acesso a cr\u00e9dito, assist\u00eancia t\u00e9cnica e compras governamentais por meio do Programa de Aquisi\u00e7\u00e3o de Alimentos (PAA).<\/p>\n\n\n\n<p><strong>Educa\u00e7\u00e3o alimentar e nutricional<\/strong>: Campanhas e a\u00e7\u00f5es para promover h\u00e1bitos alimentares saud\u00e1veis e conscientiza\u00e7\u00e3o sobre a import\u00e2ncia da alimenta\u00e7\u00e3o adequada.<\/p>\n\n\n\n<p><strong>Amplia\u00e7\u00e3o do acesso \u00e0 \u00e1gua pot\u00e1vel e saneamento<\/strong>: Melhorias em infraestrutura para reduzir doen\u00e7as relacionadas \u00e0 falta de higiene.<\/p>\n\n\n\n<p><\/p>\n","protected":false},"excerpt":{"rendered":"<p>De acordo com o relat\u00f3rio &#8220;O Estado da Seguran\u00e7a Alimentar e Nutricional no Mundo 2025&#8221; da Organiza\u00e7\u00e3o das Na\u00e7\u00f5es Unidas para Alimenta\u00e7\u00e3o e Agricultura (FAO), o Brasil est\u00e1 novamente fora do Mapa da Fome. O pa\u00eds, que havia voltado a lista no tri\u00eanio 2019-21, apresentou taxa de pessoas com subalimenta\u00e7\u00e3o grave (inseguran\u00e7a alimentar cr\u00f4nica) menor [&hellip;]<\/p>\n","protected":false},"author":4,"featured_media":1042,"comment_status":"open","ping_status":"open","sticky":false,"template":"","format":"standard","meta":{"jnews-multi-image_gallery":[],"jnews_single_post":[],"jnews_primary_category":[],"jnews_social_meta":[],"jnews_post_split":[],"footnotes":""},"categories":[1],"tags":[],"class_list":["post-1039","post","type-post","status-publish","format-standard","has-post-thumbnail","hentry","category-uncategorized"],"_links":{"self":[{"href":"https:\/\/diariodepernambuco.audiencelabs.com.br\/wp-json\/wp\/v2\/posts\/1039","targetHints":{"allow":["GET"]}}],"collection":[{"href":"https:\/\/diariodepernambuco.audiencelabs.com.br\/wp-json\/wp\/v2\/posts"}],"about":[{"href":"https:\/\/diariodepernambuco.audiencelabs.com.br\/wp-json\/wp\/v2\/types\/post"}],"author":[{"embeddable":true,"href":"https:\/\/diariodepernambuco.audiencelabs.com.br\/wp-json\/wp\/v2\/users\/4"}],"replies":[{"embeddable":true,"href":"https:\/\/diariodepernambuco.audiencelabs.com.br\/wp-json\/wp\/v2\/comments?post=1039"}],"version-history":[{"count":3,"href":"https:\/\/diariodepernambuco.audiencelabs.com.br\/wp-json\/wp\/v2\/posts\/1039\/revisions"}],"predecessor-version":[{"id":1044,"href":"https:\/\/diariodepernambuco.audiencelabs.com.br\/wp-json\/wp\/v2\/posts\/1039\/revisions\/1044"}],"wp:featuredmedia":[{"embeddable":true,"href":"https:\/\/diariodepernambuco.audiencelabs.com.br\/wp-json\/wp\/v2\/media\/1042"}],"wp:attachment":[{"href":"https:\/\/diariodepernambuco.audiencelabs.com.br\/wp-json\/wp\/v2\/media?parent=1039"}],"wp:term":[{"taxonomy":"category","embeddable":true,"href":"https:\/\/diariodepernambuco.audiencelabs.com.br\/wp-json\/wp\/v2\/categories?post=1039"},{"taxonomy":"post_tag","embeddable":true,"href":"https:\/\/diariodepernambuco.audiencelabs.com.br\/wp-json\/wp\/v2\/tags?post=1039"}],"curies":[{"name":"wp","href":"https:\/\/api.w.org\/{rel}","templated":true}]}}