{"id":10397,"date":"2025-11-28T11:00:00","date_gmt":"2025-11-28T14:00:00","guid":{"rendered":"https:\/\/diariodepernambuco.audiencelabs.com.br\/?p=10397"},"modified":"2025-11-28T14:54:31","modified_gmt":"2025-11-28T17:54:31","slug":"comunicado-urgente-do-governo-alerta-quem-precisa-tirar-nova-carteira-de-identidade","status":"publish","type":"post","link":"https:\/\/diariodepernambuco.audiencelabs.com.br\/comunicado-urgente-do-governo-alerta-quem-precisa-tirar-nova-carteira-de-identidade\/","title":{"rendered":"Comunicado urgente do Governo alerta quem precisa tirar nova Carteira de Identidade"},"content":{"rendered":"\n<p>O Governo do Rio Grande do Sul, por meio de um comunicado urgente divulgado pelo Instituto-Geral de Per\u00edcias (IGP), orienta a popula\u00e7\u00e3o sobre situa\u00e7\u00f5es em que \u00e9 indispens\u00e1vel solicitar a nova Carteira de Identidade Nacional. O atual formato, na teoria, tem validade at\u00e9 28 de fevereiro de 2032.<\/p>\n\n\n\n<p>No entanto, de acordo com o \u00f3rg\u00e3o, cidad\u00e3os que passaram por mudan\u00e7a de dados cadastrais, sofreram perda ou furto do documento, tiveram a identidade danificada ou precisam viajar para pa\u00edses do Mercosul devem providenciar a atualiza\u00e7\u00e3o com prioridade. O alerta refor\u00e7a a import\u00e2ncia de manter o documento dentro dos novos padr\u00f5es nacionais.<\/p>\n\n\n\n<p>Al\u00e9m disso, o IGP destaca que a emiss\u00e3o da nova Carteira de Identidade traz uma s\u00e9rie de benef\u00edcios, como maior seguran\u00e7a contra fraudes e padroniza\u00e7\u00e3o nacional, j\u00e1 que o documento re\u00fane informa\u00e7\u00f5es essenciais em um \u00fanico formato.<\/p>\n\n\n\n<p>A vers\u00e3o atual tamb\u00e9m adota o CPF como n\u00famero \u00fanico de identifica\u00e7\u00e3o, facilitando a vida do cidad\u00e3o em cadastros p\u00fablicos e privados. Por isso, quem se enquadra nas situa\u00e7\u00f5es de urg\u00eancia deve agendar o atendimento o quanto antes para evitar contratempos, especialmente em casos de viagens internacionais, em que a apresenta\u00e7\u00e3o do novo modelo poder\u00e1 ser exigida pelas autoridades.<\/p>\n\n\n\n<h2 class=\"wp-block-heading\">Curiosidades sobre a nova Carteira de Identidade Nacional<\/h2>\n\n\n\n<ul class=\"wp-block-list\">\n<li>N\u00famero \u00fanico para todo o Brasil: o CPF passa a ser o \u00fanico n\u00famero de identifica\u00e7\u00e3o, eliminando diverg\u00eancias entre documentos.<\/li>\n<\/ul>\n\n\n\n<ul class=\"wp-block-list\">\n<li>Documento mais seguro: o novo modelo conta com QR Code e padr\u00f5es internacionais de seguran\u00e7a, dificultando falsifica\u00e7\u00f5es.<\/li>\n<\/ul>\n\n\n\n<ul class=\"wp-block-list\">\n<li>Vers\u00e3o digital dispon\u00edvel: al\u00e9m da vers\u00e3o f\u00edsica, \u00e9 poss\u00edvel acessar a identidade pelo aplicativo Gov.br.<\/li>\n<\/ul>\n\n\n\n<ul class=\"wp-block-list\">\n<li>Aceita\u00e7\u00e3o no Mercosul: o novo formato segue normas que facilitam o uso do documento em viagens para pa\u00edses do bloco.<\/li>\n<\/ul>\n\n\n\n<ul class=\"wp-block-list\">\n<li>Informa\u00e7\u00f5es adicionais opcionais: o cidad\u00e3o pode incluir dados como tipo sangu\u00edneo e informa\u00e7\u00f5es sobre condi\u00e7\u00f5es de sa\u00fade.<\/li>\n<\/ul>\n\n\n\n<ul class=\"wp-block-list\">\n<li>Validade por faixa et\u00e1ria: crian\u00e7as, jovens e adultos t\u00eam prazos diferentes de validade, variando de 5 a 10 anos.<\/li>\n<\/ul>\n\n\n\n<ul class=\"wp-block-list\">\n<li>Inclus\u00e3o de nome social: permite registrar o nome social sem a necessidade de alterar o registro civil.<\/li>\n<\/ul>\n\n\n\n<p><\/p>\n","protected":false},"excerpt":{"rendered":"<p>O Governo do Rio Grande do Sul, por meio de um comunicado urgente divulgado pelo Instituto-Geral de Per\u00edcias (IGP), orienta a popula\u00e7\u00e3o sobre situa\u00e7\u00f5es em que \u00e9 indispens\u00e1vel solicitar a nova Carteira de Identidade Nacional. O atual formato, na teoria, tem validade at\u00e9 28 de fevereiro de 2032. No entanto, de acordo com o \u00f3rg\u00e3o, [&hellip;]<\/p>\n","protected":false},"author":4,"featured_media":432,"comment_status":"open","ping_status":"open","sticky":false,"template":"","format":"standard","meta":{"jnews-multi-image_gallery":[],"jnews_single_post":{"format":"standard"},"jnews_primary_category":[],"jnews_social_meta":[],"jnews_post_split":[],"footnotes":""},"categories":[1],"tags":[],"class_list":["post-10397","post","type-post","status-publish","format-standard","has-post-thumbnail","hentry","category-uncategorized"],"_links":{"self":[{"href":"https:\/\/diariodepernambuco.audiencelabs.com.br\/wp-json\/wp\/v2\/posts\/10397","targetHints":{"allow":["GET"]}}],"collection":[{"href":"https:\/\/diariodepernambuco.audiencelabs.com.br\/wp-json\/wp\/v2\/posts"}],"about":[{"href":"https:\/\/diariodepernambuco.audiencelabs.com.br\/wp-json\/wp\/v2\/types\/post"}],"author":[{"embeddable":true,"href":"https:\/\/diariodepernambuco.audiencelabs.com.br\/wp-json\/wp\/v2\/users\/4"}],"replies":[{"embeddable":true,"href":"https:\/\/diariodepernambuco.audiencelabs.com.br\/wp-json\/wp\/v2\/comments?post=10397"}],"version-history":[{"count":2,"href":"https:\/\/diariodepernambuco.audiencelabs.com.br\/wp-json\/wp\/v2\/posts\/10397\/revisions"}],"predecessor-version":[{"id":10400,"href":"https:\/\/diariodepernambuco.audiencelabs.com.br\/wp-json\/wp\/v2\/posts\/10397\/revisions\/10400"}],"wp:featuredmedia":[{"embeddable":true,"href":"https:\/\/diariodepernambuco.audiencelabs.com.br\/wp-json\/wp\/v2\/media\/432"}],"wp:attachment":[{"href":"https:\/\/diariodepernambuco.audiencelabs.com.br\/wp-json\/wp\/v2\/media?parent=10397"}],"wp:term":[{"taxonomy":"category","embeddable":true,"href":"https:\/\/diariodepernambuco.audiencelabs.com.br\/wp-json\/wp\/v2\/categories?post=10397"},{"taxonomy":"post_tag","embeddable":true,"href":"https:\/\/diariodepernambuco.audiencelabs.com.br\/wp-json\/wp\/v2\/tags?post=10397"}],"curies":[{"name":"wp","href":"https:\/\/api.w.org\/{rel}","templated":true}]}}