{"id":10418,"date":"2025-11-30T16:30:00","date_gmt":"2025-11-30T19:30:00","guid":{"rendered":"https:\/\/diariodepernambuco.audiencelabs.com.br\/?p=10418"},"modified":"2025-12-01T00:27:54","modified_gmt":"2025-12-01T03:27:54","slug":"nova-determinacao-da-anvisa-muda-regras-para-uso-do-monjauro","status":"publish","type":"post","link":"https:\/\/diariodepernambuco.audiencelabs.com.br\/nova-determinacao-da-anvisa-muda-regras-para-uso-do-monjauro\/","title":{"rendered":"Nova determina\u00e7\u00e3o da Anvisa muda regras para uso do Monjauro"},"content":{"rendered":"\n<p>A atualiza\u00e7\u00e3o recente da Anvisa sobre o uso da tirzepatida \u2014 vendida como Mounjaro \u2014 alterou quem pode prescrever o medicamento no Brasil. Ao incluir, em outubro, a indica\u00e7\u00e3o para tratar apneia obstrutiva do sono ligada \u00e0 obesidade, a ag\u00eancia ampliou o grupo de profissionais autorizados a recomendar a terapia.<\/p>\n\n\n\n<p>Com essa mudan\u00e7a, n\u00e3o apenas m\u00e9dicos, mas tamb\u00e9m cirurgi\u00f5es-dentistas passaram a poder prescrever o rem\u00e9dio em casos relacionados \u00e0 apneia. Mas o que motivou a Anvisa a revisar essa norma de prescri\u00e7\u00e3o?<\/p>\n\n\n\n<p>A mudan\u00e7a foi adotada porque a AOS \u00e9 uma condi\u00e7\u00e3o frequentemente avaliada e acompanhada tamb\u00e9m por profissionais da odontologia. Essa interpreta\u00e7\u00e3o t\u00e9cnica permitiu que dentistas passem a incluir a tirzepatida no tratamento desses pacientes. A decis\u00e3o, por\u00e9m, tem provocado diverg\u00eancias entre conselhos e entidades da \u00e1rea.<\/p>\n\n\n\n<p>O Conselho Federal de Odontologia (CFO) afirma que a prescri\u00e7\u00e3o dentro da atua\u00e7\u00e3o odontol\u00f3gica \u00e9 legalmente permitida, mas alerta para a necessidade de cautela. A entidade ressalta que o uso do Mounjaro demanda maior responsabilidade, pois o medicamento \u00e9 indicado apenas para pessoas com obesidade, muitas vezes com hist\u00f3rico cl\u00ednico complexo.<\/p>\n\n\n\n<p>&#8220;O cirurgi\u00e3o-dentista deve estar ciente que essa indica\u00e7\u00e3o pode resultar em efeitos colaterais do pr\u00f3prio rem\u00e9dio ou de eventuais intera\u00e7\u00f5es medicamentosas. A orienta\u00e7\u00e3o do CFO \u00e9 de que a prescri\u00e7\u00e3o seja feita com autonomia, mas de forma respons\u00e1vel, com acompanhamento multidisciplinar&#8221;, disse o conselho em comunicado oficial.<\/p>\n\n\n\n<p>Especialistas da \u00e1rea m\u00e9dica consideram inadequada a prescri\u00e7\u00e3o do medicamento por dentistas. Bruno Halpern, vice-presidente da Associa\u00e7\u00e3o Brasileira para o Estudo da Obesidade e S\u00edndrome Metab\u00f3lica (Abeso), ressalta que a tirzepatida foi aprovada especificamente para tratar a apneia do sono em pessoas com obesidade, um grupo que requer avalia\u00e7\u00e3o cl\u00ednica detalhada.<\/p>\n\n\n\n<p>Segundo ele, embora dentistas acompanhem alguns casos de apneia, isso n\u00e3o os habilita a prescrever o medicamento. \u201cN\u00e3o faz sentido que dentistas indiquem tirzepatida para essa finalidade espec\u00edfica\u201d, afirma.<\/p>\n\n\n\n<p><\/p>\n","protected":false},"excerpt":{"rendered":"<p>A atualiza\u00e7\u00e3o recente da Anvisa sobre o uso da tirzepatida \u2014 vendida como Mounjaro \u2014 alterou quem pode prescrever o medicamento no Brasil. Ao incluir, em outubro, a indica\u00e7\u00e3o para tratar apneia obstrutiva do sono ligada \u00e0 obesidade, a ag\u00eancia ampliou o grupo de profissionais autorizados a recomendar a terapia. Com essa mudan\u00e7a, n\u00e3o apenas [&hellip;]<\/p>\n","protected":false},"author":4,"featured_media":1171,"comment_status":"open","ping_status":"open","sticky":false,"template":"","format":"standard","meta":{"jnews-multi-image_gallery":[],"jnews_single_post":{"format":"standard"},"jnews_primary_category":[],"jnews_social_meta":[],"jnews_post_split":[],"footnotes":""},"categories":[1],"tags":[],"class_list":["post-10418","post","type-post","status-publish","format-standard","has-post-thumbnail","hentry","category-uncategorized"],"_links":{"self":[{"href":"https:\/\/diariodepernambuco.audiencelabs.com.br\/wp-json\/wp\/v2\/posts\/10418","targetHints":{"allow":["GET"]}}],"collection":[{"href":"https:\/\/diariodepernambuco.audiencelabs.com.br\/wp-json\/wp\/v2\/posts"}],"about":[{"href":"https:\/\/diariodepernambuco.audiencelabs.com.br\/wp-json\/wp\/v2\/types\/post"}],"author":[{"embeddable":true,"href":"https:\/\/diariodepernambuco.audiencelabs.com.br\/wp-json\/wp\/v2\/users\/4"}],"replies":[{"embeddable":true,"href":"https:\/\/diariodepernambuco.audiencelabs.com.br\/wp-json\/wp\/v2\/comments?post=10418"}],"version-history":[{"count":2,"href":"https:\/\/diariodepernambuco.audiencelabs.com.br\/wp-json\/wp\/v2\/posts\/10418\/revisions"}],"predecessor-version":[{"id":10420,"href":"https:\/\/diariodepernambuco.audiencelabs.com.br\/wp-json\/wp\/v2\/posts\/10418\/revisions\/10420"}],"wp:featuredmedia":[{"embeddable":true,"href":"https:\/\/diariodepernambuco.audiencelabs.com.br\/wp-json\/wp\/v2\/media\/1171"}],"wp:attachment":[{"href":"https:\/\/diariodepernambuco.audiencelabs.com.br\/wp-json\/wp\/v2\/media?parent=10418"}],"wp:term":[{"taxonomy":"category","embeddable":true,"href":"https:\/\/diariodepernambuco.audiencelabs.com.br\/wp-json\/wp\/v2\/categories?post=10418"},{"taxonomy":"post_tag","embeddable":true,"href":"https:\/\/diariodepernambuco.audiencelabs.com.br\/wp-json\/wp\/v2\/tags?post=10418"}],"curies":[{"name":"wp","href":"https:\/\/api.w.org\/{rel}","templated":true}]}}