{"id":10437,"date":"2025-12-01T15:30:00","date_gmt":"2025-12-01T18:30:00","guid":{"rendered":"https:\/\/diariodepernambuco.audiencelabs.com.br\/?p=10437"},"modified":"2025-12-02T15:57:16","modified_gmt":"2025-12-02T18:57:16","slug":"quem-nao-recebeu-o-13o-salario-na-ultima-sexta-feira-precisa-fazer-isso-imediatamente","status":"publish","type":"post","link":"https:\/\/diariodepernambuco.audiencelabs.com.br\/quem-nao-recebeu-o-13o-salario-na-ultima-sexta-feira-precisa-fazer-isso-imediatamente\/","title":{"rendered":"Quem n\u00e3o recebeu o 13\u00ba sal\u00e1rio na \u00faltima sexta-feira precisa fazer isso imediatamente"},"content":{"rendered":"\n<p>Na sexta-feira, 28, chegou ao fim o prazo legal para que as empresas efetuem o pagamento da primeira parcela \u2014 ou da parcela \u00fanica \u2014 do 13\u00ba sal\u00e1rio aos trabalhadores contratados pelo regime CLT. Caso o valor n\u00e3o tenha sido depositado at\u00e9 o t\u00e9rmino do dia, o empregado pode registrar uma den\u00fancia junto \u00e0 Superintend\u00eancia Regional do Trabalho.<\/p>\n\n\n\n<p>A den\u00fancia \u00e9 simples de fazer e pode ser registrada de forma an\u00f4nima, garantindo a seguran\u00e7a do trabalhador. Para isso, basta acessar o portal Fala.BR, do governo federal, ou procurar a unidade regional do Minist\u00e9rio do Trabalho mais pr\u00f3xima. Ap\u00f3s a notifica\u00e7\u00e3o, a empresa passa a ser fiscalizada e pode receber multas que variam conforme o n\u00famero de funcion\u00e1rios e a gravidade da irregularidade.<\/p>\n\n\n\n<p>Al\u00e9m disso, o atraso no pagamento n\u00e3o elimina a obriga\u00e7\u00e3o: a empresa continua respons\u00e1vel por quitar o valor devido, acrescido de poss\u00edveis penalidades. Por isso, especialistas recomendam que o trabalhador acompanhe atentamente o contracheque e mantenha guardados comprovantes e registros que possam servir como prova, caso seja necess\u00e1rio formalizar a reclama\u00e7\u00e3o.<\/p>\n\n\n\n<p>Em resumo, o trabalhador que n\u00e3o recebeu o 13\u00ba sal\u00e1rio dentro do prazo n\u00e3o deve ignorar a situa\u00e7\u00e3o. O pagamento \u00e9 um direito garantido por lei, e existem canais seguros e acess\u00edveis para denunciar o atraso. Ao agir rapidamente e buscar orienta\u00e7\u00e3o, o empregado ajuda a garantir n\u00e3o apenas o cumprimento das normas trabalhistas, mas tamb\u00e9m a prote\u00e7\u00e3o de seus pr\u00f3prios direitos.<\/p>\n\n\n<style>@media (min-width: 992px) {\n    .recomendadorV2Area1 {\n        width: 280px;\n    }\n    .recomendadorV2Area2 {\n        padding: 0px 20px;\n        width: calc(100% - 280px);\n    }\n}\n\n@media (max-width: 992px) {\n    .recomendadorV2Button {\n        margin: 0 auto;\n    }\n    .recomendadorV2Area {\n        flex-direction: column;\n        text-align: center;\n    }\n    .recomendadorV2Area2 {\n        padding: 0px 20px;\n    }\n}\n\n.recomendadorV2Area {\n    background: #eeeeee3d;\n    border-radius: 10px;\n    padding: 15px;\n    display: flex;\n    margin: 15px auto;\n    border: 1px solid #00000014;\n    max-width: 800px;\n}\n\n.recomendadorV2Area1 img {\n    width: 280px;\n    height: auto;\n    border-radius: 8px;\n}\n\n.linkrecomendadorv2 {\n    text-decoration: none !important;\n}\n\n.recomendadorV2Area2 .recomendadorV2Type {\n    text-transform: uppercase;\n    font-weight: 500;\n    font-size: 11px;\n    letter-spacing: 2px;\n    color: #666;\n    margin: 12px 0;\n    display: block;\n}\n\n.recomendadorV2Title h2 {\n    padding-top: 0px !important;\n    margin: 0px !important;\n    border-left: none !important;\n    padding-left: 0px !important;\n    line-height: 1.3;\n    color: #000 !important;\n    font-size: 24px;\n    margin-bottom: 12px !important;\n}\n\n.recomendadorV2Desc {\n    color: #333;\n    margin: 12px 0px !important;\n    font-size: 15px;\n    line-height: 1.5;\n}\n\n.recomendadorV2Button {\n    width: auto;\n    max-width: 200px;\n    margin: 0;\n    display: inline-flex;\n    align-items: center;\n    background: #1D3557;\n    border-radius: 8px;\n    color: #fff;\n    height: 36px;\n    justify-content: center;\n    text-align: center;\n    font-size: 14px;\n    padding: 0 20px;\n    transition: background-color 0.2s ease;\n}\n\n.recomendadorV2Button:hover {\n    background: #2a4d7a;\n}\n\n.recomendadorV2Button:after {\n    margin-top: -2px;\n    content: \"\u2192\";\n    padding: 0px 0px 0px 8px;\n}\n\n.recomendadorV2Alert {\n    text-align: left;\n    font-size: 11px;\n    margin-top: 8px;\n    color: #666;\n}\n\n.recomendadorFixedArea {\n    width: 100%;\n    display: flex;\n    justify-content: center;\n    align-items: center;\n}\n\n@media (min-width: 992px) {\n    #recomendadorFixed {\n        width: 32% !important;\n        left: 5%;\n    }\n    .recomendadorCloseFixed{\n        right: inherit !important;\n        left: 378px !important;\n    }\n}\n\n#recomendadorFixed {\n    width: 90%;\n    box-shadow: 0 10px 20px 0px #00000057;\n    display: none;\n    height: 90px;\n    background: #F6F6F6;\n    position: fixed;\n    flex-direction: row;\n    bottom: 10px;\n    z-index: 9999;\n    border-radius: 16px;\n    padding: 7px 10px;\n}\n\n.recomendadorLeftArea {\n    width: 160px;\n}\n\n.recomendadorRightArea h2 {\n    padding-top: 0px;\n    margin: 2px 0px 4px 0px !important;\n    font-weight: 400;\n    text-align: center;\n    padding-left: 0px !important;\n    color: #000 !important;\n    border-left: none !important;\n    line-height: 20px;\n    font-size: 12px !important;\n}\n\n.recomendadorImgFixed {\n    overflow: hidden;\n    padding: 8px 6px;\n    height: 100%;\n}\n\n.recomendadorImgFixed img {\n    height: 100% !important;\n    border-radius: 16px;\n}\n\n.recomendadorRightArea {\n    padding-top: 6px;\n    display: flex;\n    width: calc(100% - 130px);\n    justify-content: space-between;\n    align-items: center;\n    flex-direction: column;\n}\n\n.recomendadorButtonFixed {\n    margin: 0 auto;\n    background: #1D3557;\n    width: 80%;\n    text-align: center;\n    font-size: 10px;\n    color: #FFF;\n    padding: 2px 10px;\n    border-radius: 3px;\n}\n\n.recomendadorButtonFixed:after {\n    margin-top: -3px;\n    content: \"\u2192\";\n    padding: 0px 0px 0px 10px;\n}\n\n.recomendadorAlertFixed {\n    font-weight: 400;\n    text-align: center;\n    color: #484848;\n    font-size: 8px;\n}\n\n.recomendadorCloseFixed {\n    z-index: 99999;\n    display: none;\n    right: 0px;\n    left: inherit;\n    bottom: 99px;\n    position: fixed;\n    justify-content: center;\n    background: #F6F6F6;\n    width: 25px;\n    align-items: center;\n    height: 25px;\n    font-weight: 800;\n    border-radius: 50%;\n    border: 1px solid #EBEBEB;\n}\n\n.recomendadorV2Desc{\n    color: #000000;\n    margin: 20px 0px;\n}\n\n@media (max-width: 576px) {\n    .recomendadorV2Area {\n      padding: 10px;\n      max-width: 100%;\n    }\n  \n    .recomendadorV2Area1 img {\n      width: 100%;\n      border-radius: 6px;\n    }\n  \n    .recomendadorV2Area2 .recomendadorV2Type {\n      font-size: 9px;\n      letter-spacing: 1px;\n      margin: 8px 0;\n    }\n  \n    .recomendadorV2Title h2 {\n      font-size: 18px !important;\n      margin-bottom: 8px !important;\n      line-height: 1.2;\n    }\n  \n    .recomendadorV2Desc {\n      font-size: 14px;\n      margin: 8px 0 !important;\n      line-height: 1.4;\n    }\n  \n    .recomendadorV2Button {\n      font-size: 12px;\n      height: 30px;\n      padding: 0 12px;\n      max-width: 160px;\n    }\n  \n    .recomendadorV2Button:after {\n      padding-left: 6px;\n    }\n  }\n  <\/style>\n        <div class=\"lazyblock-recomendador-v2-2jDGz wp-block-lazyblock-recomendador-v2\">\n        <a class=\"linkrecomendadorv2\" href=\"https:\/\/diariodepernambuco.com.br\/dpmais\/direitos-e-regras-trabalhistas-foram-aprovados-para-maes-com-filhos-ate-5-anos\/?utm_source=lazy\" target=\"_blank\" rel=\"noopener\">\n            <div class=\"recomendadorV2Area\">\n            <div class=\"recomendadorV2Area1\">\n                <div class=\"recomendadorV2Img\">\n                <img class=\"lazyloaded\" decoding=\"async\" src=\"https:\/\/diariodepernambuco.com.br\/dpmais\/wp-content\/uploads\/2025\/12\/Mae-e-Filho-750x375.jpg\" data-src=\"https:\/\/diariodepernambuco.com.br\/dpmais\/wp-content\/uploads\/2025\/12\/Mae-e-Filho-750x375.jpg\" alt=\"\">\n                <\/div>\n            <\/div>\n            <div class=\"recomendadorV2Area2\">\n                <div class=\"recomendadorV2Type\">\n                    <span>Direitos m\u00e3es<\/span>\n                <\/div>\n                <div class=\"recomendadorV2Title\">\n                <h2><span>Regras aprovadas \ud83d\udc69\u200d\ud83d\udc67<\/span><\/h2>\n                <\/div>\n                <div class=\"recomendadorV2Desc\">\n                <span>Direitos para quem tem filhos at\u00e9 5 anos<\/span>\n                <\/div>\n                <div class=\"recomendadorV2Button\">Ler mat\u00e9ria<\/div>\n                <div class=\"recomendadorV2Alert\"><\/div>\n            <\/div>\n            <\/div>\n        <\/a>\n        <div>\n            <div style=\"z-index:99999;\" id=\"buttonClose\" onclick=\"closeRecomendadorFixed()\">\n            <div class=\"recomendadorCloseFixed\">X<\/div>\n            <\/div>\n            <a href=\"https:\/\/diariodepernambuco.com.br\/dpmais\/direitos-e-regras-trabalhistas-foram-aprovados-para-maes-com-filhos-ate-5-anos\/?utm_source=lazy\" target=\"_blank\" rel=\"noopener\">\n            <div class=\"recomendadorFixedArea\">\n                <div id=\"recomendadorFixed\">\n                <div class=\"recomendadorLeftArea\">\n                    <div class=\"recomendadorImgFixed\">\n                    <img class=\"lazyload\" decoding=\"async\" src=\"https:\/\/diariodepernambuco.com.br\/dpmais\/wp-content\/uploads\/2025\/12\/Mae-e-Filho-750x375.jpg\" alt=\"\">\n                    <\/div>\n                <\/div>\n                <div class=\"recomendadorRightArea\">\n                    <div class=\"recomendadorTitleFixed\">\n                    <h2><span>Regras aprovadas \ud83d\udc69\u200d\ud83d\udc67<\/span><\/h2>\n                    <\/div>\n                    <div class=\"recomendadorButtonFixed\">Ler mat\u00e9ria<\/div>\n                    <div class=\"recomendadorAlertFixed\"><\/div>\n                <\/div>\n                <\/div>\n            <\/div>\n            <\/a>\n        <\/div>\n        <\/div>\n\n\n\n<h2 class=\"wp-block-heading\">Quais s\u00e3o as puni\u00e7\u00f5es para empresas que atrasam o 13\u00ba sal\u00e1rio?<\/h2>\n\n\n\n<p>Quando uma empresa descumpre o prazo de pagamento do 13\u00ba sal\u00e1rio, ela fica sujeita a san\u00e7\u00f5es previstas na legisla\u00e7\u00e3o trabalhista. As multas aplicadas pela fiscaliza\u00e7\u00e3o podem variar de acordo com o porte da companhia, o n\u00famero de funcion\u00e1rios afetados e a reincid\u00eancia da infra\u00e7\u00e3o. Al\u00e9m disso, o empregador continua obrigado a pagar o valor devido ao trabalhador.<\/p>\n\n\n\n<p>Para al\u00e9m das penalidades financeiras, o atraso pode gerar a\u00e7\u00f5es trabalhistas e desgastar a rela\u00e7\u00e3o entre empresa e funcion\u00e1rios, comprometendo a imagem da institui\u00e7\u00e3o. Por isso, manter o pagamento em dia \u00e9 essencial n\u00e3o apenas do ponto de vista legal, mas tamb\u00e9m para preservar um ambiente de trabalho saud\u00e1vel e seguro.<\/p>\n\n\n\n<p><\/p>\n","protected":false},"excerpt":{"rendered":"<p>Na sexta-feira, 28, chegou ao fim o prazo legal para que as empresas efetuem o pagamento da primeira parcela \u2014 ou da parcela \u00fanica \u2014 do 13\u00ba sal\u00e1rio aos trabalhadores contratados pelo regime CLT. Caso o valor n\u00e3o tenha sido depositado at\u00e9 o t\u00e9rmino do dia, o empregado pode registrar uma den\u00fancia junto \u00e0 Superintend\u00eancia [&hellip;]<\/p>\n","protected":false},"author":4,"featured_media":1536,"comment_status":"open","ping_status":"open","sticky":false,"template":"","format":"standard","meta":{"jnews-multi-image_gallery":[],"jnews_single_post":{"format":"standard"},"jnews_primary_category":[],"jnews_social_meta":[],"jnews_post_split":[],"footnotes":""},"categories":[1],"tags":[],"class_list":["post-10437","post","type-post","status-publish","format-standard","has-post-thumbnail","hentry","category-uncategorized"],"_links":{"self":[{"href":"https:\/\/diariodepernambuco.audiencelabs.com.br\/wp-json\/wp\/v2\/posts\/10437","targetHints":{"allow":["GET"]}}],"collection":[{"href":"https:\/\/diariodepernambuco.audiencelabs.com.br\/wp-json\/wp\/v2\/posts"}],"about":[{"href":"https:\/\/diariodepernambuco.audiencelabs.com.br\/wp-json\/wp\/v2\/types\/post"}],"author":[{"embeddable":true,"href":"https:\/\/diariodepernambuco.audiencelabs.com.br\/wp-json\/wp\/v2\/users\/4"}],"replies":[{"embeddable":true,"href":"https:\/\/diariodepernambuco.audiencelabs.com.br\/wp-json\/wp\/v2\/comments?post=10437"}],"version-history":[{"count":3,"href":"https:\/\/diariodepernambuco.audiencelabs.com.br\/wp-json\/wp\/v2\/posts\/10437\/revisions"}],"predecessor-version":[{"id":10684,"href":"https:\/\/diariodepernambuco.audiencelabs.com.br\/wp-json\/wp\/v2\/posts\/10437\/revisions\/10684"}],"wp:featuredmedia":[{"embeddable":true,"href":"https:\/\/diariodepernambuco.audiencelabs.com.br\/wp-json\/wp\/v2\/media\/1536"}],"wp:attachment":[{"href":"https:\/\/diariodepernambuco.audiencelabs.com.br\/wp-json\/wp\/v2\/media?parent=10437"}],"wp:term":[{"taxonomy":"category","embeddable":true,"href":"https:\/\/diariodepernambuco.audiencelabs.com.br\/wp-json\/wp\/v2\/categories?post=10437"},{"taxonomy":"post_tag","embeddable":true,"href":"https:\/\/diariodepernambuco.audiencelabs.com.br\/wp-json\/wp\/v2\/tags?post=10437"}],"curies":[{"name":"wp","href":"https:\/\/api.w.org\/{rel}","templated":true}]}}