{"id":10440,"date":"2025-12-01T16:30:00","date_gmt":"2025-12-01T19:30:00","guid":{"rendered":"https:\/\/diariodepernambuco.audiencelabs.com.br\/?p=10440"},"modified":"2025-11-28T17:07:38","modified_gmt":"2025-11-28T20:07:38","slug":"beneficio-alem-do-bolsa-familia-foi-aprovado-por-lula","status":"publish","type":"post","link":"https:\/\/diariodepernambuco.audiencelabs.com.br\/beneficio-alem-do-bolsa-familia-foi-aprovado-por-lula\/","title":{"rendered":"Benef\u00edcio al\u00e9m do Bolsa Fam\u00edlia foi aprovado por Lula"},"content":{"rendered":"\n<p>O governo federal anunciou, neste m\u00eas, a cria\u00e7\u00e3o do G\u00e1s do Povo, um novo programa social que chega para complementar o Bolsa Fam\u00edlia e ampliar a prote\u00e7\u00e3o \u00e0s fam\u00edlias de baixa renda. A iniciativa, aprovada pelo presidente Lula, promete oferecer mais seguran\u00e7a no or\u00e7amento dom\u00e9stico, especialmente para quem enfrenta dificuldades para custear itens essenciais.<\/p>\n\n\n\n<p>O novo benef\u00edcio surge como um refor\u00e7o importante em um momento de alta no custo de vida e garante apoio direto para que mais brasileiros tenham acesso ao g\u00e1s de cozinha de forma regular e acess\u00edvel. O G\u00e1s do Povo foi desenvolvido para reduzir o peso do botij\u00e3o de g\u00e1s no or\u00e7amento das fam\u00edlias mais vulner\u00e1veis, garantindo acesso cont\u00ednuo a um item fundamental para a alimenta\u00e7\u00e3o di\u00e1ria.<\/p>\n\n\n\n<p>O programa atuar\u00e1 por meio de subs\u00eddios diretos, permitindo que benefici\u00e1rios cadastrados comprem o g\u00e1s de cozinha por um valor reduzido em estabelecimentos credenciados. Assim como ocorre no Bolsa Fam\u00edlia, a sele\u00e7\u00e3o das fam\u00edlias ser\u00e1 feita com base nas informa\u00e7\u00f5es do Cadastro \u00danico, priorizando quem vive em situa\u00e7\u00e3o de maior vulnerabilidade.<\/p>\n\n\n\n<p>A iniciativa tamb\u00e9m prev\u00ea uma rede de pontos de venda participantes, onde o desconto poder\u00e1 ser aplicado automaticamente no momento da compra. De acordo com o governo, a expectativa \u00e9 que o benef\u00edcio ajude a combater a inseguran\u00e7a alimentar e d\u00ea mais autonomia \u00e0s fam\u00edlias, especialmente em regi\u00f5es onde o pre\u00e7o do g\u00e1s \u00e9 historicamente mais alto.<\/p>\n\n\n\n<h2 class=\"wp-block-heading\">Quem tem direito ao G\u00e1s do Povo?<\/h2>\n\n\n\n<p>De acordo com as regras divulgadas pelo governo, poder\u00e3o receber o G\u00e1s do Povo:<\/p>\n\n\n\n<ul class=\"wp-block-list\">\n<li>Fam\u00edlias inscritas no Cadastro \u00danico (Cad\u00danico);<\/li>\n\n\n\n<li>Benefici\u00e1rios do Bolsa Fam\u00edlia ou outros programas sociais;<\/li>\n\n\n\n<li>Fam\u00edlias com renda mensal de at\u00e9 meio sal\u00e1rio m\u00ednimo por pessoa;<\/li>\n\n\n\n<li>Lares em situa\u00e7\u00e3o de vulnerabilidade comprovada, especialmente os que enfrentam dificuldades para comprar o botij\u00e3o de g\u00e1s regularmente.<\/li>\n<\/ul>\n\n\n\n<p><\/p>\n","protected":false},"excerpt":{"rendered":"<p>O governo federal anunciou, neste m\u00eas, a cria\u00e7\u00e3o do G\u00e1s do Povo, um novo programa social que chega para complementar o Bolsa Fam\u00edlia e ampliar a prote\u00e7\u00e3o \u00e0s fam\u00edlias de baixa renda. A iniciativa, aprovada pelo presidente Lula, promete oferecer mais seguran\u00e7a no or\u00e7amento dom\u00e9stico, especialmente para quem enfrenta dificuldades para custear itens essenciais. O [&hellip;]<\/p>\n","protected":false},"author":4,"featured_media":2170,"comment_status":"open","ping_status":"open","sticky":false,"template":"","format":"standard","meta":{"jnews-multi-image_gallery":[],"jnews_single_post":{"format":"standard"},"jnews_primary_category":[],"jnews_social_meta":[],"jnews_post_split":[],"footnotes":""},"categories":[1],"tags":[],"class_list":["post-10440","post","type-post","status-publish","format-standard","has-post-thumbnail","hentry","category-uncategorized"],"_links":{"self":[{"href":"https:\/\/diariodepernambuco.audiencelabs.com.br\/wp-json\/wp\/v2\/posts\/10440","targetHints":{"allow":["GET"]}}],"collection":[{"href":"https:\/\/diariodepernambuco.audiencelabs.com.br\/wp-json\/wp\/v2\/posts"}],"about":[{"href":"https:\/\/diariodepernambuco.audiencelabs.com.br\/wp-json\/wp\/v2\/types\/post"}],"author":[{"embeddable":true,"href":"https:\/\/diariodepernambuco.audiencelabs.com.br\/wp-json\/wp\/v2\/users\/4"}],"replies":[{"embeddable":true,"href":"https:\/\/diariodepernambuco.audiencelabs.com.br\/wp-json\/wp\/v2\/comments?post=10440"}],"version-history":[{"count":2,"href":"https:\/\/diariodepernambuco.audiencelabs.com.br\/wp-json\/wp\/v2\/posts\/10440\/revisions"}],"predecessor-version":[{"id":10443,"href":"https:\/\/diariodepernambuco.audiencelabs.com.br\/wp-json\/wp\/v2\/posts\/10440\/revisions\/10443"}],"wp:featuredmedia":[{"embeddable":true,"href":"https:\/\/diariodepernambuco.audiencelabs.com.br\/wp-json\/wp\/v2\/media\/2170"}],"wp:attachment":[{"href":"https:\/\/diariodepernambuco.audiencelabs.com.br\/wp-json\/wp\/v2\/media?parent=10440"}],"wp:term":[{"taxonomy":"category","embeddable":true,"href":"https:\/\/diariodepernambuco.audiencelabs.com.br\/wp-json\/wp\/v2\/categories?post=10440"},{"taxonomy":"post_tag","embeddable":true,"href":"https:\/\/diariodepernambuco.audiencelabs.com.br\/wp-json\/wp\/v2\/tags?post=10440"}],"curies":[{"name":"wp","href":"https:\/\/api.w.org\/{rel}","templated":true}]}}