{"id":10460,"date":"2025-11-29T04:00:00","date_gmt":"2025-11-29T07:00:00","guid":{"rendered":"https:\/\/diariodepernambuco.audiencelabs.com.br\/?p=10460"},"modified":"2025-11-28T18:28:36","modified_gmt":"2025-11-28T21:28:36","slug":"bolsonaro-vai-ter-direito-a-saidao-de-natal-na-prisao","status":"publish","type":"post","link":"https:\/\/diariodepernambuco.audiencelabs.com.br\/bolsonaro-vai-ter-direito-a-saidao-de-natal-na-prisao\/","title":{"rendered":"Bolsonaro vai ter direito a said\u00e3o de Natal na pris\u00e3o?"},"content":{"rendered":"\n<p>Preso na Superintend\u00eancia da Pol\u00edcia Federal em Bras\u00edlia, o ex-presidente Jair Bolsonaro n\u00e3o ter\u00e1 direito ao chamado \u201csaid\u00e3o\u201d de Natal. A restri\u00e7\u00e3o ocorre devido a uma mudan\u00e7a na legisla\u00e7\u00e3o aprovada pela C\u00e2mara dos Deputados em 2024, com forte apoio de parlamentares bolsonaristas, que praticamente eliminou o benef\u00edcio em datas comemorativas.<\/p>\n\n\n\n<p>Na \u00e9poca, o projeto recebeu parecer favor\u00e1vel do senador Fl\u00e1vio Bolsonaro (PL-RJ), filho do ex-presidente, na Comiss\u00e3o de Seguran\u00e7a P\u00fablica (CSP). O parlamentar tamb\u00e9m incorporou uma emenda apresentada pelo senador Sergio Moro (Uni\u00e3o-PR), refor\u00e7ando as limita\u00e7\u00f5es ao benef\u00edcio.<\/p>\n\n\n\n<p>Apesar de ter apoiado o fim das sa\u00eddas tempor\u00e1rias, Fl\u00e1vio Bolsonaro defendeu que o benef\u00edcio fosse mantido para detentos matriculados em cursos profissionalizantes ou no ensino m\u00e9dio e superior. Segundo ele, \u201cao permitir que presos ainda n\u00e3o reintegrados ao conv\u00edvio social se beneficiem da sa\u00edda tempor\u00e1ria, o poder p\u00fablico coloca toda a popula\u00e7\u00e3o em risco\u201d.<\/p>\n\n\n\n<p>O texto, sancionado com vetos pelo presidente Luiz In\u00e1cio Lula da Silva, limita a sa\u00edda tempor\u00e1ria a detentos do regime semiaberto e apenas para atividades de trabalho ou estudo. As visitas aos familiares em datas comemorativas deixaram de ser autorizadas.<\/p>\n\n\n\n<p>Antes da mudan\u00e7a, a Lei de Execu\u00e7\u00e3o Penal permitia as chamadas \u201csaidinhas\u201d para que presos do regime semiaberto visitassem seus familiares em datas comemorativas. O benef\u00edcio poderia ser concedido ap\u00f3s o cumprimento de 1\/6 da pena para r\u00e9us prim\u00e1rios e 1\/4 para reincidentes. Al\u00e9m disso, essas sa\u00eddas eram limitadas a at\u00e9 cinco vezes por ano, com dura\u00e7\u00e3o m\u00e1xima de sete dias cada.<\/p>\n\n\n\n<p>A execu\u00e7\u00e3o da pena de Bolsonaro foi determinada depois que o STF confirmou o tr\u00e2nsito em julgado da a\u00e7\u00e3o penal sobre a trama golpista \u2014 momento em que n\u00e3o h\u00e1 mais possibilidade de recursos. Da senten\u00e7a total, 24 anos e nove meses correspondem \u00e0 pena de reclus\u00e3o, enquanto dois anos e seis meses devem ser cumpridos em regime de deten\u00e7\u00e3o na Pol\u00edcia Federal.<\/p>\n\n\n\n<p><\/p>\n","protected":false},"excerpt":{"rendered":"<p>Preso na Superintend\u00eancia da Pol\u00edcia Federal em Bras\u00edlia, o ex-presidente Jair Bolsonaro n\u00e3o ter\u00e1 direito ao chamado \u201csaid\u00e3o\u201d de Natal. A restri\u00e7\u00e3o ocorre devido a uma mudan\u00e7a na legisla\u00e7\u00e3o aprovada pela C\u00e2mara dos Deputados em 2024, com forte apoio de parlamentares bolsonaristas, que praticamente eliminou o benef\u00edcio em datas comemorativas. Na \u00e9poca, o projeto recebeu [&hellip;]<\/p>\n","protected":false},"author":4,"featured_media":10076,"comment_status":"open","ping_status":"open","sticky":false,"template":"","format":"standard","meta":{"jnews-multi-image_gallery":[],"jnews_single_post":{"format":"standard"},"jnews_primary_category":[],"jnews_social_meta":[],"jnews_post_split":[],"footnotes":""},"categories":[1],"tags":[],"class_list":["post-10460","post","type-post","status-publish","format-standard","has-post-thumbnail","hentry","category-uncategorized"],"_links":{"self":[{"href":"https:\/\/diariodepernambuco.audiencelabs.com.br\/wp-json\/wp\/v2\/posts\/10460","targetHints":{"allow":["GET"]}}],"collection":[{"href":"https:\/\/diariodepernambuco.audiencelabs.com.br\/wp-json\/wp\/v2\/posts"}],"about":[{"href":"https:\/\/diariodepernambuco.audiencelabs.com.br\/wp-json\/wp\/v2\/types\/post"}],"author":[{"embeddable":true,"href":"https:\/\/diariodepernambuco.audiencelabs.com.br\/wp-json\/wp\/v2\/users\/4"}],"replies":[{"embeddable":true,"href":"https:\/\/diariodepernambuco.audiencelabs.com.br\/wp-json\/wp\/v2\/comments?post=10460"}],"version-history":[{"count":3,"href":"https:\/\/diariodepernambuco.audiencelabs.com.br\/wp-json\/wp\/v2\/posts\/10460\/revisions"}],"predecessor-version":[{"id":10463,"href":"https:\/\/diariodepernambuco.audiencelabs.com.br\/wp-json\/wp\/v2\/posts\/10460\/revisions\/10463"}],"wp:featuredmedia":[{"embeddable":true,"href":"https:\/\/diariodepernambuco.audiencelabs.com.br\/wp-json\/wp\/v2\/media\/10076"}],"wp:attachment":[{"href":"https:\/\/diariodepernambuco.audiencelabs.com.br\/wp-json\/wp\/v2\/media?parent=10460"}],"wp:term":[{"taxonomy":"category","embeddable":true,"href":"https:\/\/diariodepernambuco.audiencelabs.com.br\/wp-json\/wp\/v2\/categories?post=10460"},{"taxonomy":"post_tag","embeddable":true,"href":"https:\/\/diariodepernambuco.audiencelabs.com.br\/wp-json\/wp\/v2\/tags?post=10460"}],"curies":[{"name":"wp","href":"https:\/\/api.w.org\/{rel}","templated":true}]}}