{"id":10467,"date":"2025-11-29T03:30:00","date_gmt":"2025-11-29T06:30:00","guid":{"rendered":"https:\/\/diariodepernambuco.audiencelabs.com.br\/?p=10467"},"modified":"2025-11-28T18:46:28","modified_gmt":"2025-11-28T21:46:28","slug":"bolsonaro-foi-preso-mas-segue-tendo-alguns-direitos-importantes-na-prisao","status":"publish","type":"post","link":"https:\/\/diariodepernambuco.audiencelabs.com.br\/bolsonaro-foi-preso-mas-segue-tendo-alguns-direitos-importantes-na-prisao\/","title":{"rendered":"Bolsonaro foi preso mas segue tendo alguns direitos importantes na pris\u00e3o"},"content":{"rendered":"\n<p>O in\u00edcio do cumprimento de pena do ex-presidente Jair Bolsonaro (PL) n\u00e3o elimina seu direito a contar com uma equipe de at\u00e9 oito assessores e dois ve\u00edculos oficiais, garantidos pelo cargo que ocupou. Essa estrutura est\u00e1 prevista em uma lei de 1986 e em um decreto de 2008 \u2014 normas que tamb\u00e9m asseguraram o mesmo benef\u00edcio ao presidente Luiz In\u00e1cio Lula da Silva enquanto ele esteve condenado.<\/p>\n\n\n\n<p>Pelas regras, ex-presidentes podem ter at\u00e9 oito servidores \u00e0 disposi\u00e7\u00e3o: quatro destinados \u00e0 seguran\u00e7a e apoio pessoal, dois atuando como assessores e dois como motoristas. Em entrevista ao Jornal O Globo, \u00c1lvaro Jorge, professor da FGV Direito Rio, avaliou que o tema deve ser reexaminado pelo Legislativo.<\/p>\n\n\n\n<p>&#8220;Com essa lei, o Brasil segue uma tradi\u00e7\u00e3o de outros pa\u00edses como os Estados Unidos. A ideia \u00e9 preservar a figura do mandat\u00e1rio no futuro. Evidentemente que ningu\u00e9m pensou nessa regra imaginando que ex-presidentes seriam presos, como ocorreu com Lula e Bolsonaro. \u00c9, ent\u00e3o, um tema a ser rediscutido pelo Congresso Nacional&#8221;, disse.<\/p>\n\n\n\n<p>Bolsonaro tamb\u00e9m seguir\u00e1 recebendo a aposentadoria parlamentar de R$ 41.563,98, paga pela C\u00e2mara dos Deputados. De acordo com a assessoria da Casa, n\u00e3o existe previs\u00e3o legal para cassar aposentadoria por causa de condena\u00e7\u00e3o criminal, e a C\u00e2mara n\u00e3o recebeu qualquer comunica\u00e7\u00e3o do Judici\u00e1rio que determinasse medida nesse sentido.<\/p>\n\n\n\n<p>Bolsonaro recebe o benef\u00edcio desde dezembro de 2022, ap\u00f3s n\u00e3o conseguir se reeleger para a Presid\u00eancia da Rep\u00fablica. No total, 375 ex-deputados contam atualmente com a aposentadoria parlamentar. Antes de chegar ao Pal\u00e1cio do Planalto \u2014 onde tomou posse em 2019 \u2014 o ex-presidente construiu uma longa trajet\u00f3ria na C\u00e2mara dos Deputados, exercendo mandatos consecutivos de 1991 a 2018.<\/p>\n","protected":false},"excerpt":{"rendered":"<p>O in\u00edcio do cumprimento de pena do ex-presidente Jair Bolsonaro (PL) n\u00e3o elimina seu direito a contar com uma equipe de at\u00e9 oito assessores e dois ve\u00edculos oficiais, garantidos pelo cargo que ocupou. Essa estrutura est\u00e1 prevista em uma lei de 1986 e em um decreto de 2008 \u2014 normas que tamb\u00e9m asseguraram o mesmo [&hellip;]<\/p>\n","protected":false},"author":4,"featured_media":3281,"comment_status":"open","ping_status":"open","sticky":false,"template":"","format":"standard","meta":{"jnews-multi-image_gallery":[],"jnews_single_post":{"format":"standard"},"jnews_primary_category":[],"jnews_social_meta":[],"jnews_post_split":[],"footnotes":""},"categories":[1],"tags":[],"class_list":["post-10467","post","type-post","status-publish","format-standard","has-post-thumbnail","hentry","category-uncategorized"],"_links":{"self":[{"href":"https:\/\/diariodepernambuco.audiencelabs.com.br\/wp-json\/wp\/v2\/posts\/10467","targetHints":{"allow":["GET"]}}],"collection":[{"href":"https:\/\/diariodepernambuco.audiencelabs.com.br\/wp-json\/wp\/v2\/posts"}],"about":[{"href":"https:\/\/diariodepernambuco.audiencelabs.com.br\/wp-json\/wp\/v2\/types\/post"}],"author":[{"embeddable":true,"href":"https:\/\/diariodepernambuco.audiencelabs.com.br\/wp-json\/wp\/v2\/users\/4"}],"replies":[{"embeddable":true,"href":"https:\/\/diariodepernambuco.audiencelabs.com.br\/wp-json\/wp\/v2\/comments?post=10467"}],"version-history":[{"count":2,"href":"https:\/\/diariodepernambuco.audiencelabs.com.br\/wp-json\/wp\/v2\/posts\/10467\/revisions"}],"predecessor-version":[{"id":10470,"href":"https:\/\/diariodepernambuco.audiencelabs.com.br\/wp-json\/wp\/v2\/posts\/10467\/revisions\/10470"}],"wp:featuredmedia":[{"embeddable":true,"href":"https:\/\/diariodepernambuco.audiencelabs.com.br\/wp-json\/wp\/v2\/media\/3281"}],"wp:attachment":[{"href":"https:\/\/diariodepernambuco.audiencelabs.com.br\/wp-json\/wp\/v2\/media?parent=10467"}],"wp:term":[{"taxonomy":"category","embeddable":true,"href":"https:\/\/diariodepernambuco.audiencelabs.com.br\/wp-json\/wp\/v2\/categories?post=10467"},{"taxonomy":"post_tag","embeddable":true,"href":"https:\/\/diariodepernambuco.audiencelabs.com.br\/wp-json\/wp\/v2\/tags?post=10467"}],"curies":[{"name":"wp","href":"https:\/\/api.w.org\/{rel}","templated":true}]}}