{"id":10492,"date":"2025-12-01T13:00:17","date_gmt":"2025-12-01T16:00:17","guid":{"rendered":"https:\/\/diariodepernambuco.audiencelabs.com.br\/?p=10492"},"modified":"2025-12-01T18:08:09","modified_gmt":"2025-12-01T21:08:09","slug":"lista-de-trabalhadores-brasileiros-recebe-pagamento-de-r-1-665","status":"publish","type":"post","link":"https:\/\/diariodepernambuco.audiencelabs.com.br\/lista-de-trabalhadores-brasileiros-recebe-pagamento-de-r-1-665\/","title":{"rendered":"Lista de trabalhadores brasileiros recebe pagamento de R$ 1.665"},"content":{"rendered":"\n<p>A nova atualiza\u00e7\u00e3o do sal\u00e1rio m\u00ednimo estadual no Rio de Janeiro trouxe al\u00edvio para milhares de trabalhadores, que passaram a receber R$ 1.665, valor superior ao piso nacional de R$ 1.518. A medida refor\u00e7a o compromisso do estado em assegurar uma remunera\u00e7\u00e3o mais justa diante do custo de vida local, beneficiando especialmente profissionais de setores essenciais.<\/p>\n\n\n\n<p>Al\u00e9m de elevar o rendimento de quem atua em \u00e1reas estrat\u00e9gicas, o novo piso regional tamb\u00e9m busca reduzir desigualdades salariais dentro do pr\u00f3prio estado. Categorias como trabalhadores dom\u00e9sticos, auxiliares de servi\u00e7os gerais, empregados do com\u00e9rcio, auxiliares administrativos e fun\u00e7\u00f5es t\u00e9cnicas de n\u00edvel m\u00e9dio est\u00e3o entre as contempladas pelo reajuste.<\/p>\n\n\n\n<p>Com a atualiza\u00e7\u00e3o, o Rio de Janeiro mant\u00e9m sua tradi\u00e7\u00e3o de estabelecer um sal\u00e1rio m\u00ednimo mais elevado que o nacional, garantindo maior poder de compra e fortalecendo a economia local por meio da valoriza\u00e7\u00e3o da m\u00e3o de obra.<\/p>\n\n\n\n<p>Mesmo assim, o estado fica atr\u00e1s de outros como Paran\u00e1 e Santa Catarina, que pagam um sal\u00e1rio m\u00ednimo que ultrapassa R$ 2 mil. Apesar dessa diferen\u00e7a, especialistas apontam que o reajuste fluminense ainda representa um avan\u00e7o importante no cen\u00e1rio regional, especialmente em um momento de infla\u00e7\u00e3o persistente e aumento no custo de itens b\u00e1sicos, como alimenta\u00e7\u00e3o e transporte.<\/p>\n\n\n<style>@media (min-width: 992px) {\n    .recomendadorV2Area1 {\n        width: 280px;\n    }\n    .recomendadorV2Area2 {\n        padding: 0px 20px;\n        width: calc(100% - 280px);\n    }\n}\n\n@media (max-width: 992px) {\n    .recomendadorV2Button {\n        margin: 0 auto;\n    }\n    .recomendadorV2Area {\n        flex-direction: column;\n        text-align: center;\n    }\n    .recomendadorV2Area2 {\n        padding: 0px 20px;\n    }\n}\n\n.recomendadorV2Area {\n    background: #eeeeee3d;\n    border-radius: 10px;\n    padding: 15px;\n    display: flex;\n    margin: 15px auto;\n    border: 1px solid #00000014;\n    max-width: 800px;\n}\n\n.recomendadorV2Area1 img {\n    width: 280px;\n    height: auto;\n    border-radius: 8px;\n}\n\n.linkrecomendadorv2 {\n    text-decoration: none !important;\n}\n\n.recomendadorV2Area2 .recomendadorV2Type {\n    text-transform: uppercase;\n    font-weight: 500;\n    font-size: 11px;\n    letter-spacing: 2px;\n    color: #666;\n    margin: 12px 0;\n    display: block;\n}\n\n.recomendadorV2Title h2 {\n    padding-top: 0px !important;\n    margin: 0px !important;\n    border-left: none !important;\n    padding-left: 0px !important;\n    line-height: 1.3;\n    color: #000 !important;\n    font-size: 24px;\n    margin-bottom: 12px !important;\n}\n\n.recomendadorV2Desc {\n    color: #333;\n    margin: 12px 0px !important;\n    font-size: 15px;\n    line-height: 1.5;\n}\n\n.recomendadorV2Button {\n    width: auto;\n    max-width: 200px;\n    margin: 0;\n    display: inline-flex;\n    align-items: center;\n    background: #1D3557;\n    border-radius: 8px;\n    color: #fff;\n    height: 36px;\n    justify-content: center;\n    text-align: center;\n    font-size: 14px;\n    padding: 0 20px;\n    transition: background-color 0.2s ease;\n}\n\n.recomendadorV2Button:hover {\n    background: #2a4d7a;\n}\n\n.recomendadorV2Button:after {\n    margin-top: -2px;\n    content: \"\u2192\";\n    padding: 0px 0px 0px 8px;\n}\n\n.recomendadorV2Alert {\n    text-align: left;\n    font-size: 11px;\n    margin-top: 8px;\n    color: #666;\n}\n\n.recomendadorFixedArea {\n    width: 100%;\n    display: flex;\n    justify-content: center;\n    align-items: center;\n}\n\n@media (min-width: 992px) {\n    #recomendadorFixed {\n        width: 32% !important;\n        left: 5%;\n    }\n    .recomendadorCloseFixed{\n        right: inherit !important;\n        left: 378px !important;\n    }\n}\n\n#recomendadorFixed {\n    width: 90%;\n    box-shadow: 0 10px 20px 0px #00000057;\n    display: none;\n    height: 90px;\n    background: #F6F6F6;\n    position: fixed;\n    flex-direction: row;\n    bottom: 10px;\n    z-index: 9999;\n    border-radius: 16px;\n    padding: 7px 10px;\n}\n\n.recomendadorLeftArea {\n    width: 160px;\n}\n\n.recomendadorRightArea h2 {\n    padding-top: 0px;\n    margin: 2px 0px 4px 0px !important;\n    font-weight: 400;\n    text-align: center;\n    padding-left: 0px !important;\n    color: #000 !important;\n    border-left: none !important;\n    line-height: 20px;\n    font-size: 12px !important;\n}\n\n.recomendadorImgFixed {\n    overflow: hidden;\n    padding: 8px 6px;\n    height: 100%;\n}\n\n.recomendadorImgFixed img {\n    height: 100% !important;\n    border-radius: 16px;\n}\n\n.recomendadorRightArea {\n    padding-top: 6px;\n    display: flex;\n    width: calc(100% - 130px);\n    justify-content: space-between;\n    align-items: center;\n    flex-direction: column;\n}\n\n.recomendadorButtonFixed {\n    margin: 0 auto;\n    background: #1D3557;\n    width: 80%;\n    text-align: center;\n    font-size: 10px;\n    color: #FFF;\n    padding: 2px 10px;\n    border-radius: 3px;\n}\n\n.recomendadorButtonFixed:after {\n    margin-top: -3px;\n    content: \"\u2192\";\n    padding: 0px 0px 0px 10px;\n}\n\n.recomendadorAlertFixed {\n    font-weight: 400;\n    text-align: center;\n    color: #484848;\n    font-size: 8px;\n}\n\n.recomendadorCloseFixed {\n    z-index: 99999;\n    display: none;\n    right: 0px;\n    left: inherit;\n    bottom: 99px;\n    position: fixed;\n    justify-content: center;\n    background: #F6F6F6;\n    width: 25px;\n    align-items: center;\n    height: 25px;\n    font-weight: 800;\n    border-radius: 50%;\n    border: 1px solid #EBEBEB;\n}\n\n.recomendadorV2Desc{\n    color: #000000;\n    margin: 20px 0px;\n}\n\n@media (max-width: 576px) {\n    .recomendadorV2Area {\n      padding: 10px;\n      max-width: 100%;\n    }\n  \n    .recomendadorV2Area1 img {\n      width: 100%;\n      border-radius: 6px;\n    }\n  \n    .recomendadorV2Area2 .recomendadorV2Type {\n      font-size: 9px;\n      letter-spacing: 1px;\n      margin: 8px 0;\n    }\n  \n    .recomendadorV2Title h2 {\n      font-size: 18px !important;\n      margin-bottom: 8px !important;\n      line-height: 1.2;\n    }\n  \n    .recomendadorV2Desc {\n      font-size: 14px;\n      margin: 8px 0 !important;\n      line-height: 1.4;\n    }\n  \n    .recomendadorV2Button {\n      font-size: 12px;\n      height: 30px;\n      padding: 0 12px;\n      max-width: 160px;\n    }\n  \n    .recomendadorV2Button:after {\n      padding-left: 6px;\n    }\n  }\n  <\/style>\n        <div class=\"lazyblock-recomendador-v2-2jDGz wp-block-lazyblock-recomendador-v2\">\n        <a class=\"linkrecomendadorv2\" href=\"https:\/\/diariodepernambuco.com.br\/dpmais\/dono-da-havan-comprou-frota-de-helicopteros-e-mostrou-que-tem-muito-dinheiro-enquanto-eike-batista-faliu\/?utm_source=lazy\" target=\"_blank\" rel=\"noopener\">\n            <div class=\"recomendadorV2Area\">\n            <div class=\"recomendadorV2Area1\">\n                <div class=\"recomendadorV2Img\">\n                <img class=\"lazyloaded\" decoding=\"async\" src=\"https:\/\/diariodepernambuco.com.br\/dpmais\/wp-content\/uploads\/2025\/11\/Luciano-Hang-e1762187972689-750x375.jpg\" data-src=\"https:\/\/diariodepernambuco.com.br\/dpmais\/wp-content\/uploads\/2025\/11\/Luciano-Hang-e1762187972689-750x375.jpg\" alt=\"\">\n                <\/div>\n            <\/div>\n            <div class=\"recomendadorV2Area2\">\n                <div class=\"recomendadorV2Type\">\n                    <span>Fortuna em alta<\/span>\n                <\/div>\n                <div class=\"recomendadorV2Title\">\n                <h2><span>Dono da Havan surpreende \ud83d\udcb8<\/span><\/h2>\n                <\/div>\n                <div class=\"recomendadorV2Desc\">\n                <span>Veja a nova frota milion\u00e1ria de helic\u00f3pteros<\/span>\n                <\/div>\n                <div class=\"recomendadorV2Button\">Ler mat\u00e9ria<\/div>\n                <div class=\"recomendadorV2Alert\"><\/div>\n            <\/div>\n            <\/div>\n        <\/a>\n        <div>\n            <div style=\"z-index:99999;\" id=\"buttonClose\" onclick=\"closeRecomendadorFixed()\">\n            <div class=\"recomendadorCloseFixed\">X<\/div>\n            <\/div>\n            <a href=\"https:\/\/diariodepernambuco.com.br\/dpmais\/dono-da-havan-comprou-frota-de-helicopteros-e-mostrou-que-tem-muito-dinheiro-enquanto-eike-batista-faliu\/?utm_source=lazy\" target=\"_blank\" rel=\"noopener\">\n            <div class=\"recomendadorFixedArea\">\n                <div id=\"recomendadorFixed\">\n                <div class=\"recomendadorLeftArea\">\n                    <div class=\"recomendadorImgFixed\">\n                    <img class=\"lazyload\" decoding=\"async\" src=\"https:\/\/diariodepernambuco.com.br\/dpmais\/wp-content\/uploads\/2025\/11\/Luciano-Hang-e1762187972689-750x375.jpg\" alt=\"\">\n                    <\/div>\n                <\/div>\n                <div class=\"recomendadorRightArea\">\n                    <div class=\"recomendadorTitleFixed\">\n                    <h2><span>Dono da Havan surpreende \ud83d\udcb8<\/span><\/h2>\n                    <\/div>\n                    <div class=\"recomendadorButtonFixed\">Ler mat\u00e9ria<\/div>\n                    <div class=\"recomendadorAlertFixed\"><\/div>\n                <\/div>\n                <\/div>\n            <\/div>\n            <\/a>\n        <\/div>\n        <\/div>\n\n\n\n<h2 class=\"wp-block-heading\">Piso estadual e os respectivos valores\/faixas recentes<\/h2>\n\n\n\n<ul class=\"wp-block-list\">\n<li>Paran\u00e1 (PR): piso regional entre R$ 1.984,16 e R$ 2.275,36, dependendo da categoria profissional.<\/li>\n\n\n\n<li>S\u00e3o Paulo (SP): piso regional fixado em R$ 1.804,00 a partir de julho de 2025.<\/li>\n\n\n\n<li>Rio Grande do Sul (RS): piso regional varia de R$ 1.656,52 a R$ 2.099,27 conforme a faixa\/atividade.<\/li>\n\n\n\n<li>Santa Catarina (SC): piso regional varia entre R$ 1.612,26 e R$ 1.844,40, conforme a categoria profissional.<\/li>\n\n\n\n<li>Rio de Janeiro (RJ): o sal\u00e1rio m\u00ednimo regional est\u00e1 dividido em faixas; a menor est\u00e1 em R$ 1.238,11 e as demais variam conforme a categoria.<\/li>\n<\/ul>\n","protected":false},"excerpt":{"rendered":"<p>A nova atualiza\u00e7\u00e3o do sal\u00e1rio m\u00ednimo estadual no Rio de Janeiro trouxe al\u00edvio para milhares de trabalhadores, que passaram a receber R$ 1.665, valor superior ao piso nacional de R$ 1.518. A medida refor\u00e7a o compromisso do estado em assegurar uma remunera\u00e7\u00e3o mais justa diante do custo de vida local, beneficiando especialmente profissionais de setores [&hellip;]<\/p>\n","protected":false},"author":4,"featured_media":2129,"comment_status":"open","ping_status":"open","sticky":false,"template":"","format":"standard","meta":{"jnews-multi-image_gallery":[],"jnews_single_post":{"format":"standard"},"jnews_primary_category":[],"jnews_social_meta":[],"jnews_post_split":[],"footnotes":""},"categories":[1],"tags":[],"class_list":["post-10492","post","type-post","status-publish","format-standard","has-post-thumbnail","hentry","category-uncategorized"],"_links":{"self":[{"href":"https:\/\/diariodepernambuco.audiencelabs.com.br\/wp-json\/wp\/v2\/posts\/10492","targetHints":{"allow":["GET"]}}],"collection":[{"href":"https:\/\/diariodepernambuco.audiencelabs.com.br\/wp-json\/wp\/v2\/posts"}],"about":[{"href":"https:\/\/diariodepernambuco.audiencelabs.com.br\/wp-json\/wp\/v2\/types\/post"}],"author":[{"embeddable":true,"href":"https:\/\/diariodepernambuco.audiencelabs.com.br\/wp-json\/wp\/v2\/users\/4"}],"replies":[{"embeddable":true,"href":"https:\/\/diariodepernambuco.audiencelabs.com.br\/wp-json\/wp\/v2\/comments?post=10492"}],"version-history":[{"count":2,"href":"https:\/\/diariodepernambuco.audiencelabs.com.br\/wp-json\/wp\/v2\/posts\/10492\/revisions"}],"predecessor-version":[{"id":10566,"href":"https:\/\/diariodepernambuco.audiencelabs.com.br\/wp-json\/wp\/v2\/posts\/10492\/revisions\/10566"}],"wp:featuredmedia":[{"embeddable":true,"href":"https:\/\/diariodepernambuco.audiencelabs.com.br\/wp-json\/wp\/v2\/media\/2129"}],"wp:attachment":[{"href":"https:\/\/diariodepernambuco.audiencelabs.com.br\/wp-json\/wp\/v2\/media?parent=10492"}],"wp:term":[{"taxonomy":"category","embeddable":true,"href":"https:\/\/diariodepernambuco.audiencelabs.com.br\/wp-json\/wp\/v2\/categories?post=10492"},{"taxonomy":"post_tag","embeddable":true,"href":"https:\/\/diariodepernambuco.audiencelabs.com.br\/wp-json\/wp\/v2\/tags?post=10492"}],"curies":[{"name":"wp","href":"https:\/\/api.w.org\/{rel}","templated":true}]}}