{"id":10504,"date":"2025-12-01T15:00:00","date_gmt":"2025-12-01T18:00:00","guid":{"rendered":"https:\/\/diariodepernambuco.audiencelabs.com.br\/?p=10504"},"modified":"2025-12-01T18:02:21","modified_gmt":"2025-12-01T21:02:21","slug":"regulamento-em-vigor-flamengo-ainda-nao-vai-ser-nomeado-campeao-oficial-contra-o-palmeiras","status":"publish","type":"post","link":"https:\/\/diariodepernambuco.audiencelabs.com.br\/regulamento-em-vigor-flamengo-ainda-nao-vai-ser-nomeado-campeao-oficial-contra-o-palmeiras\/","title":{"rendered":"Regulamento em vigor: Flamengo ainda n\u00e3o vai ser nomeado campe\u00e3o oficial contra o Palmeiras"},"content":{"rendered":"\n<p>Depois de se enfrentarem na grande decis\u00e3o da Copa Libertadores no \u00faltimo fim de semana, Flamengo e Palmeiras agora voltam suas aten\u00e7\u00f5es para o Campeonato Brasileiro. Tetracampe\u00e3o da Am\u00e9rica com a vit\u00f3ria por 1 a 0 em Lima, no Peru, o Rubro-Negro tem tudo para levar mais uma ta\u00e7a para casa nesta quarta-feira (3).<\/p>\n\n\n\n<p>Com cinco pontos de vantagem para o Alviverde com apenas duas rodadas para serem disputadas, somente uma trag\u00e9dia tira o trof\u00e9u do Flamengo. Para isso, o time comandado pelo t\u00e9cnico Filipe Lu\u00eds teria de ser derrotado para Cear\u00e1 e Mirassol, al\u00e9m do Palmeiras vencer Atl\u00e9tico-MG, em partida atrasada, e o Cear\u00e1.<\/p>\n\n\n\n<h2 class=\"wp-block-heading\">Flamengo na vantagem <\/h2>\n\n\n\n<p>Em resumo: embora o regulamento ainda n\u00e3o d\u00ea o t\u00edtulo ao Flamengo, tudo parece bem encaminhado para Filipe Lu\u00eds e companhia. Outras brigas no Brasileir\u00e3o, no entanto, est\u00e3o bem abertas. Mirassol, Botafogo, Fluminense e Bahia brigam, ponto a ponto, para confirmarem presen\u00e7a j\u00e1 na fase de grupos da Copa Libertadores de 2026.<\/p>\n\n\n\n<p>Equipes como S\u00e3o Paulo, Corinthians, Gr\u00eamio, Vasco e RB Bragantino ainda sonham com a pr\u00e9-Libertadores. J\u00e1 Fortaleza, Internacional, Santos, Vit\u00f3ria e Cear\u00e1 prometem uma briga intensa para n\u00e3o acompanharem Juventude e Sport Recife na temida S\u00e9rie B.<\/p>\n\n\n\n<h2 class=\"wp-block-heading\">Os jogos da 37\u00aa rodada do Brasileir\u00e3o<\/h2>\n\n\n\n<ul class=\"wp-block-list\">\n<li>16\/11, 19h00 &#8211; RB Bragantino 2 x 0 Atl\u00e9tico-MG<\/li>\n\n\n\n<li>19\/11, 19h30 &#8211; Palmeiras 0 x 1 Vit\u00f3ria<\/li>\n\n\n\n<li>02\/12, 19h00 &#8211; Vasco da Gama x Mirassol<\/li>\n\n\n\n<li>02\/12, 21h30 &#8211; Gr\u00eamio x Fluminense<\/li>\n\n\n\n<li>03\/12, 19h00 &#8211; Fortaleza x Corinthians<\/li>\n\n\n\n<li>03\/12, 19h30 &#8211; Juventude x Santos<\/li>\n\n\n\n<li>03\/12, 20h00 &#8211; S\u00e3o Paulo x Internacional<\/li>\n\n\n\n<li>03\/12, 20h00 &#8211; Bahia x Sport Recife<\/li>\n\n\n\n<li>03\/12, 21h30 &#8211; Flamengo x Cear\u00e1<\/li>\n\n\n\n<li>04\/12, 19h30 &#8211; Cruzeiro x Botafogo<\/li>\n<\/ul>\n\n\n\n<p><\/p>\n","protected":false},"excerpt":{"rendered":"<p>Depois de se enfrentarem na grande decis\u00e3o da Copa Libertadores no \u00faltimo fim de semana, Flamengo e Palmeiras agora voltam suas aten\u00e7\u00f5es para o Campeonato Brasileiro. Tetracampe\u00e3o da Am\u00e9rica com a vit\u00f3ria por 1 a 0 em Lima, no Peru, o Rubro-Negro tem tudo para levar mais uma ta\u00e7a para casa nesta quarta-feira (3). Com [&hellip;]<\/p>\n","protected":false},"author":4,"featured_media":10506,"comment_status":"open","ping_status":"open","sticky":false,"template":"","format":"standard","meta":{"jnews-multi-image_gallery":[],"jnews_single_post":{"format":"standard"},"jnews_primary_category":[],"jnews_social_meta":[],"jnews_post_split":[],"footnotes":""},"categories":[1],"tags":[],"class_list":["post-10504","post","type-post","status-publish","format-standard","has-post-thumbnail","hentry","category-uncategorized"],"_links":{"self":[{"href":"https:\/\/diariodepernambuco.audiencelabs.com.br\/wp-json\/wp\/v2\/posts\/10504","targetHints":{"allow":["GET"]}}],"collection":[{"href":"https:\/\/diariodepernambuco.audiencelabs.com.br\/wp-json\/wp\/v2\/posts"}],"about":[{"href":"https:\/\/diariodepernambuco.audiencelabs.com.br\/wp-json\/wp\/v2\/types\/post"}],"author":[{"embeddable":true,"href":"https:\/\/diariodepernambuco.audiencelabs.com.br\/wp-json\/wp\/v2\/users\/4"}],"replies":[{"embeddable":true,"href":"https:\/\/diariodepernambuco.audiencelabs.com.br\/wp-json\/wp\/v2\/comments?post=10504"}],"version-history":[{"count":3,"href":"https:\/\/diariodepernambuco.audiencelabs.com.br\/wp-json\/wp\/v2\/posts\/10504\/revisions"}],"predecessor-version":[{"id":10562,"href":"https:\/\/diariodepernambuco.audiencelabs.com.br\/wp-json\/wp\/v2\/posts\/10504\/revisions\/10562"}],"wp:featuredmedia":[{"embeddable":true,"href":"https:\/\/diariodepernambuco.audiencelabs.com.br\/wp-json\/wp\/v2\/media\/10506"}],"wp:attachment":[{"href":"https:\/\/diariodepernambuco.audiencelabs.com.br\/wp-json\/wp\/v2\/media?parent=10504"}],"wp:term":[{"taxonomy":"category","embeddable":true,"href":"https:\/\/diariodepernambuco.audiencelabs.com.br\/wp-json\/wp\/v2\/categories?post=10504"},{"taxonomy":"post_tag","embeddable":true,"href":"https:\/\/diariodepernambuco.audiencelabs.com.br\/wp-json\/wp\/v2\/tags?post=10504"}],"curies":[{"name":"wp","href":"https:\/\/api.w.org\/{rel}","templated":true}]}}