{"id":10515,"date":"2025-12-02T15:30:00","date_gmt":"2025-12-02T18:30:00","guid":{"rendered":"https:\/\/diariodepernambuco.audiencelabs.com.br\/?p=10515"},"modified":"2025-12-01T15:32:22","modified_gmt":"2025-12-01T18:32:22","slug":"revelado-quem-tem-que-fazer-a-nova-identidade-ate-o-dia-30-de-dezembro","status":"publish","type":"post","link":"https:\/\/diariodepernambuco.audiencelabs.com.br\/revelado-quem-tem-que-fazer-a-nova-identidade-ate-o-dia-30-de-dezembro\/","title":{"rendered":"Revelado quem tem que fazer a nova Identidade at\u00e9 o dia 30 de dezembro"},"content":{"rendered":"\n<p>Com a chegada da Nova Carteira de Identidade, milh\u00f5es de brasileiros j\u00e1 se adaptaram ao modelo unificado. Dispon\u00edvel nas vers\u00f5es f\u00edsica e digital, o documento garante mais seguran\u00e7a e padroniza\u00e7\u00e3o. At\u00e9 outubro de 2025, mais de 38 milh\u00f5es de pessoas haviam emitido a nova carteira, um aumento de quase 60% em rela\u00e7\u00e3o ao ano anterior.<\/p>\n\n\n\n<p>A moderniza\u00e7\u00e3o n\u00e3o s\u00f3 padronizou a identifica\u00e7\u00e3o nacional, como tamb\u00e9m facilitou o acesso a benef\u00edcios e servi\u00e7os p\u00fablicos, impactando diretamente a rotina de quem depende desses sistemas. A principal mudan\u00e7a da Nova Carteira de Identidade \u00e9 a ado\u00e7\u00e3o do CPF como n\u00famero \u00fanico de registro, substituindo os m\u00faltiplos identificadores do modelo anterior.<\/p>\n\n\n\n<p>Al\u00e9m das recomenda\u00e7\u00f5es gerais para toda a popula\u00e7\u00e3o, alguns grupos t\u00eam prazo espec\u00edfico para realizar a troca do documento. No Piau\u00ed, todos os servidores p\u00fablicos estaduais \u2014 incluindo efetivos, comissionados, terceirizados, tempor\u00e1rios e tamb\u00e9m os inativos \u2014 tem prazos definidos para emitir a Nova Carteira de Identidade.<\/p>\n\n\n\n<p>At\u00e9 30 de dezembro de 2025, comissionados, terceirizados e tempor\u00e1rios devem iniciar a troca obrigat\u00f3ria do documento. J\u00e1 os servidores efetivos ativos t\u00eam prazo at\u00e9 27 de fevereiro de 2026 para realizar a atualiza\u00e7\u00e3o, enquanto inativos e pensionistas precisam concluir o processo at\u00e9 30 de abril de 2026.<\/p>\n\n\n\n<p>Para a popula\u00e7\u00e3o em geral, o prazo final para substituir o RG pela Nova Carteira de Identidade se estende at\u00e9 2032, garantindo tempo amplo para que todos fa\u00e7am a mudan\u00e7a com tranquilidade. No entanto, para os grupos que possuem prazos espec\u00edficos, a atualiza\u00e7\u00e3o precisa ser feita antecipadamente. \u00c9 importante lembrar que tanto a primeira via quanto as renova\u00e7\u00f5es do documento s\u00e3o gratuitas.<\/p>\n\n\n\n<p><\/p>\n","protected":false},"excerpt":{"rendered":"<p>Com a chegada da Nova Carteira de Identidade, milh\u00f5es de brasileiros j\u00e1 se adaptaram ao modelo unificado. Dispon\u00edvel nas vers\u00f5es f\u00edsica e digital, o documento garante mais seguran\u00e7a e padroniza\u00e7\u00e3o. At\u00e9 outubro de 2025, mais de 38 milh\u00f5es de pessoas haviam emitido a nova carteira, um aumento de quase 60% em rela\u00e7\u00e3o ao ano anterior. [&hellip;]<\/p>\n","protected":false},"author":4,"featured_media":432,"comment_status":"open","ping_status":"open","sticky":false,"template":"","format":"standard","meta":{"jnews-multi-image_gallery":[],"jnews_single_post":{"format":"standard"},"jnews_primary_category":[],"jnews_social_meta":[],"jnews_post_split":[],"footnotes":""},"categories":[1],"tags":[],"class_list":["post-10515","post","type-post","status-publish","format-standard","has-post-thumbnail","hentry","category-uncategorized"],"_links":{"self":[{"href":"https:\/\/diariodepernambuco.audiencelabs.com.br\/wp-json\/wp\/v2\/posts\/10515","targetHints":{"allow":["GET"]}}],"collection":[{"href":"https:\/\/diariodepernambuco.audiencelabs.com.br\/wp-json\/wp\/v2\/posts"}],"about":[{"href":"https:\/\/diariodepernambuco.audiencelabs.com.br\/wp-json\/wp\/v2\/types\/post"}],"author":[{"embeddable":true,"href":"https:\/\/diariodepernambuco.audiencelabs.com.br\/wp-json\/wp\/v2\/users\/4"}],"replies":[{"embeddable":true,"href":"https:\/\/diariodepernambuco.audiencelabs.com.br\/wp-json\/wp\/v2\/comments?post=10515"}],"version-history":[{"count":2,"href":"https:\/\/diariodepernambuco.audiencelabs.com.br\/wp-json\/wp\/v2\/posts\/10515\/revisions"}],"predecessor-version":[{"id":10517,"href":"https:\/\/diariodepernambuco.audiencelabs.com.br\/wp-json\/wp\/v2\/posts\/10515\/revisions\/10517"}],"wp:featuredmedia":[{"embeddable":true,"href":"https:\/\/diariodepernambuco.audiencelabs.com.br\/wp-json\/wp\/v2\/media\/432"}],"wp:attachment":[{"href":"https:\/\/diariodepernambuco.audiencelabs.com.br\/wp-json\/wp\/v2\/media?parent=10515"}],"wp:term":[{"taxonomy":"category","embeddable":true,"href":"https:\/\/diariodepernambuco.audiencelabs.com.br\/wp-json\/wp\/v2\/categories?post=10515"},{"taxonomy":"post_tag","embeddable":true,"href":"https:\/\/diariodepernambuco.audiencelabs.com.br\/wp-json\/wp\/v2\/tags?post=10515"}],"curies":[{"name":"wp","href":"https:\/\/api.w.org\/{rel}","templated":true}]}}