{"id":10540,"date":"2025-12-02T18:30:00","date_gmt":"2025-12-02T21:30:00","guid":{"rendered":"https:\/\/diariodepernambuco.audiencelabs.com.br\/?p=10540"},"modified":"2025-12-01T17:15:24","modified_gmt":"2025-12-01T20:15:24","slug":"nova-companhia-aerea-chega-com-frota-gigantesca-de-avioes-brasileiros-e-promete-revolucionar","status":"publish","type":"post","link":"https:\/\/diariodepernambuco.audiencelabs.com.br\/nova-companhia-aerea-chega-com-frota-gigantesca-de-avioes-brasileiros-e-promete-revolucionar\/","title":{"rendered":"Nova companhia a\u00e9rea chega com frota gigantesca de avi\u00f5es brasileiros e promete revolucionar"},"content":{"rendered":"\n<p>A avia\u00e7\u00e3o regional dos Estados Unidos acaba de ganhar um novo protagonista. A Republic Airways Holdings oficializou a fus\u00e3o entre a Republic Airways e a Mesa Air Group, formando a segunda maior companhia a\u00e9rea regional do pa\u00eds e assumindo a lideran\u00e7a mundial em frota de jatos Embraer, agora com 310 aeronaves.<\/p>\n\n\n\n<p>O acordo, anunciado inicialmente em abril de 2025, foi aprovado pelos acionistas da Mesa em 17 de novembro e conclu\u00eddo em 25 de novembro do mesmo ano. Pelo acerto, os acionistas da Republic ficam com aproximadamente 88% da nova empresa, enquanto os da Mesa passam a deter entre 6% e 12%, conforme o cumprimento de obriga\u00e7\u00f5es pr\u00e9vias ao fechamento.<\/p>\n\n\n\n<p>A empresa resultante da fus\u00e3o continuar\u00e1 atendendo aos acordos de presta\u00e7\u00e3o de servi\u00e7os (CPA) com American Airlines, Delta Air Lines e United Airlines \u2014 esta \u00faltima tamb\u00e9m contar\u00e1 com suporte adicional da Mesa, garantido por um novo contrato de 10 anos firmado como parte da integra\u00e7\u00e3o.<\/p>\n\n\n\n<p>Com mais de 1.300 voos di\u00e1rios, a nova Republic Airways Holdings opera exclusivamente aeronaves Embraer, consolidando-se como a maior operadora mundial dos jatos da fabricante brasileira. Os E-Jets seguem como destaque no mercado regional dos EUA, gra\u00e7as ao baixo consumo de combust\u00edvel e \u00e0 capacidade que varia entre 70 e 100 passageiros.<\/p>\n\n\n\n<h2 class=\"wp-block-heading\">Impacto no mercado e planos para expans\u00e3o<\/h2>\n\n\n\n<p>A uni\u00e3o entre Republic e Mesa deve intensificar a competi\u00e7\u00e3o no segmento regional dos EUA, j\u00e1 que a nova companhia nasce com escala suficiente para disputar espa\u00e7o com outras operadoras tradicionais. Com uma frota padronizada e contratos s\u00f3lidos com as maiores a\u00e9reas do pa\u00eds, a empresa ganha vantagem estrat\u00e9gica para ampliar rotas, otimizar custos e melhorar a efici\u00eancia operacional.<\/p>\n\n\n\n<p>Al\u00e9m disso, a aposta exclusiva nos jatos da Embraer refor\u00e7a uma tend\u00eancia crescente de moderniza\u00e7\u00e3o da avia\u00e7\u00e3o regional. A nova Republic Airways Holdings pretende investir em tecnologia, manuten\u00e7\u00e3o avan\u00e7ada e treinamento de tripula\u00e7\u00f5es, visando oferecer voos mais confort\u00e1veis, pontuais e sustent\u00e1veis.<\/p>\n\n\n\n<p><\/p>\n","protected":false},"excerpt":{"rendered":"<p>A avia\u00e7\u00e3o regional dos Estados Unidos acaba de ganhar um novo protagonista. A Republic Airways Holdings oficializou a fus\u00e3o entre a Republic Airways e a Mesa Air Group, formando a segunda maior companhia a\u00e9rea regional do pa\u00eds e assumindo a lideran\u00e7a mundial em frota de jatos Embraer, agora com 310 aeronaves. O acordo, anunciado inicialmente [&hellip;]<\/p>\n","protected":false},"author":4,"featured_media":10543,"comment_status":"open","ping_status":"open","sticky":false,"template":"","format":"standard","meta":{"jnews-multi-image_gallery":[],"jnews_single_post":{"format":"standard"},"jnews_primary_category":[],"jnews_social_meta":[],"jnews_post_split":[],"footnotes":""},"categories":[1],"tags":[],"class_list":["post-10540","post","type-post","status-publish","format-standard","has-post-thumbnail","hentry","category-uncategorized"],"_links":{"self":[{"href":"https:\/\/diariodepernambuco.audiencelabs.com.br\/wp-json\/wp\/v2\/posts\/10540","targetHints":{"allow":["GET"]}}],"collection":[{"href":"https:\/\/diariodepernambuco.audiencelabs.com.br\/wp-json\/wp\/v2\/posts"}],"about":[{"href":"https:\/\/diariodepernambuco.audiencelabs.com.br\/wp-json\/wp\/v2\/types\/post"}],"author":[{"embeddable":true,"href":"https:\/\/diariodepernambuco.audiencelabs.com.br\/wp-json\/wp\/v2\/users\/4"}],"replies":[{"embeddable":true,"href":"https:\/\/diariodepernambuco.audiencelabs.com.br\/wp-json\/wp\/v2\/comments?post=10540"}],"version-history":[{"count":3,"href":"https:\/\/diariodepernambuco.audiencelabs.com.br\/wp-json\/wp\/v2\/posts\/10540\/revisions"}],"predecessor-version":[{"id":10545,"href":"https:\/\/diariodepernambuco.audiencelabs.com.br\/wp-json\/wp\/v2\/posts\/10540\/revisions\/10545"}],"wp:featuredmedia":[{"embeddable":true,"href":"https:\/\/diariodepernambuco.audiencelabs.com.br\/wp-json\/wp\/v2\/media\/10543"}],"wp:attachment":[{"href":"https:\/\/diariodepernambuco.audiencelabs.com.br\/wp-json\/wp\/v2\/media?parent=10540"}],"wp:term":[{"taxonomy":"category","embeddable":true,"href":"https:\/\/diariodepernambuco.audiencelabs.com.br\/wp-json\/wp\/v2\/categories?post=10540"},{"taxonomy":"post_tag","embeddable":true,"href":"https:\/\/diariodepernambuco.audiencelabs.com.br\/wp-json\/wp\/v2\/tags?post=10540"}],"curies":[{"name":"wp","href":"https:\/\/api.w.org\/{rel}","templated":true}]}}