{"id":10552,"date":"2025-12-02T20:00:00","date_gmt":"2025-12-02T23:00:00","guid":{"rendered":"https:\/\/diariodepernambuco.audiencelabs.com.br\/?p=10552"},"modified":"2025-12-01T18:22:58","modified_gmt":"2025-12-01T21:22:58","slug":"noticia-assustadora-sobre-gordura-no-figado-acabou-de-ser-divulgada","status":"publish","type":"post","link":"https:\/\/diariodepernambuco.audiencelabs.com.br\/noticia-assustadora-sobre-gordura-no-figado-acabou-de-ser-divulgada\/","title":{"rendered":"Not\u00edcia assustadora sobre gordura no f\u00edgado acabou de ser divulgada"},"content":{"rendered":"\n<p>A esteatose hep\u00e1tica \u2014 ac\u00famulo de gordura no f\u00edgado \u2014 vem ganhando destaque por afetar um n\u00famero cada vez maior de pessoas. O aumento dos \u00edndices de obesidade no Brasil e no mundo \u00e9 um dos principais motivos para a maior incid\u00eancia dessa condi\u00e7\u00e3o.<\/p>\n\n\n\n<p>No entanto, o excesso de peso n\u00e3o \u00e9 o \u00fanico respons\u00e1vel. Consumo elevado de \u00e1lcool, uso de determinados medicamentos e hepatites virais tamb\u00e9m podem desencadear o ac\u00famulo de gordura no f\u00edgado, tornando-o inflamado e mais vulner\u00e1vel. Quando essa gordura ultrapassa 5% do volume do \u00f3rg\u00e3o, o corpo aciona sinais de alerta, indicando que a fun\u00e7\u00e3o hep\u00e1tica pode estar comprometida.<\/p>\n\n\n\n<p>O f\u00edgado, situado no lado direito do abd\u00f4men, funciona como uma verdadeira central bioqu\u00edmica do corpo. Ele desintoxica o organismo, produz colesterol, sintetiza prote\u00ednas, armazena glicose e fabrica a bile \u2014 subst\u00e2ncia essencial para a digest\u00e3o de gorduras e a elimina\u00e7\u00e3o de toxinas. Quando esse equil\u00edbrio \u00e9 comprometido, os efeitos podem ir muito al\u00e9m do pr\u00f3prio \u00f3rg\u00e3o.<\/p>\n\n\n\n<p>No corpo humano, a gordura deve se concentrar no tecido adiposo. Quando se acumula em \u00f3rg\u00e3os como o f\u00edgado, provoca inflama\u00e7\u00e3o e desregula fun\u00e7\u00f5es do corpo. Por isso, a presen\u00e7a de gordura no f\u00edgado costuma indicar que o cora\u00e7\u00e3o tamb\u00e9m pode estar acumulando gordura ect\u00f3pica, em locais inadequados.<\/p>\n\n\n\n<h2 class=\"wp-block-heading\">Como a gordura no f\u00edgado afeta todo o corpo<\/h2>\n\n\n\n<p>O ac\u00famulo de gordura no f\u00edgado n\u00e3o se limita a comprometer apenas a fun\u00e7\u00e3o hep\u00e1tica. Ele pode desencadear processos inflamat\u00f3rios que interferem no metabolismo, na circula\u00e7\u00e3o e at\u00e9 na sa\u00fade cardiovascular, tornando o organismo mais vulner\u00e1vel a doen\u00e7as cr\u00f4nicas, como diabetes e hipertens\u00e3o.<\/p>\n\n\n\n<p>Al\u00e9m disso, a presen\u00e7a de gordura ect\u00f3pica em \u00f3rg\u00e3os essenciais, como o cora\u00e7\u00e3o, refor\u00e7a a necessidade de aten\u00e7\u00e3o redobrada. Identificar e tratar precocemente a esteatose hep\u00e1tica \u00e9 fundamental n\u00e3o apenas para proteger o f\u00edgado, mas tamb\u00e9m para prevenir complica\u00e7\u00f5es sist\u00eamicas que podem afetar a qualidade de vida a longo prazo.<\/p>\n\n\n\n<p><\/p>\n","protected":false},"excerpt":{"rendered":"<p>A esteatose hep\u00e1tica \u2014 ac\u00famulo de gordura no f\u00edgado \u2014 vem ganhando destaque por afetar um n\u00famero cada vez maior de pessoas. O aumento dos \u00edndices de obesidade no Brasil e no mundo \u00e9 um dos principais motivos para a maior incid\u00eancia dessa condi\u00e7\u00e3o. No entanto, o excesso de peso n\u00e3o \u00e9 o \u00fanico respons\u00e1vel. [&hellip;]<\/p>\n","protected":false},"author":4,"featured_media":10553,"comment_status":"open","ping_status":"open","sticky":false,"template":"","format":"standard","meta":{"jnews-multi-image_gallery":[],"jnews_single_post":{"format":"standard"},"jnews_primary_category":[],"jnews_social_meta":[],"jnews_post_split":[],"footnotes":""},"categories":[1],"tags":[],"class_list":["post-10552","post","type-post","status-publish","format-standard","has-post-thumbnail","hentry","category-uncategorized"],"_links":{"self":[{"href":"https:\/\/diariodepernambuco.audiencelabs.com.br\/wp-json\/wp\/v2\/posts\/10552","targetHints":{"allow":["GET"]}}],"collection":[{"href":"https:\/\/diariodepernambuco.audiencelabs.com.br\/wp-json\/wp\/v2\/posts"}],"about":[{"href":"https:\/\/diariodepernambuco.audiencelabs.com.br\/wp-json\/wp\/v2\/types\/post"}],"author":[{"embeddable":true,"href":"https:\/\/diariodepernambuco.audiencelabs.com.br\/wp-json\/wp\/v2\/users\/4"}],"replies":[{"embeddable":true,"href":"https:\/\/diariodepernambuco.audiencelabs.com.br\/wp-json\/wp\/v2\/comments?post=10552"}],"version-history":[{"count":2,"href":"https:\/\/diariodepernambuco.audiencelabs.com.br\/wp-json\/wp\/v2\/posts\/10552\/revisions"}],"predecessor-version":[{"id":10568,"href":"https:\/\/diariodepernambuco.audiencelabs.com.br\/wp-json\/wp\/v2\/posts\/10552\/revisions\/10568"}],"wp:featuredmedia":[{"embeddable":true,"href":"https:\/\/diariodepernambuco.audiencelabs.com.br\/wp-json\/wp\/v2\/media\/10553"}],"wp:attachment":[{"href":"https:\/\/diariodepernambuco.audiencelabs.com.br\/wp-json\/wp\/v2\/media?parent=10552"}],"wp:term":[{"taxonomy":"category","embeddable":true,"href":"https:\/\/diariodepernambuco.audiencelabs.com.br\/wp-json\/wp\/v2\/categories?post=10552"},{"taxonomy":"post_tag","embeddable":true,"href":"https:\/\/diariodepernambuco.audiencelabs.com.br\/wp-json\/wp\/v2\/tags?post=10552"}],"curies":[{"name":"wp","href":"https:\/\/api.w.org\/{rel}","templated":true}]}}