{"id":10614,"date":"2025-12-03T10:30:00","date_gmt":"2025-12-03T13:30:00","guid":{"rendered":"https:\/\/diariodepernambuco.audiencelabs.com.br\/?p=10614"},"modified":"2025-12-02T10:19:11","modified_gmt":"2025-12-02T13:19:11","slug":"atencao-nova-prova-do-enem-sera-realizada-no-dia-07-12","status":"publish","type":"post","link":"https:\/\/diariodepernambuco.audiencelabs.com.br\/atencao-nova-prova-do-enem-sera-realizada-no-dia-07-12\/","title":{"rendered":"Aten\u00e7\u00e3o! Nova prova do Enem ser\u00e1 realizada no dia 07\/12"},"content":{"rendered":"\n<p>Os 95.784 candidatos inscritos no Exame Nacional do Ensino M\u00e9dio (Enem) de 2025 residentes em Bel\u00e9m, Ananindeua e Marituba, no Par\u00e1, far\u00e3o o segundo dia de provas no pr\u00f3ximo domingo (7). O cronograma diferenciado em rela\u00e7\u00e3o \u00e0s demais regi\u00f5es do pa\u00eds ocorreu devido \u00e0 realiza\u00e7\u00e3o da Confer\u00eancia das Na\u00e7\u00f5es Unidas sobre as Mudan\u00e7as Clim\u00e1ticas de 2025 (COP30), sediada em Bel\u00e9m.<\/p>\n\n\n\n<p>Do total de inscritos, 21.775 s\u00e3o concluintes do ensino m\u00e9dio. Bel\u00e9m lidera com o maior n\u00famero de participantes, somando 69.647 candidatos, seguida por Ananindeua, com 22.183, e Marituba, com 3.954. As informa\u00e7\u00f5es constam no Painel do Enem, dispon\u00edvel no portal do Instituto Nacional de Estudos e Pesquisas Educacionais An\u00edsio Teixeira (Inep).<\/p>\n\n\n\n<p>Os candidatos dos tr\u00eas munic\u00edpios devem conferir o local de prova por meio do Cart\u00e3o de Confirma\u00e7\u00e3o de Inscri\u00e7\u00e3o, dispon\u00edvel na P\u00e1gina do Participante do Inep. O documento tamb\u00e9m traz o n\u00famero de inscri\u00e7\u00e3o, as datas e hor\u00e1rios das provas, al\u00e9m de informar se o participante tem direito a atendimento especializado ou ao uso do nome social, quando aplic\u00e1vel.<\/p>\n\n\n\n<p>No primeiro dia de provas, no \u00faltimo domingo (30), os participantes precisaram escrever uma reda\u00e7\u00e3o sobre o tema: &#8220;A valoriza\u00e7\u00e3o dos trabalhadores rurais no Brasil&#8221;. Al\u00e9m disso, eles resolveram 90 quest\u00f5es de m\u00faltipla escolha, sendo 45 de linguagens e 45 de ci\u00eancias humanas e suas tecnologias.<\/p>\n\n\n\n<h2 class=\"wp-block-heading\">Prepara\u00e7\u00e3o e aten\u00e7\u00e3o aos detalhes para o segundo dia de provas<\/h2>\n\n\n\n<p>Com o segundo dia de aplica\u00e7\u00e3o do Enem se aproximando, \u00e9 fundamental que os candidatos revisem hor\u00e1rios, locais e documentos necess\u00e1rios para evitar imprevistos. Ter o Cart\u00e3o de Confirma\u00e7\u00e3o de Inscri\u00e7\u00e3o em m\u00e3os e conferir todas as informa\u00e7\u00f5es garante maior seguran\u00e7a e tranquilidade na hora da prova.<\/p>\n\n\n\n<p>Al\u00e9m disso, \u00e9 importante organizar materiais permitidos, como canetas de tinta preta e documentos de identifica\u00e7\u00e3o, e planejar o deslocamento at\u00e9 os locais de prova. Pequenos cuidados podem fazer diferen\u00e7a, garantindo que os estudantes aproveitem melhor o tempo e se concentrem nas quest\u00f5es de matem\u00e1tica, ci\u00eancias da natureza e suas tecnologias.<\/p>\n\n\n\n<p><\/p>\n","protected":false},"excerpt":{"rendered":"<p>Os 95.784 candidatos inscritos no Exame Nacional do Ensino M\u00e9dio (Enem) de 2025 residentes em Bel\u00e9m, Ananindeua e Marituba, no Par\u00e1, far\u00e3o o segundo dia de provas no pr\u00f3ximo domingo (7). O cronograma diferenciado em rela\u00e7\u00e3o \u00e0s demais regi\u00f5es do pa\u00eds ocorreu devido \u00e0 realiza\u00e7\u00e3o da Confer\u00eancia das Na\u00e7\u00f5es Unidas sobre as Mudan\u00e7as Clim\u00e1ticas de [&hellip;]<\/p>\n","protected":false},"author":4,"featured_media":10616,"comment_status":"open","ping_status":"open","sticky":false,"template":"","format":"standard","meta":{"jnews-multi-image_gallery":[],"jnews_single_post":{"format":"standard"},"jnews_primary_category":[],"jnews_social_meta":[],"jnews_post_split":[],"footnotes":""},"categories":[1],"tags":[],"class_list":["post-10614","post","type-post","status-publish","format-standard","has-post-thumbnail","hentry","category-uncategorized"],"_links":{"self":[{"href":"https:\/\/diariodepernambuco.audiencelabs.com.br\/wp-json\/wp\/v2\/posts\/10614","targetHints":{"allow":["GET"]}}],"collection":[{"href":"https:\/\/diariodepernambuco.audiencelabs.com.br\/wp-json\/wp\/v2\/posts"}],"about":[{"href":"https:\/\/diariodepernambuco.audiencelabs.com.br\/wp-json\/wp\/v2\/types\/post"}],"author":[{"embeddable":true,"href":"https:\/\/diariodepernambuco.audiencelabs.com.br\/wp-json\/wp\/v2\/users\/4"}],"replies":[{"embeddable":true,"href":"https:\/\/diariodepernambuco.audiencelabs.com.br\/wp-json\/wp\/v2\/comments?post=10614"}],"version-history":[{"count":2,"href":"https:\/\/diariodepernambuco.audiencelabs.com.br\/wp-json\/wp\/v2\/posts\/10614\/revisions"}],"predecessor-version":[{"id":10618,"href":"https:\/\/diariodepernambuco.audiencelabs.com.br\/wp-json\/wp\/v2\/posts\/10614\/revisions\/10618"}],"wp:featuredmedia":[{"embeddable":true,"href":"https:\/\/diariodepernambuco.audiencelabs.com.br\/wp-json\/wp\/v2\/media\/10616"}],"wp:attachment":[{"href":"https:\/\/diariodepernambuco.audiencelabs.com.br\/wp-json\/wp\/v2\/media?parent=10614"}],"wp:term":[{"taxonomy":"category","embeddable":true,"href":"https:\/\/diariodepernambuco.audiencelabs.com.br\/wp-json\/wp\/v2\/categories?post=10614"},{"taxonomy":"post_tag","embeddable":true,"href":"https:\/\/diariodepernambuco.audiencelabs.com.br\/wp-json\/wp\/v2\/tags?post=10614"}],"curies":[{"name":"wp","href":"https:\/\/api.w.org\/{rel}","templated":true}]}}