{"id":10640,"date":"2025-12-03T16:30:00","date_gmt":"2025-12-03T19:30:00","guid":{"rendered":"https:\/\/diariodepernambuco.audiencelabs.com.br\/?p=10640"},"modified":"2025-12-02T14:43:21","modified_gmt":"2025-12-02T17:43:21","slug":"fim-do-ciclo-de-airbnb-em-cidade-historica-foi-confirmado-pelo-governo","status":"publish","type":"post","link":"https:\/\/diariodepernambuco.audiencelabs.com.br\/fim-do-ciclo-de-airbnb-em-cidade-historica-foi-confirmado-pelo-governo\/","title":{"rendered":"Fim do ciclo de Airbnb em cidade hist\u00f3rica foi confirmado pelo Governo"},"content":{"rendered":"\n<p>Barcelona anunciou que n\u00e3o vai renovar as licen\u00e7as de opera\u00e7\u00e3o de Airbnbs, que t\u00eam validade de cinco anos. Com isso, o n\u00famero de im\u00f3veis ofertados na plataforma ser\u00e1 reduzido gradualmente at\u00e9 novembro de 2028, quando expira a \u00faltima autoriza\u00e7\u00e3o e o servi\u00e7o deixar\u00e1 de funcionar na cidade.<\/p>\n\n\n\n<p>O motivo \u00e9 o impacto direto no mercado imobili\u00e1rio: com cerca de 10 mil im\u00f3veis destinados a turistas, a oferta de moradias para os pr\u00f3prios moradores diminuiu, pressionando os pre\u00e7os. A combina\u00e7\u00e3o de alta demanda e pouca disponibilidade fez os alugu\u00e9is dispararem, e muitos residentes de baixa renda acabaram sendo empurrados para fora do centro.<\/p>\n\n\n\n<p>Em 2023, os alugu\u00e9is tiveram um aumento de 14%. A decis\u00e3o de Barcelona \u00e9 considerada uma das a\u00e7\u00f5es mais duras j\u00e1 adotadas contra a chamada hotelaria informal, mas n\u00e3o \u00e9 um caso isolado. Desde setembro de 2023, Nova York permite o funcionamento de Airbnbs e servi\u00e7os similares apenas quando o propriet\u00e1rio permanece no im\u00f3vel durante toda a estadia do h\u00f3spede.<\/p>\n\n\n\n<p>Na cidade estadunidense \u00e9 poss\u00edvel alugar um quarto, mas n\u00e3o a resid\u00eancia inteira. Atenas, por sua vez, interrompeu a emiss\u00e3o de novas licen\u00e7as em tr\u00eas distritos centrais, e aumentou os impostos sobre os propriet\u00e1rios.<\/p>\n\n\n\n<h2 class=\"wp-block-heading\">Turismo em transforma\u00e7\u00e3o e busca por moradia acess\u00edvel<\/h2>\n\n\n\n<p>Com a press\u00e3o sobre o mercado de habita\u00e7\u00e3o aumentando, cidades ao redor do mundo t\u00eam reavaliado o impacto das plataformas de aluguel por temporada. Em Barcelona, o governo defende que limitar a atua\u00e7\u00e3o dos Airbnbs \u00e9 uma forma de priorizar quem vive na cidade, garantindo que moradores n\u00e3o sejam expulsos pelos altos custos e pela competi\u00e7\u00e3o direta com o turismo massivo.<\/p>\n\n\n\n<p>Esse movimento internacional revela uma tend\u00eancia crescente de regulamenta\u00e7\u00e3o mais r\u00edgida para proteger a popula\u00e7\u00e3o local. Ao restringir ou alterar as regras de funcionamento dos alugu\u00e9is de curta dura\u00e7\u00e3o, governos buscam n\u00e3o apenas controlar o pre\u00e7o dos im\u00f3veis, mas tamb\u00e9m repensar o modelo tur\u00edstico para torn\u00e1-lo mais sustent\u00e1vel.<\/p>\n\n\n\n<p><\/p>\n","protected":false},"excerpt":{"rendered":"<p>Barcelona anunciou que n\u00e3o vai renovar as licen\u00e7as de opera\u00e7\u00e3o de Airbnbs, que t\u00eam validade de cinco anos. Com isso, o n\u00famero de im\u00f3veis ofertados na plataforma ser\u00e1 reduzido gradualmente at\u00e9 novembro de 2028, quando expira a \u00faltima autoriza\u00e7\u00e3o e o servi\u00e7o deixar\u00e1 de funcionar na cidade. O motivo \u00e9 o impacto direto no mercado [&hellip;]<\/p>\n","protected":false},"author":4,"featured_media":10645,"comment_status":"open","ping_status":"open","sticky":false,"template":"","format":"standard","meta":{"jnews-multi-image_gallery":[],"jnews_single_post":{"format":"standard"},"jnews_primary_category":[],"jnews_social_meta":[],"jnews_post_split":[],"footnotes":""},"categories":[1],"tags":[],"class_list":["post-10640","post","type-post","status-publish","format-standard","has-post-thumbnail","hentry","category-uncategorized"],"_links":{"self":[{"href":"https:\/\/diariodepernambuco.audiencelabs.com.br\/wp-json\/wp\/v2\/posts\/10640","targetHints":{"allow":["GET"]}}],"collection":[{"href":"https:\/\/diariodepernambuco.audiencelabs.com.br\/wp-json\/wp\/v2\/posts"}],"about":[{"href":"https:\/\/diariodepernambuco.audiencelabs.com.br\/wp-json\/wp\/v2\/types\/post"}],"author":[{"embeddable":true,"href":"https:\/\/diariodepernambuco.audiencelabs.com.br\/wp-json\/wp\/v2\/users\/4"}],"replies":[{"embeddable":true,"href":"https:\/\/diariodepernambuco.audiencelabs.com.br\/wp-json\/wp\/v2\/comments?post=10640"}],"version-history":[{"count":3,"href":"https:\/\/diariodepernambuco.audiencelabs.com.br\/wp-json\/wp\/v2\/posts\/10640\/revisions"}],"predecessor-version":[{"id":10648,"href":"https:\/\/diariodepernambuco.audiencelabs.com.br\/wp-json\/wp\/v2\/posts\/10640\/revisions\/10648"}],"wp:featuredmedia":[{"embeddable":true,"href":"https:\/\/diariodepernambuco.audiencelabs.com.br\/wp-json\/wp\/v2\/media\/10645"}],"wp:attachment":[{"href":"https:\/\/diariodepernambuco.audiencelabs.com.br\/wp-json\/wp\/v2\/media?parent=10640"}],"wp:term":[{"taxonomy":"category","embeddable":true,"href":"https:\/\/diariodepernambuco.audiencelabs.com.br\/wp-json\/wp\/v2\/categories?post=10640"},{"taxonomy":"post_tag","embeddable":true,"href":"https:\/\/diariodepernambuco.audiencelabs.com.br\/wp-json\/wp\/v2\/tags?post=10640"}],"curies":[{"name":"wp","href":"https:\/\/api.w.org\/{rel}","templated":true}]}}