{"id":1066,"date":"2025-08-16T16:30:00","date_gmt":"2025-08-16T19:30:00","guid":{"rendered":"https:\/\/diariodepernambuco.audiencelabs.com.br\/?p=1066"},"modified":"2025-08-13T19:56:14","modified_gmt":"2025-08-13T22:56:14","slug":"novo-peixe-pre-historico-e-descoberto-por-pesquisadores-brasileiros","status":"publish","type":"post","link":"https:\/\/diariodepernambuco.audiencelabs.com.br\/novo-peixe-pre-historico-e-descoberto-por-pesquisadores-brasileiros\/","title":{"rendered":"Novo peixe pr\u00e9-hist\u00f3rico \u00e9 descoberto por pesquisadores brasileiros"},"content":{"rendered":"\n<p>Um grupo de pesquisadores da Universidade do Estado do Rio de Janeiro (Uerj) e do Museu Nacional revelaram a identifica\u00e7\u00e3o de uma nova esp\u00e9cie de peixe pr\u00e9-hist\u00f3rico encontrada na Ant\u00e1rtica. A descoberta, que representa um marco para a paleontologia brasileira, foi publicada na revista \u201cScientific Reports\u201d, do grupo Nature, na \u00faltima segunda-feira (11).<\/p>\n\n\n\n<p>Com aproximadamente 66 milh\u00f5es de anos e apenas 6 cent\u00edmetros de comprimento, o f\u00f3ssil carrega uma relev\u00e2ncia enorme: \u00e9 o vertebrado mais bem preservado j\u00e1 descoberto na Ant\u00e1rtica. A esp\u00e9cie recebeu o nome de Antarctichthys longipectoralis. Toda a pesquisa, do trabalho de campo \u00e0 divulga\u00e7\u00e3o, durou 4 anos.<\/p>\n\n\n\n<p>Em entrevista \u00e0 TV Globo, o paleont\u00f3logo Arthur Brum, da Uerj, falou sobre o achado: &#8220;\u00c9 uma esp\u00e9cie nova que viveu na mesma \u00e9poca dos dinossauros, e o esqueleto est\u00e1 praticamente completo. Isso ajuda muito a ci\u00eancia, tanto nas pesquisas sobre a Ant\u00e1rtica quanto sobre o Brasil&#8221;.<\/p>\n\n\n\n<p>A descoberta ocorreu durante uma expedi\u00e7\u00e3o \u00e0 Ilha James Ross. De acordo com Brum, o solo da regi\u00e3o exp\u00f5e fragmentos rochosos \u00e0 superf\u00edcie, facilitando a identifica\u00e7\u00e3o visual dos f\u00f3sseis. A pesquisa foi liderada pelo Laborat\u00f3rio de Sistem\u00e1tica e Biogeografia da Uerj, em parceria com o Museu Nacional, da Universidade Federal do Rio de Janeiro (UFRJ).<\/p>\n\n\n\n<h2 class=\"wp-block-heading\">Como era a Ant\u00e1rtica no per\u00edodo pr\u00e9-hist\u00f3rico?<\/h2>\n\n\n\n<p>A Ant\u00e1rtica pr\u00e9-hist\u00f3rica era bem diferente do imenso deserto gelado que conhecemos hoje. Durante boa parte do passado geol\u00f3gico \u2014 especialmente no Per\u00edodo Cret\u00e1ceo (h\u00e1 cerca de 145 a 66 milh\u00f5es de anos) e at\u00e9 mesmo no in\u00edcio do Per\u00edodo Eoceno (h\u00e1 cerca de 56 a 34 milh\u00f5es de anos) \u2014 o continente tinha um clima muito mais ameno, semelhante ao de regi\u00f5es temperadas atuais.<\/p>\n\n\n\n<p>Algumas curiosidades sobre como era a Ant\u00e1rtica no passado:<\/p>\n\n\n\n<p><strong>Sem gelo permanente<\/strong> &#8211; Em v\u00e1rias \u00e9pocas, n\u00e3o havia calotas polares, e grandes \u00e1reas eram cobertas por florestas densas.<\/p>\n\n\n\n<p><strong>Vegeta\u00e7\u00e3o abundante<\/strong> &#8211; F\u00f3sseis mostram presen\u00e7a de con\u00edferas, samambaias gigantes e plantas com flores.<\/p>\n\n\n\n<p><strong>Rica fauna<\/strong> &#8211; Dinossauros herb\u00edvoros e carn\u00edvoros, aves primitivas e diversos r\u00e9pteis marinhos habitavam a regi\u00e3o.<\/p>\n\n\n\n<p><strong>Conex\u00e3o continental <\/strong>&#8211; A Ant\u00e1rtica estava unida \u00e0 Am\u00e9rica do Sul, Austr\u00e1lia e outros blocos terrestres no supercontinente Gondwana, o que permitia o interc\u00e2mbio de esp\u00e9cies.<\/p>\n\n\n\n<p><strong>Oceanos quentes <\/strong>&#8211; As correntes mar\u00edtimas e a posi\u00e7\u00e3o geogr\u00e1fica diferente mantinham o clima mais aquecido, mesmo nas altas latitudes.<\/p>\n\n\n\n<p><\/p>\n","protected":false},"excerpt":{"rendered":"<p>Um grupo de pesquisadores da Universidade do Estado do Rio de Janeiro (Uerj) e do Museu Nacional revelaram a identifica\u00e7\u00e3o de uma nova esp\u00e9cie de peixe pr\u00e9-hist\u00f3rico encontrada na Ant\u00e1rtica. A descoberta, que representa um marco para a paleontologia brasileira, foi publicada na revista \u201cScientific Reports\u201d, do grupo Nature, na \u00faltima segunda-feira (11). Com aproximadamente [&hellip;]<\/p>\n","protected":false},"author":4,"featured_media":1068,"comment_status":"open","ping_status":"open","sticky":false,"template":"","format":"standard","meta":{"jnews-multi-image_gallery":[],"jnews_single_post":{"format":"standard"},"jnews_primary_category":[],"jnews_social_meta":[],"jnews_post_split":[],"footnotes":""},"categories":[1],"tags":[],"class_list":["post-1066","post","type-post","status-publish","format-standard","has-post-thumbnail","hentry","category-uncategorized"],"_links":{"self":[{"href":"https:\/\/diariodepernambuco.audiencelabs.com.br\/wp-json\/wp\/v2\/posts\/1066","targetHints":{"allow":["GET"]}}],"collection":[{"href":"https:\/\/diariodepernambuco.audiencelabs.com.br\/wp-json\/wp\/v2\/posts"}],"about":[{"href":"https:\/\/diariodepernambuco.audiencelabs.com.br\/wp-json\/wp\/v2\/types\/post"}],"author":[{"embeddable":true,"href":"https:\/\/diariodepernambuco.audiencelabs.com.br\/wp-json\/wp\/v2\/users\/4"}],"replies":[{"embeddable":true,"href":"https:\/\/diariodepernambuco.audiencelabs.com.br\/wp-json\/wp\/v2\/comments?post=1066"}],"version-history":[{"count":2,"href":"https:\/\/diariodepernambuco.audiencelabs.com.br\/wp-json\/wp\/v2\/posts\/1066\/revisions"}],"predecessor-version":[{"id":1070,"href":"https:\/\/diariodepernambuco.audiencelabs.com.br\/wp-json\/wp\/v2\/posts\/1066\/revisions\/1070"}],"wp:featuredmedia":[{"embeddable":true,"href":"https:\/\/diariodepernambuco.audiencelabs.com.br\/wp-json\/wp\/v2\/media\/1068"}],"wp:attachment":[{"href":"https:\/\/diariodepernambuco.audiencelabs.com.br\/wp-json\/wp\/v2\/media?parent=1066"}],"wp:term":[{"taxonomy":"category","embeddable":true,"href":"https:\/\/diariodepernambuco.audiencelabs.com.br\/wp-json\/wp\/v2\/categories?post=1066"},{"taxonomy":"post_tag","embeddable":true,"href":"https:\/\/diariodepernambuco.audiencelabs.com.br\/wp-json\/wp\/v2\/tags?post=1066"}],"curies":[{"name":"wp","href":"https:\/\/api.w.org\/{rel}","templated":true}]}}