{"id":10664,"date":"2025-12-06T12:00:00","date_gmt":"2025-12-06T15:00:00","guid":{"rendered":"https:\/\/diariodepernambuco.audiencelabs.com.br\/?p=10664"},"modified":"2025-12-02T15:09:42","modified_gmt":"2025-12-02T18:09:42","slug":"cidade-brasileira-com-praias-e-parques-foi-eleita-como-melhor-lugar-do-brasil-para-morar","status":"publish","type":"post","link":"https:\/\/diariodepernambuco.audiencelabs.com.br\/cidade-brasileira-com-praias-e-parques-foi-eleita-como-melhor-lugar-do-brasil-para-morar\/","title":{"rendered":"Cidade brasileira com praias e parques foi eleita como melhor lugar do Brasil para morar"},"content":{"rendered":"\n<p>Vit\u00f3ria se consolida como a cidade com melhor qualidade de vida do pa\u00eds. Em 2025, a capital capixaba alcan\u00e7ou o topo do ranking \u201cAs Melhores Cidades do Brasil\u201d, elaborado pela Veja Neg\u00f3cios em parceria com a Austin Rating. O estudo analisou fatores como educa\u00e7\u00e3o, conectividade digital e efici\u00eancia fiscal, refor\u00e7ando a posi\u00e7\u00e3o de destaque do munic\u00edpio.<\/p>\n\n\n\n<p>Segundo o \u00cdndice Firjan de Gest\u00e3o Fiscal, Vit\u00f3ria destina pelo menos 12% de seu or\u00e7amento a \u00e1reas essenciais. Educa\u00e7\u00e3o, sa\u00fade e seguran\u00e7a figuram entre as prioridades, o que contribui para um ambiente urbano mais funcional. Desde a reorganiza\u00e7\u00e3o administrativa iniciada em 2021, os investimentos nessas \u00e1reas v\u00eam crescendo de forma consistente.<\/p>\n\n\n\n<p>Mudan\u00e7as estruturais importantes impulsionaram o protagonismo de Vit\u00f3ria. A cidade avan\u00e7ou de forma expressiva na inclus\u00e3o digital, com mais de 92% dos domic\u00edlios conectados \u00e0 internet. A escolariza\u00e7\u00e3o de crian\u00e7as entre 6 e 14 anos tamb\u00e9m registra \u00edndice elevado, alcan\u00e7ando 99,24% \u2014 acima da m\u00e9dia nacional.<\/p>\n\n\n\n<p>Iniciativas como o projeto \u201cVit\u00f3ria de Frente para o Mar\u201d revitalizaram a orla, ampliando a mobilidade urbana e elevando a qualidade de vida. A expans\u00e3o de ciclovias, cal\u00e7ad\u00f5es e novos espa\u00e7os de lazer refor\u00e7a o compromisso do munic\u00edpio com o bem-estar da popula\u00e7\u00e3o, evidenciando a aten\u00e7\u00e3o dedicada ao cotidiano dos moradores.<\/p>\n\n\n\n<h2 class=\"wp-block-heading\">Curiosidades sobre a cidade de Vit\u00f3ria<\/h2>\n\n\n\n<p><strong>\ud83c\udf05 1. Uma das poucas capitais-ilha do Brasil<\/strong><\/p>\n\n\n\n<p>Vit\u00f3ria est\u00e1 localizada majoritariamente em uma ilha, assim como Florian\u00f3polis e S\u00e3o Lu\u00eds. A cidade \u00e9 formada por mais de 30 ilhas, al\u00e9m de uma por\u00e7\u00e3o continental.<\/p>\n\n\n\n<p><strong>\ud83d\udea2 2. Possui um dos portos mais eficientes do pa\u00eds<\/strong><\/p>\n\n\n\n<p>O Porto de Vit\u00f3ria \u00e9 um dos mais antigos em opera\u00e7\u00e3o no Brasil e se destaca pela efici\u00eancia log\u00edstica, movimentando diversos tipos de carga e sendo estrat\u00e9gico para o com\u00e9rcio exterior.<\/p>\n\n\n\n<p><strong>\ud83e\udd85 3. A ilha dos urubus<\/strong><\/p>\n\n\n\n<p>O nome \u201cVit\u00f3ria\u201d \u00e9 relativamente recente. No per\u00edodo colonial, a ilha era chamada de Ilha de Santo Ant\u00f4nio e tamb\u00e9m de Ilha dos Urubus, por causa da grande quantidade dessas aves na regi\u00e3o.<\/p>\n\n\n\n<p><strong>\ud83c\udf21\ufe0f 4. Clima quente o ano inteiro<\/strong><\/p>\n\n\n\n<p>A capital capixaba tem temperaturas elevadas mesmo no inverno, o que faz dela uma cidade com \u201cver\u00e3o prolongado\u201d.<\/p>\n\n\n\n<p><strong>\ud83c\udfd9\ufe0f 5. Cidade compacta, mas muito desenvolvida<\/strong><\/p>\n\n\n\n<p>Vit\u00f3ria \u00e9 uma das menores capitais brasileiras em \u00e1rea territorial, mas est\u00e1 entre as que possuem melhor IDH e maior qualidade de vida.<\/p>\n\n\n\n<p><strong>\ud83d\udeb6 6. Grande parte da cidade \u00e9 morro<\/strong><\/p>\n\n\n\n<p>Quase metade do territ\u00f3rio de Vit\u00f3ria \u00e9 composto por \u00e1reas de morro, o que cria um visual urbano \u00fanico e oferece mirantes naturais com vistas privilegiadas.<\/p>\n\n\n\n<p><strong>\ud83c\udfad 7. Casa do teatro mais antigo ainda em funcionamento no Brasil<\/strong><\/p>\n\n\n\n<p>O Theatro Carlos Gomes, inaugurado em 1927 (em substitui\u00e7\u00e3o a estruturas anteriores), \u00e9 um \u00edcone cultural da cidade.<\/p>\n\n\n\n<p><strong>\ud83c\udfdd\ufe0f 8. Praias\u2026 mas nem tantas assim<\/strong><\/p>\n\n\n\n<p>Apesar de estar no litoral, Vit\u00f3ria tem poucas praias pr\u00f3prias para banho. A maior parte das praias frequentadas pelos moradores fica em Vila Velha, logo ao lado.<\/p>\n\n\n\n<p><strong>\ud83c\udf64 9. Ber\u00e7o da moqueca capixaba<\/strong><\/p>\n\n\n\n<p>Vit\u00f3ria \u00e9 uma refer\u00eancia gastron\u00f4mica e um dos lugares onde a tradicional moqueca capixaba \u00e9 mais valorizada, sempre \u201csem dend\u00ea\u201d, como gostam de frisar os capixabas.<\/p>\n\n\n\n<p><strong>\ud83c\udf09 10. Terceira Ponte: um dos s\u00edmbolos da Grande Vit\u00f3ria<\/strong><\/p>\n\n\n\n<p>A Terceira Ponte, que liga Vit\u00f3ria a Vila Velha, \u00e9 uma das mais altas do pa\u00eds e um dos principais cart\u00f5es-postais da regi\u00e3o metropolitana.<\/p>\n\n\n\n<p><\/p>\n","protected":false},"excerpt":{"rendered":"<p>Vit\u00f3ria se consolida como a cidade com melhor qualidade de vida do pa\u00eds. Em 2025, a capital capixaba alcan\u00e7ou o topo do ranking \u201cAs Melhores Cidades do Brasil\u201d, elaborado pela Veja Neg\u00f3cios em parceria com a Austin Rating. O estudo analisou fatores como educa\u00e7\u00e3o, conectividade digital e efici\u00eancia fiscal, refor\u00e7ando a posi\u00e7\u00e3o de destaque do [&hellip;]<\/p>\n","protected":false},"author":4,"featured_media":10666,"comment_status":"open","ping_status":"open","sticky":false,"template":"","format":"standard","meta":{"jnews-multi-image_gallery":[],"jnews_single_post":{"format":"standard"},"jnews_primary_category":[],"jnews_social_meta":[],"jnews_post_split":[],"footnotes":""},"categories":[1],"tags":[],"class_list":["post-10664","post","type-post","status-publish","format-standard","has-post-thumbnail","hentry","category-uncategorized"],"_links":{"self":[{"href":"https:\/\/diariodepernambuco.audiencelabs.com.br\/wp-json\/wp\/v2\/posts\/10664","targetHints":{"allow":["GET"]}}],"collection":[{"href":"https:\/\/diariodepernambuco.audiencelabs.com.br\/wp-json\/wp\/v2\/posts"}],"about":[{"href":"https:\/\/diariodepernambuco.audiencelabs.com.br\/wp-json\/wp\/v2\/types\/post"}],"author":[{"embeddable":true,"href":"https:\/\/diariodepernambuco.audiencelabs.com.br\/wp-json\/wp\/v2\/users\/4"}],"replies":[{"embeddable":true,"href":"https:\/\/diariodepernambuco.audiencelabs.com.br\/wp-json\/wp\/v2\/comments?post=10664"}],"version-history":[{"count":2,"href":"https:\/\/diariodepernambuco.audiencelabs.com.br\/wp-json\/wp\/v2\/posts\/10664\/revisions"}],"predecessor-version":[{"id":10668,"href":"https:\/\/diariodepernambuco.audiencelabs.com.br\/wp-json\/wp\/v2\/posts\/10664\/revisions\/10668"}],"wp:featuredmedia":[{"embeddable":true,"href":"https:\/\/diariodepernambuco.audiencelabs.com.br\/wp-json\/wp\/v2\/media\/10666"}],"wp:attachment":[{"href":"https:\/\/diariodepernambuco.audiencelabs.com.br\/wp-json\/wp\/v2\/media?parent=10664"}],"wp:term":[{"taxonomy":"category","embeddable":true,"href":"https:\/\/diariodepernambuco.audiencelabs.com.br\/wp-json\/wp\/v2\/categories?post=10664"},{"taxonomy":"post_tag","embeddable":true,"href":"https:\/\/diariodepernambuco.audiencelabs.com.br\/wp-json\/wp\/v2\/tags?post=10664"}],"curies":[{"name":"wp","href":"https:\/\/api.w.org\/{rel}","templated":true}]}}