{"id":10731,"date":"2025-12-03T12:00:00","date_gmt":"2025-12-03T15:00:00","guid":{"rendered":"https:\/\/diariodepernambuco.audiencelabs.com.br\/?p=10731"},"modified":"2025-12-03T14:08:04","modified_gmt":"2025-12-03T17:08:04","slug":"cidade-pouco-conhecida-no-brasil-tem-mais-jacares-do-que-pessoas-e-poucos-sabem-disso","status":"publish","type":"post","link":"https:\/\/diariodepernambuco.audiencelabs.com.br\/cidade-pouco-conhecida-no-brasil-tem-mais-jacares-do-que-pessoas-e-poucos-sabem-disso\/","title":{"rendered":"Cidade pouco conhecida no Brasil t\u00eam mais jacar\u00e9s do que pessoas e poucos sabem disso"},"content":{"rendered":"\n<p>Localizada \u00e0s margens do majestoso Pantanal, a cidade de Corumb\u00e1, no Mato Grosso do Sul, se destaca n\u00e3o s\u00f3 pelas suas paisagens deslumbrantes, mas tamb\u00e9m por um fato curioso: h\u00e1 mais jacar\u00e9s na regi\u00e3o do que pessoas. Essa peculiaridade chama a aten\u00e7\u00e3o de turistas e pesquisadores, tornando o munic\u00edpio um destino \u00fanico no pa\u00eds.<\/p>\n\n\n\n<h2 class=\"wp-block-heading\">Milh\u00f5es de jacar\u00e9s<\/h2>\n\n\n\n<p>Estima-se que o Pantanal abrigue cerca de dois milh\u00f5es de jacar\u00e9s, n\u00famero muito superior aos pouco mais de 100 mil habitantes de Corumb\u00e1. A presen\u00e7a abundante desses r\u00e9pteis \u00e9 favorecida pelas condi\u00e7\u00f5es naturais da regi\u00e3o, que incluem vastas \u00e1reas alagadas, clima quente e grande disponibilidade de alimento.<\/p>\n\n\n\n<p>Contrariando o que muitos imaginam, os jacar\u00e9s n\u00e3o costumam circular pelo centro de Corumb\u00e1. Com mais de 64 mil quil\u00f4metros quadrados, o munic\u00edpio \u00e9 formado principalmente por \u00e1reas alagadas e vegeta\u00e7\u00e3o nativa, ambientes perfeitos para a sobreviv\u00eancia desses r\u00e9pteis.<\/p>\n\n\n\n<p>Durante o per\u00edodo de cheias, entre novembro e mar\u00e7o, rios e lagoas se conectam, expandindo o territ\u00f3rio aqu\u00e1tico e facilitando a movimenta\u00e7\u00e3o dos jacar\u00e9s. Mesmo assim, a presen\u00e7a desses animais nas \u00e1reas urbanas \u00e9 rara, j\u00e1 que eles permanecem principalmente nas margens dos rios, ba\u00edas e regi\u00f5es de vegeta\u00e7\u00e3o, onde encontram abrigo e alimento natural.<\/p>\n\n\n\n<h2 class=\"wp-block-heading\">O equil\u00edbrio entre natureza e cidade<\/h2>\n\n\n\n<p>Apesar da grande popula\u00e7\u00e3o de jacar\u00e9s, Corumb\u00e1 consegue manter um conv\u00edvio seguro entre a vida selvagem e a vida urbana. A maior parte dos r\u00e9pteis permanece em \u00e1reas alagadas e de vegeta\u00e7\u00e3o nativa, longe do centro da cidade, garantindo que moradores e visitantes possam aproveitar a regi\u00e3o sem grandes riscos.<\/p>\n\n\n\n<p>O fen\u00f4meno tamb\u00e9m atrai pesquisadores e turistas interessados em observar de perto a fauna pantaneira. Com paisagens \u00fanicas e uma biodiversidade impressionante, Corumb\u00e1 se destaca como um destino que combina aventura, estudo cient\u00edfico e contato direto com a natureza.<\/p>\n\n\n\n<p><\/p>\n","protected":false},"excerpt":{"rendered":"<p>Localizada \u00e0s margens do majestoso Pantanal, a cidade de Corumb\u00e1, no Mato Grosso do Sul, se destaca n\u00e3o s\u00f3 pelas suas paisagens deslumbrantes, mas tamb\u00e9m por um fato curioso: h\u00e1 mais jacar\u00e9s na regi\u00e3o do que pessoas. Essa peculiaridade chama a aten\u00e7\u00e3o de turistas e pesquisadores, tornando o munic\u00edpio um destino \u00fanico no pa\u00eds. Milh\u00f5es [&hellip;]<\/p>\n","protected":false},"author":4,"featured_media":8818,"comment_status":"open","ping_status":"open","sticky":false,"template":"","format":"standard","meta":{"jnews-multi-image_gallery":[],"jnews_single_post":{"format":"standard"},"jnews_primary_category":[],"jnews_social_meta":[],"jnews_post_split":[],"footnotes":""},"categories":[1],"tags":[],"class_list":["post-10731","post","type-post","status-publish","format-standard","has-post-thumbnail","hentry","category-uncategorized"],"_links":{"self":[{"href":"https:\/\/diariodepernambuco.audiencelabs.com.br\/wp-json\/wp\/v2\/posts\/10731","targetHints":{"allow":["GET"]}}],"collection":[{"href":"https:\/\/diariodepernambuco.audiencelabs.com.br\/wp-json\/wp\/v2\/posts"}],"about":[{"href":"https:\/\/diariodepernambuco.audiencelabs.com.br\/wp-json\/wp\/v2\/types\/post"}],"author":[{"embeddable":true,"href":"https:\/\/diariodepernambuco.audiencelabs.com.br\/wp-json\/wp\/v2\/users\/4"}],"replies":[{"embeddable":true,"href":"https:\/\/diariodepernambuco.audiencelabs.com.br\/wp-json\/wp\/v2\/comments?post=10731"}],"version-history":[{"count":3,"href":"https:\/\/diariodepernambuco.audiencelabs.com.br\/wp-json\/wp\/v2\/posts\/10731\/revisions"}],"predecessor-version":[{"id":10798,"href":"https:\/\/diariodepernambuco.audiencelabs.com.br\/wp-json\/wp\/v2\/posts\/10731\/revisions\/10798"}],"wp:featuredmedia":[{"embeddable":true,"href":"https:\/\/diariodepernambuco.audiencelabs.com.br\/wp-json\/wp\/v2\/media\/8818"}],"wp:attachment":[{"href":"https:\/\/diariodepernambuco.audiencelabs.com.br\/wp-json\/wp\/v2\/media?parent=10731"}],"wp:term":[{"taxonomy":"category","embeddable":true,"href":"https:\/\/diariodepernambuco.audiencelabs.com.br\/wp-json\/wp\/v2\/categories?post=10731"},{"taxonomy":"post_tag","embeddable":true,"href":"https:\/\/diariodepernambuco.audiencelabs.com.br\/wp-json\/wp\/v2\/tags?post=10731"}],"curies":[{"name":"wp","href":"https:\/\/api.w.org\/{rel}","templated":true}]}}