{"id":10742,"date":"2025-12-03T13:30:00","date_gmt":"2025-12-03T16:30:00","guid":{"rendered":"https:\/\/diariodepernambuco.audiencelabs.com.br\/?p=10742"},"modified":"2025-12-03T14:07:54","modified_gmt":"2025-12-03T17:07:54","slug":"cidade-do-nordeste-tem-praia-que-lembra-o-caribe-e-e-o-melhor-lugar-para-ficar-em-paz","status":"publish","type":"post","link":"https:\/\/diariodepernambuco.audiencelabs.com.br\/cidade-do-nordeste-tem-praia-que-lembra-o-caribe-e-e-o-melhor-lugar-para-ficar-em-paz\/","title":{"rendered":"Cidade do Nordeste tem praia que lembra o Caribe e \u00e9 o melhor lugar para ficar em paz"},"content":{"rendered":"\n<p>Natal, capital do Rio Grande do Norte, guarda praias paradis\u00edacas que parecem ter sa\u00eddo do Caribe. Com \u00e1guas cristalinas, areias claras e uma atmosfera tranquila, a cidade se destaca como um destino ideal para quem busca relaxamento, contato com a natureza e momentos de paz longe da agita\u00e7\u00e3o das grandes metr\u00f3poles.<\/p>\n\n\n\n<p>A brisa constante do Atl\u00e2ntico e o calor acolhedor dos habitantes tornam Natal um lugar onde o tempo parece desacelerar. Suas paisagens deslumbrantes convivem com uma atmosfera singular, marcada pela influ\u00eancia das culturas ind\u00edgena, africana e europeia.<\/p>\n\n\n\n<p>Entre as praias mais famosas da cidade, destaca-se Ponta Negra, conhecida pelo ic\u00f4nico Morro do Careca, uma duna que se tornou cart\u00e3o-postal de Natal. A regi\u00e3o oferece uma boa estrutura de bares, restaurantes e quiosques, mas ainda preserva a tranquilidade que atrai turistas em busca de descanso.<\/p>\n\n\n\n<p>Outras praias, como Genipabu e Praia do Forte, encantam pelos passeios de buggy, lagoas de \u00e1gua doce e paisagens de dunas que lembram cen\u00e1rios caribenhos. Al\u00e9m das belezas naturais, Natal tamb\u00e9m proporciona experi\u00eancias culturais \u00fanicas.<\/p>\n\n\n\n<p>Museus, centros hist\u00f3ricos e manifesta\u00e7\u00f5es art\u00edsticas locais permitem que visitantes conhe\u00e7am a rica heran\u00e7a da regi\u00e3o, desde as influ\u00eancias ind\u00edgenas e africanas at\u00e9 a arquitetura colonial portuguesa. Essa combina\u00e7\u00e3o de natureza, cultura e hospitalidade faz da capital potiguar um destino completo para quem deseja relaxar e se reconectar com a tranquilidade.<\/p>\n\n\n\n<h2 class=\"wp-block-heading\">Curiosidades sobre a cidade de Natal<\/h2>\n\n\n<style>@media (min-width: 992px) {\n    .recomendadorV2Area1 {\n        width: 280px;\n    }\n    .recomendadorV2Area2 {\n        padding: 0px 20px;\n        width: calc(100% - 280px);\n    }\n}\n\n@media (max-width: 992px) {\n    .recomendadorV2Button {\n        margin: 0 auto;\n    }\n    .recomendadorV2Area {\n        flex-direction: column;\n        text-align: center;\n    }\n    .recomendadorV2Area2 {\n        padding: 0px 20px;\n    }\n}\n\n.recomendadorV2Area {\n    background: #eeeeee3d;\n    border-radius: 10px;\n    padding: 15px;\n    display: flex;\n    margin: 15px auto;\n    border: 1px solid #00000014;\n    max-width: 800px;\n}\n\n.recomendadorV2Area1 img {\n    width: 280px;\n    height: auto;\n    border-radius: 8px;\n}\n\n.linkrecomendadorv2 {\n    text-decoration: none !important;\n}\n\n.recomendadorV2Area2 .recomendadorV2Type {\n    text-transform: uppercase;\n    font-weight: 500;\n    font-size: 11px;\n    letter-spacing: 2px;\n    color: #666;\n    margin: 12px 0;\n    display: block;\n}\n\n.recomendadorV2Title h2 {\n    padding-top: 0px !important;\n    margin: 0px !important;\n    border-left: none !important;\n    padding-left: 0px !important;\n    line-height: 1.3;\n    color: #000 !important;\n    font-size: 24px;\n    margin-bottom: 12px !important;\n}\n\n.recomendadorV2Desc {\n    color: #333;\n    margin: 12px 0px !important;\n    font-size: 15px;\n    line-height: 1.5;\n}\n\n.recomendadorV2Button {\n    width: auto;\n    max-width: 200px;\n    margin: 0;\n    display: inline-flex;\n    align-items: center;\n    background: #1D3557;\n    border-radius: 8px;\n    color: #fff;\n    height: 36px;\n    justify-content: center;\n    text-align: center;\n    font-size: 14px;\n    padding: 0 20px;\n    transition: background-color 0.2s ease;\n}\n\n.recomendadorV2Button:hover {\n    background: #2a4d7a;\n}\n\n.recomendadorV2Button:after {\n    margin-top: -2px;\n    content: \"\u2192\";\n    padding: 0px 0px 0px 8px;\n}\n\n.recomendadorV2Alert {\n    text-align: left;\n    font-size: 11px;\n    margin-top: 8px;\n    color: #666;\n}\n\n.recomendadorFixedArea {\n    width: 100%;\n    display: flex;\n    justify-content: center;\n    align-items: center;\n}\n\n@media (min-width: 992px) {\n    #recomendadorFixed {\n        width: 32% !important;\n        left: 5%;\n    }\n    .recomendadorCloseFixed{\n        right: inherit !important;\n        left: 378px !important;\n    }\n}\n\n#recomendadorFixed {\n    width: 90%;\n    box-shadow: 0 10px 20px 0px #00000057;\n    display: none;\n    height: 90px;\n    background: #F6F6F6;\n    position: fixed;\n    flex-direction: row;\n    bottom: 10px;\n    z-index: 9999;\n    border-radius: 16px;\n    padding: 7px 10px;\n}\n\n.recomendadorLeftArea {\n    width: 160px;\n}\n\n.recomendadorRightArea h2 {\n    padding-top: 0px;\n    margin: 2px 0px 4px 0px !important;\n    font-weight: 400;\n    text-align: center;\n    padding-left: 0px !important;\n    color: #000 !important;\n    border-left: none !important;\n    line-height: 20px;\n    font-size: 12px !important;\n}\n\n.recomendadorImgFixed {\n    overflow: hidden;\n    padding: 8px 6px;\n    height: 100%;\n}\n\n.recomendadorImgFixed img {\n    height: 100% !important;\n    border-radius: 16px;\n}\n\n.recomendadorRightArea {\n    padding-top: 6px;\n    display: flex;\n    width: calc(100% - 130px);\n    justify-content: space-between;\n    align-items: center;\n    flex-direction: column;\n}\n\n.recomendadorButtonFixed {\n    margin: 0 auto;\n    background: #1D3557;\n    width: 80%;\n    text-align: center;\n    font-size: 10px;\n    color: #FFF;\n    padding: 2px 10px;\n    border-radius: 3px;\n}\n\n.recomendadorButtonFixed:after {\n    margin-top: -3px;\n    content: \"\u2192\";\n    padding: 0px 0px 0px 10px;\n}\n\n.recomendadorAlertFixed {\n    font-weight: 400;\n    text-align: center;\n    color: #484848;\n    font-size: 8px;\n}\n\n.recomendadorCloseFixed {\n    z-index: 99999;\n    display: none;\n    right: 0px;\n    left: inherit;\n    bottom: 99px;\n    position: fixed;\n    justify-content: center;\n    background: #F6F6F6;\n    width: 25px;\n    align-items: center;\n    height: 25px;\n    font-weight: 800;\n    border-radius: 50%;\n    border: 1px solid #EBEBEB;\n}\n\n.recomendadorV2Desc{\n    color: #000000;\n    margin: 20px 0px;\n}\n\n@media (max-width: 576px) {\n    .recomendadorV2Area {\n      padding: 10px;\n      max-width: 100%;\n    }\n  \n    .recomendadorV2Area1 img {\n      width: 100%;\n      border-radius: 6px;\n    }\n  \n    .recomendadorV2Area2 .recomendadorV2Type {\n      font-size: 9px;\n      letter-spacing: 1px;\n      margin: 8px 0;\n    }\n  \n    .recomendadorV2Title h2 {\n      font-size: 18px !important;\n      margin-bottom: 8px !important;\n      line-height: 1.2;\n    }\n  \n    .recomendadorV2Desc {\n      font-size: 14px;\n      margin: 8px 0 !important;\n      line-height: 1.4;\n    }\n  \n    .recomendadorV2Button {\n      font-size: 12px;\n      height: 30px;\n      padding: 0 12px;\n      max-width: 160px;\n    }\n  \n    .recomendadorV2Button:after {\n      padding-left: 6px;\n    }\n  }\n  <\/style>\n        <div class=\"lazyblock-recomendador-v2-2jDGz wp-block-lazyblock-recomendador-v2\">\n        <a class=\"linkrecomendadorv2\" href=\"https:\/\/diariodepernambuco.com.br\/dpmais\/cidade-pouco-conhecida-no-brasil-tem-mais-jacares-do-que-pessoas-e-poucos-sabem-disso\/?utm_source=lazy\" target=\"_blank\" rel=\"noopener\">\n            <div class=\"recomendadorV2Area\">\n            <div class=\"recomendadorV2Area1\">\n                <div class=\"recomendadorV2Img\">\n                <img class=\"lazyloaded\" decoding=\"async\" src=\"https:\/\/diariodepernambuco.com.br\/dpmais\/wp-content\/uploads\/2025\/12\/Jacare-1140x570.jpg\" data-src=\"https:\/\/diariodepernambuco.com.br\/dpmais\/wp-content\/uploads\/2025\/12\/Jacare-1140x570.jpg\" alt=\"\">\n                <\/div>\n            <\/div>\n            <div class=\"recomendadorV2Area2\">\n                <div class=\"recomendadorV2Type\">\n                    <span>Curiosidade Animal<\/span>\n                <\/div>\n                <div class=\"recomendadorV2Title\">\n                <h2><span>Cidade cheia de jacar\u00e9s \ud83d\udc0a<\/span><\/h2>\n                <\/div>\n                <div class=\"recomendadorV2Desc\">\n                <span>Conhe\u00e7a o lugar com mais r\u00e9pteis que gente<\/span>\n                <\/div>\n                <div class=\"recomendadorV2Button\">Ver curiosidade<\/div>\n                <div class=\"recomendadorV2Alert\"><\/div>\n            <\/div>\n            <\/div>\n        <\/a>\n        <div>\n            <div style=\"z-index:99999;\" id=\"buttonClose\" onclick=\"closeRecomendadorFixed()\">\n            <div class=\"recomendadorCloseFixed\">X<\/div>\n            <\/div>\n            <a href=\"https:\/\/diariodepernambuco.com.br\/dpmais\/cidade-pouco-conhecida-no-brasil-tem-mais-jacares-do-que-pessoas-e-poucos-sabem-disso\/?utm_source=lazy\" target=\"_blank\" rel=\"noopener\">\n            <div class=\"recomendadorFixedArea\">\n                <div id=\"recomendadorFixed\">\n                <div class=\"recomendadorLeftArea\">\n                    <div class=\"recomendadorImgFixed\">\n                    <img class=\"lazyload\" decoding=\"async\" src=\"https:\/\/diariodepernambuco.com.br\/dpmais\/wp-content\/uploads\/2025\/12\/Jacare-1140x570.jpg\" alt=\"\">\n                    <\/div>\n                <\/div>\n                <div class=\"recomendadorRightArea\">\n                    <div class=\"recomendadorTitleFixed\">\n                    <h2><span>Cidade cheia de jacar\u00e9s \ud83d\udc0a<\/span><\/h2>\n                    <\/div>\n                    <div class=\"recomendadorButtonFixed\">Ver curiosidade<\/div>\n                    <div class=\"recomendadorAlertFixed\"><\/div>\n                <\/div>\n                <\/div>\n            <\/div>\n            <\/a>\n        <\/div>\n        <\/div>\n\n\n\n<ul class=\"wp-block-list\">\n<li>O \u201cSol de Natal\u201d \u2013 A cidade \u00e9 conhecida como a \u201cCidade do Sol\u201d, pois registra cerca de 300 dias de sol por ano, tornando-a perfeita para quem busca praias e atividades ao ar livre.<\/li>\n<\/ul>\n\n\n\n<ul class=\"wp-block-list\">\n<li>Morro do Careca \u2013 Um dos cart\u00f5es-postais mais famosos \u00e9 essa duna de areia com cerca de 120 metros de altura localizada em Ponta Negra. \u00c9 proibido escalar ou descer a duna, para preservar o local.<\/li>\n<\/ul>\n\n\n\n<ul class=\"wp-block-list\">\n<li>Dunas de Genipabu \u2013 As dunas m\u00f3veis da regi\u00e3o s\u00e3o um verdadeiro espet\u00e1culo da natureza e servem de cen\u00e1rio para passeios de buggy e aventuras radicais.<\/li>\n<\/ul>\n\n\n\n<ul class=\"wp-block-list\">\n<li>Forte dos Reis Magos \u2013 Constru\u00eddo em 1598, \u00e9 uma das constru\u00e7\u00f5es mais antigas da cidade e foi fundamental para a defesa do territ\u00f3rio durante a coloniza\u00e7\u00e3o portuguesa.<\/li>\n<\/ul>\n\n\n\n<ul class=\"wp-block-list\">\n<li>\u00c1gua de coco em abund\u00e2ncia \u2013 Em Natal, beber \u00e1gua de coco diretamente do coqueiro \u00e9 praticamente um h\u00e1bito di\u00e1rio, com quiosques espalhados por quase todas as praias.<\/li>\n<\/ul>\n\n\n\n<ul class=\"wp-block-list\">\n<li>Rota da cultura ind\u00edgena \u2013 A regi\u00e3o possui influ\u00eancia ind\u00edgena em sua cultura, culin\u00e1ria e festas tradicionais, especialmente a do Potengi, ligada \u00e0 hist\u00f3ria do Rio Potengi.<\/li>\n<\/ul>\n\n\n\n<ul class=\"wp-block-list\">\n<li>Praias paradis\u00edacas \u2013 Al\u00e9m de Ponta Negra, Natal tem praias que lembram o Caribe, como Praia do Forte, Genipabu e Pirangi, famosa pelo maior cajueiro do mundo.<\/li>\n<\/ul>\n\n\n\n<ul class=\"wp-block-list\">\n<li>Maior cajueiro do mundo \u2013 Localizado em Pirangi, na Grande Natal, ocupa uma \u00e1rea de mais de 8.500 m\u00b2 e produz toneladas de cajus por ano.<\/li>\n<\/ul>\n\n\n\n<ul class=\"wp-block-list\">\n<li>Hospitalidade nordestina \u2013 Os natalenses s\u00e3o conhecidos pelo calor humano e receptividade, o que torna a experi\u00eancia do turista ainda mais agrad\u00e1vel.<\/li>\n<\/ul>\n\n\n\n<ul class=\"wp-block-list\">\n<li>Cidade pr\u00f3xima a duas capitais hist\u00f3ricas \u2013 Natal est\u00e1 perto de outras cidades hist\u00f3ricas do Nordeste, como Jo\u00e3o Pessoa (PB) e Fortaleza (CE), facilitando roteiros de viagem pela regi\u00e3o.<\/li>\n<\/ul>\n\n\n\n<p><\/p>\n","protected":false},"excerpt":{"rendered":"<p>Natal, capital do Rio Grande do Norte, guarda praias paradis\u00edacas que parecem ter sa\u00eddo do Caribe. Com \u00e1guas cristalinas, areias claras e uma atmosfera tranquila, a cidade se destaca como um destino ideal para quem busca relaxamento, contato com a natureza e momentos de paz longe da agita\u00e7\u00e3o das grandes metr\u00f3poles. A brisa constante do [&hellip;]<\/p>\n","protected":false},"author":4,"featured_media":10744,"comment_status":"open","ping_status":"open","sticky":false,"template":"","format":"standard","meta":{"jnews-multi-image_gallery":[],"jnews_single_post":{"format":"standard"},"jnews_primary_category":[],"jnews_social_meta":[],"jnews_post_split":[],"footnotes":""},"categories":[1],"tags":[],"class_list":["post-10742","post","type-post","status-publish","format-standard","has-post-thumbnail","hentry","category-uncategorized"],"_links":{"self":[{"href":"https:\/\/diariodepernambuco.audiencelabs.com.br\/wp-json\/wp\/v2\/posts\/10742","targetHints":{"allow":["GET"]}}],"collection":[{"href":"https:\/\/diariodepernambuco.audiencelabs.com.br\/wp-json\/wp\/v2\/posts"}],"about":[{"href":"https:\/\/diariodepernambuco.audiencelabs.com.br\/wp-json\/wp\/v2\/types\/post"}],"author":[{"embeddable":true,"href":"https:\/\/diariodepernambuco.audiencelabs.com.br\/wp-json\/wp\/v2\/users\/4"}],"replies":[{"embeddable":true,"href":"https:\/\/diariodepernambuco.audiencelabs.com.br\/wp-json\/wp\/v2\/comments?post=10742"}],"version-history":[{"count":3,"href":"https:\/\/diariodepernambuco.audiencelabs.com.br\/wp-json\/wp\/v2\/posts\/10742\/revisions"}],"predecessor-version":[{"id":10799,"href":"https:\/\/diariodepernambuco.audiencelabs.com.br\/wp-json\/wp\/v2\/posts\/10742\/revisions\/10799"}],"wp:featuredmedia":[{"embeddable":true,"href":"https:\/\/diariodepernambuco.audiencelabs.com.br\/wp-json\/wp\/v2\/media\/10744"}],"wp:attachment":[{"href":"https:\/\/diariodepernambuco.audiencelabs.com.br\/wp-json\/wp\/v2\/media?parent=10742"}],"wp:term":[{"taxonomy":"category","embeddable":true,"href":"https:\/\/diariodepernambuco.audiencelabs.com.br\/wp-json\/wp\/v2\/categories?post=10742"},{"taxonomy":"post_tag","embeddable":true,"href":"https:\/\/diariodepernambuco.audiencelabs.com.br\/wp-json\/wp\/v2\/tags?post=10742"}],"curies":[{"name":"wp","href":"https:\/\/api.w.org\/{rel}","templated":true}]}}