{"id":10927,"date":"2025-12-05T12:30:00","date_gmt":"2025-12-05T15:30:00","guid":{"rendered":"https:\/\/diariodepernambuco.audiencelabs.com.br\/?p=10927"},"modified":"2025-12-05T15:25:00","modified_gmt":"2025-12-05T18:25:00","slug":"bolsa-familia-5-atitudes-que-excluem-o-beneficio-e-voce-nao-vai-mais-receber","status":"publish","type":"post","link":"https:\/\/diariodepernambuco.audiencelabs.com.br\/bolsa-familia-5-atitudes-que-excluem-o-beneficio-e-voce-nao-vai-mais-receber\/","title":{"rendered":"Bolsa Fam\u00edlia: 5 atitudes que excluem o benef\u00edcio e fazem voc\u00ea parar de receber"},"content":{"rendered":"\n<p>O Bolsa Fam\u00edlia segue regras espec\u00edficas para garantir que o aux\u00edlio chegue a quem realmente precisa, e o descumprimento dessas normas pode levar \u00e0 suspens\u00e3o ou at\u00e9 ao cancelamento definitivo do benef\u00edcio. Muitas fam\u00edlias n\u00e3o sabem, mas algumas atitudes consideradas irregulares podem provocar o bloqueio imediato do pagamento.<\/p>\n\n\n\n<p>Entre os motivos mais comuns est\u00e3o a falta de atualiza\u00e7\u00e3o do Cadastro \u00danico dentro do prazo, especialmente quando h\u00e1 mudan\u00e7a de endere\u00e7o, renda ou composi\u00e7\u00e3o familiar. Tamb\u00e9m entram na lista o n\u00e3o cumprimento das exig\u00eancias de sa\u00fade e educa\u00e7\u00e3o, como garantir a frequ\u00eancia escolar das crian\u00e7as e manter o calend\u00e1rio de vacina\u00e7\u00e3o em dia.<\/p>\n\n\n\n<p>Al\u00e9m disso, apresentar informa\u00e7\u00f5es falsas, ter renda acima do permitido pelo programa ou n\u00e3o atender \u00e0s visitas e acompanhamentos sociais pode resultar na exclus\u00e3o. A seguir, voc\u00ea confere cinco atitudes que podem fazer o benefici\u00e1rio perder o Bolsa Fam\u00edlia de forma definitiva:<\/p>\n\n\n\n<ol class=\"wp-block-list\">\n<li><strong>N\u00e3o atualizar o Cadastro \u00danico<\/strong><\/li>\n<\/ol>\n\n\n<style>@media (min-width: 992px) {\n    .recomendadorV2Area1 {\n        width: 280px;\n    }\n    .recomendadorV2Area2 {\n        padding: 0px 20px;\n        width: calc(100% - 280px);\n    }\n}\n\n@media (max-width: 992px) {\n    .recomendadorV2Button {\n        margin: 0 auto;\n    }\n    .recomendadorV2Area {\n        flex-direction: column;\n        text-align: center;\n    }\n    .recomendadorV2Area2 {\n        padding: 0px 20px;\n    }\n}\n\n.recomendadorV2Area {\n    background: #eeeeee3d;\n    border-radius: 10px;\n    padding: 15px;\n    display: flex;\n    margin: 15px auto;\n    border: 1px solid #00000014;\n    max-width: 800px;\n}\n\n.recomendadorV2Area1 img {\n    width: 280px;\n    height: auto;\n    border-radius: 8px;\n}\n\n.linkrecomendadorv2 {\n    text-decoration: none !important;\n}\n\n.recomendadorV2Area2 .recomendadorV2Type {\n    text-transform: uppercase;\n    font-weight: 500;\n    font-size: 11px;\n    letter-spacing: 2px;\n    color: #666;\n    margin: 12px 0;\n    display: block;\n}\n\n.recomendadorV2Title h2 {\n    padding-top: 0px !important;\n    margin: 0px !important;\n    border-left: none !important;\n    padding-left: 0px !important;\n    line-height: 1.3;\n    color: #000 !important;\n    font-size: 24px;\n    margin-bottom: 12px !important;\n}\n\n.recomendadorV2Desc {\n    color: #333;\n    margin: 12px 0px !important;\n    font-size: 15px;\n    line-height: 1.5;\n}\n\n.recomendadorV2Button {\n    width: auto;\n    max-width: 200px;\n    margin: 0;\n    display: inline-flex;\n    align-items: center;\n    background: #1D3557;\n    border-radius: 8px;\n    color: #fff;\n    height: 36px;\n    justify-content: center;\n    text-align: center;\n    font-size: 14px;\n    padding: 0 20px;\n    transition: background-color 0.2s ease;\n}\n\n.recomendadorV2Button:hover {\n    background: #2a4d7a;\n}\n\n.recomendadorV2Button:after {\n    margin-top: -2px;\n    content: \"\u2192\";\n    padding: 0px 0px 0px 8px;\n}\n\n.recomendadorV2Alert {\n    text-align: left;\n    font-size: 11px;\n    margin-top: 8px;\n    color: #666;\n}\n\n.recomendadorFixedArea {\n    width: 100%;\n    display: flex;\n    justify-content: center;\n    align-items: center;\n}\n\n@media (min-width: 992px) {\n    #recomendadorFixed {\n        width: 32% !important;\n        left: 5%;\n    }\n    .recomendadorCloseFixed{\n        right: inherit !important;\n        left: 378px !important;\n    }\n}\n\n#recomendadorFixed {\n    width: 90%;\n    box-shadow: 0 10px 20px 0px #00000057;\n    display: none;\n    height: 90px;\n    background: #F6F6F6;\n    position: fixed;\n    flex-direction: row;\n    bottom: 10px;\n    z-index: 9999;\n    border-radius: 16px;\n    padding: 7px 10px;\n}\n\n.recomendadorLeftArea {\n    width: 160px;\n}\n\n.recomendadorRightArea h2 {\n    padding-top: 0px;\n    margin: 2px 0px 4px 0px !important;\n    font-weight: 400;\n    text-align: center;\n    padding-left: 0px !important;\n    color: #000 !important;\n    border-left: none !important;\n    line-height: 20px;\n    font-size: 12px !important;\n}\n\n.recomendadorImgFixed {\n    overflow: hidden;\n    padding: 8px 6px;\n    height: 100%;\n}\n\n.recomendadorImgFixed img {\n    height: 100% !important;\n    border-radius: 16px;\n}\n\n.recomendadorRightArea {\n    padding-top: 6px;\n    display: flex;\n    width: calc(100% - 130px);\n    justify-content: space-between;\n    align-items: center;\n    flex-direction: column;\n}\n\n.recomendadorButtonFixed {\n    margin: 0 auto;\n    background: #1D3557;\n    width: 80%;\n    text-align: center;\n    font-size: 10px;\n    color: #FFF;\n    padding: 2px 10px;\n    border-radius: 3px;\n}\n\n.recomendadorButtonFixed:after {\n    margin-top: -3px;\n    content: \"\u2192\";\n    padding: 0px 0px 0px 10px;\n}\n\n.recomendadorAlertFixed {\n    font-weight: 400;\n    text-align: center;\n    color: #484848;\n    font-size: 8px;\n}\n\n.recomendadorCloseFixed {\n    z-index: 99999;\n    display: none;\n    right: 0px;\n    left: inherit;\n    bottom: 99px;\n    position: fixed;\n    justify-content: center;\n    background: #F6F6F6;\n    width: 25px;\n    align-items: center;\n    height: 25px;\n    font-weight: 800;\n    border-radius: 50%;\n    border: 1px solid #EBEBEB;\n}\n\n.recomendadorV2Desc{\n    color: #000000;\n    margin: 20px 0px;\n}\n\n@media (max-width: 576px) {\n    .recomendadorV2Area {\n      padding: 10px;\n      max-width: 100%;\n    }\n  \n    .recomendadorV2Area1 img {\n      width: 100%;\n      border-radius: 6px;\n    }\n  \n    .recomendadorV2Area2 .recomendadorV2Type {\n      font-size: 9px;\n      letter-spacing: 1px;\n      margin: 8px 0;\n    }\n  \n    .recomendadorV2Title h2 {\n      font-size: 18px !important;\n      margin-bottom: 8px !important;\n      line-height: 1.2;\n    }\n  \n    .recomendadorV2Desc {\n      font-size: 14px;\n      margin: 8px 0 !important;\n      line-height: 1.4;\n    }\n  \n    .recomendadorV2Button {\n      font-size: 12px;\n      height: 30px;\n      padding: 0 12px;\n      max-width: 160px;\n    }\n  \n    .recomendadorV2Button:after {\n      padding-left: 6px;\n    }\n  }\n  <\/style>\n        <div class=\"lazyblock-recomendador-v2-2jDGz wp-block-lazyblock-recomendador-v2\">\n        <a class=\"linkrecomendadorv2\" href=\"https:\/\/diariodepernambuco.com.br\/dpmais\/brasileiros-com-menos-de-25-anos-vao-receber-r-1-200-do-governo\/?utm_source=lazy\" target=\"_blank\" rel=\"noopener\">\n            <div class=\"recomendadorV2Area\">\n            <div class=\"recomendadorV2Area1\">\n                <div class=\"recomendadorV2Img\">\n                <img class=\"lazyloaded\" decoding=\"async\" src=\"https:\/\/diariodepernambuco.com.br\/dpmais\/wp-content\/uploads\/2025\/08\/Dinheiro-1140x570.jpg\" data-src=\"https:\/\/diariodepernambuco.com.br\/dpmais\/wp-content\/uploads\/2025\/08\/Dinheiro-1140x570.jpg\" alt=\"\">\n                <\/div>\n            <\/div>\n            <div class=\"recomendadorV2Area2\">\n                <div class=\"recomendadorV2Type\">\n                    <span>Novo aux\u00edlio<\/span>\n                <\/div>\n                <div class=\"recomendadorV2Title\">\n                <h2><span>Jovens v\u00e3o receber R$1.200 \ud83d\udcb0<\/span><\/h2>\n                <\/div>\n                <div class=\"recomendadorV2Desc\">\n                <span>Veja quem tem direito ao novo benef\u00edcio.<\/span>\n                <\/div>\n                <div class=\"recomendadorV2Button\">Descubra agora<\/div>\n                <div class=\"recomendadorV2Alert\"><\/div>\n            <\/div>\n            <\/div>\n        <\/a>\n        <div>\n            <div style=\"z-index:99999;\" id=\"buttonClose\" onclick=\"closeRecomendadorFixed()\">\n            <div class=\"recomendadorCloseFixed\">X<\/div>\n            <\/div>\n            <a href=\"https:\/\/diariodepernambuco.com.br\/dpmais\/brasileiros-com-menos-de-25-anos-vao-receber-r-1-200-do-governo\/?utm_source=lazy\" target=\"_blank\" rel=\"noopener\">\n            <div class=\"recomendadorFixedArea\">\n                <div id=\"recomendadorFixed\">\n                <div class=\"recomendadorLeftArea\">\n                    <div class=\"recomendadorImgFixed\">\n                    <img class=\"lazyload\" decoding=\"async\" src=\"https:\/\/diariodepernambuco.com.br\/dpmais\/wp-content\/uploads\/2025\/08\/Dinheiro-1140x570.jpg\" alt=\"\">\n                    <\/div>\n                <\/div>\n                <div class=\"recomendadorRightArea\">\n                    <div class=\"recomendadorTitleFixed\">\n                    <h2><span>Jovens v\u00e3o receber R$1.200 \ud83d\udcb0<\/span><\/h2>\n                    <\/div>\n                    <div class=\"recomendadorButtonFixed\">Descubra agora<\/div>\n                    <div class=\"recomendadorAlertFixed\"><\/div>\n                <\/div>\n                <\/div>\n            <\/div>\n            <\/a>\n        <\/div>\n        <\/div>\n\n\n\n<p>A atualiza\u00e7\u00e3o cadastral \u00e9 obrigat\u00f3ria a cada dois anos ou sempre que houver mudan\u00e7as importantes na fam\u00edlia, como novo emprego, altera\u00e7\u00e3o de endere\u00e7o, nascimento ou sa\u00edda de moradores. Quando essas informa\u00e7\u00f5es n\u00e3o s\u00e3o atualizadas, o governo entende que os dados podem estar incorretos e, por seguran\u00e7a, bloqueia ou cancela o benef\u00edcio.<\/p>\n\n\n\n<ol start=\"2\" class=\"wp-block-list\">\n<li><strong>Informar renda diferente da real<\/strong><\/li>\n<\/ol>\n\n\n\n<p>Declarar uma renda menor do que a verdadeira \u00e9 considerado irregularidade grave. Caso o sistema identifique diverg\u00eancias entre as informa\u00e7\u00f5es declaradas e os dados de outras bases oficiais, o benefici\u00e1rio pode perder o direito ao programa, al\u00e9m de precisar devolver valores recebidos indevidamente.<\/p>\n\n\n\n<ol start=\"3\" class=\"wp-block-list\">\n<li><strong>N\u00e3o cumprir as regras de sa\u00fade<\/strong><\/li>\n<\/ol>\n\n\n\n<p>Fam\u00edlias com crian\u00e7as e adolescentes precisam manter o cart\u00e3o de vacina\u00e7\u00e3o atualizado e comparecer \u00e0s unidades de sa\u00fade quando convocadas. Gestantes tamb\u00e9m devem realizar o pr\u00e9-natal. O descumprimento dessas exig\u00eancias compromete a perman\u00eancia no programa.<\/p>\n\n\n\n<ol start=\"4\" class=\"wp-block-list\">\n<li><strong>N\u00e3o garantir a frequ\u00eancia escolar<\/strong><\/li>\n<\/ol>\n\n\n\n<p>Crian\u00e7as e adolescentes benefici\u00e1rios do Bolsa Fam\u00edlia precisam frequentar a escola regularmente. Faltas excessivas sem justificativa podem resultar em advert\u00eancia, suspens\u00e3o tempor\u00e1ria e, em casos persistentes, no cancelamento do benef\u00edcio.<\/p>\n\n\n\n<ol start=\"5\" class=\"wp-block-list\">\n<li><strong>Ter renda acima do limite permitido<\/strong><\/li>\n<\/ol>\n\n\n\n<p>O programa \u00e9 destinado a fam\u00edlias em situa\u00e7\u00e3o de vulnerabilidade. Se a renda por pessoa ultrapassar o limite estabelecido, o benef\u00edcio pode ser cancelado automaticamente. H\u00e1 situa\u00e7\u00f5es de transi\u00e7\u00e3o, mas esconder informa\u00e7\u00f5es ou tentar burlar o sistema tamb\u00e9m leva \u00e0 exclus\u00e3o definitiva.<\/p>\n\n\n\n<p><\/p>\n","protected":false},"excerpt":{"rendered":"<p>O Bolsa Fam\u00edlia segue regras espec\u00edficas para garantir que o aux\u00edlio chegue a quem realmente precisa, e o descumprimento dessas normas pode levar \u00e0 suspens\u00e3o ou at\u00e9 ao cancelamento definitivo do benef\u00edcio. Muitas fam\u00edlias n\u00e3o sabem, mas algumas atitudes consideradas irregulares podem provocar o bloqueio imediato do pagamento. Entre os motivos mais comuns est\u00e3o a [&hellip;]<\/p>\n","protected":false},"author":4,"featured_media":1522,"comment_status":"open","ping_status":"open","sticky":false,"template":"","format":"standard","meta":{"jnews-multi-image_gallery":[],"jnews_single_post":{"format":"standard"},"jnews_primary_category":[],"jnews_social_meta":[],"jnews_post_split":[],"footnotes":""},"categories":[1],"tags":[],"class_list":["post-10927","post","type-post","status-publish","format-standard","has-post-thumbnail","hentry","category-uncategorized"],"_links":{"self":[{"href":"https:\/\/diariodepernambuco.audiencelabs.com.br\/wp-json\/wp\/v2\/posts\/10927","targetHints":{"allow":["GET"]}}],"collection":[{"href":"https:\/\/diariodepernambuco.audiencelabs.com.br\/wp-json\/wp\/v2\/posts"}],"about":[{"href":"https:\/\/diariodepernambuco.audiencelabs.com.br\/wp-json\/wp\/v2\/types\/post"}],"author":[{"embeddable":true,"href":"https:\/\/diariodepernambuco.audiencelabs.com.br\/wp-json\/wp\/v2\/users\/4"}],"replies":[{"embeddable":true,"href":"https:\/\/diariodepernambuco.audiencelabs.com.br\/wp-json\/wp\/v2\/comments?post=10927"}],"version-history":[{"count":3,"href":"https:\/\/diariodepernambuco.audiencelabs.com.br\/wp-json\/wp\/v2\/posts\/10927\/revisions"}],"predecessor-version":[{"id":10966,"href":"https:\/\/diariodepernambuco.audiencelabs.com.br\/wp-json\/wp\/v2\/posts\/10927\/revisions\/10966"}],"wp:featuredmedia":[{"embeddable":true,"href":"https:\/\/diariodepernambuco.audiencelabs.com.br\/wp-json\/wp\/v2\/media\/1522"}],"wp:attachment":[{"href":"https:\/\/diariodepernambuco.audiencelabs.com.br\/wp-json\/wp\/v2\/media?parent=10927"}],"wp:term":[{"taxonomy":"category","embeddable":true,"href":"https:\/\/diariodepernambuco.audiencelabs.com.br\/wp-json\/wp\/v2\/categories?post=10927"},{"taxonomy":"post_tag","embeddable":true,"href":"https:\/\/diariodepernambuco.audiencelabs.com.br\/wp-json\/wp\/v2\/tags?post=10927"}],"curies":[{"name":"wp","href":"https:\/\/api.w.org\/{rel}","templated":true}]}}