{"id":10942,"date":"2025-12-05T15:30:00","date_gmt":"2025-12-05T18:30:00","guid":{"rendered":"https:\/\/diariodepernambuco.audiencelabs.com.br\/?p=10942"},"modified":"2025-12-05T17:38:26","modified_gmt":"2025-12-05T20:38:26","slug":"despedida-de-filipe-luis-do-flamengo-ja-tem-data-marcada-para-acontecer","status":"publish","type":"post","link":"https:\/\/diariodepernambuco.audiencelabs.com.br\/despedida-de-filipe-luis-do-flamengo-ja-tem-data-marcada-para-acontecer\/","title":{"rendered":"Despedida de Filipe Lu\u00eds do Flamengo j\u00e1 tem data marcada para acontecer"},"content":{"rendered":"\n<p>\u00cddolo rubro-negro dentro de campo, o ex-lateral Filipe Lu\u00eds tem expandido sua idolatria tamb\u00e9m fora das quatro linhas. Comandando o Flamengo ao tetracampeonato da Libertadores e ao enea no Campeonato Brasileiro, o agora t\u00e9cnico j\u00e1 tem data marcada para deixar o clube caso n\u00e3o renove o seu contrato: 31 de dezembro.<\/p>\n\n\n\n<p>Mas calma, torcedor. Muito provavelmente o treinador n\u00e3o dar\u00e1 adeus \u00e0 G\u00e1vea. O pr\u00f3prio Filipe Lu\u00eds demonstrou vontade em renovar o contrato com o Flamengo. A declara\u00e7\u00e3o foi feita em entrevista coletiva ap\u00f3s a conquista do Campeonato Brasileiro.<\/p>\n\n\n\n<p>&#8220;Se depender de mim, estou renovado. N\u00e3o depende s\u00f3 de mim. Claro que quero ficar, sou feliz aqui, minha fam\u00edlia \u00e9 feliz aqui. Tenho que conquistar o direito de sentar nessa cadeira. Para isso trabalho todos os dias muitas e muitas horas e vou continuar&#8221;, disse.<\/p>\n\n\n\n<p>Filipe Lu\u00eds tamb\u00e9m comentou o motivo pelo qual a renova\u00e7\u00e3o de contrato ainda n\u00e3o foi definida. Segundo ele, a agenda intensa das \u00faltimas semanas, marcada por decis\u00f5es importantes em sequ\u00eancia, impediu que houvesse tempo para tratar do assunto com a diretoria. Ap\u00f3s a conquista da Libertadores, o presidente Luiz Eduardo Baptista j\u00e1 havia demonstrado ser favor\u00e1vel \u00e0 perman\u00eancia.<\/p>\n\n\n\n<h2 class=\"wp-block-heading\">Filipe Lu\u00eds conquista seu quinto t\u00edtulo como t\u00e9cnico em apenas um ano<\/h2>\n\n\n\n<p>Quatro dias ap\u00f3s levantar um trof\u00e9u, o Flamengo ergueu mais um. Na quarta-feira (3), o Rubro-Negro venceu o Cear\u00e1 e garantiu o t\u00edtulo do Campeonato Brasileiro, marcando a quinta conquista de Filipe Lu\u00eds como t\u00e9cnico em pouco mais de um ano. Assim, o ex-lateral completa o seu ciclo de t\u00edtulos nacionais.<\/p>\n\n\n\n<p>Filipe tornou-se o primeiro treinador a conquistar todos os t\u00edtulos que disputou no futebol brasileiro. No cen\u00e1rio internacional, a \u00fanica ta\u00e7a que ainda n\u00e3o levou foi a Copa do Mundo de Clubes. Ainda neste m\u00eas, ele ter\u00e1 a chance de disputar o Intercontinental e, no come\u00e7o de 2026, a Recopa Sul-Americana.<\/p>\n\n\n\n<p><strong>Os t\u00edtulos de Filipe Lu\u00eds como t\u00e9cnico:<\/strong><\/p>\n\n\n\n<ul class=\"wp-block-list\">\n<li>Copa do Brasil 2024<\/li>\n\n\n\n<li>Supercopa Rei 2025<\/li>\n\n\n\n<li>Campeonato Carioca 2025<\/li>\n\n\n\n<li>Copa Libertadores 2025<\/li>\n\n\n\n<li>Campeonato Brasileiro 2025<\/li>\n<\/ul>\n","protected":false},"excerpt":{"rendered":"<p>\u00cddolo rubro-negro dentro de campo, o ex-lateral Filipe Lu\u00eds tem expandido sua idolatria tamb\u00e9m fora das quatro linhas. Comandando o Flamengo ao tetracampeonato da Libertadores e ao enea no Campeonato Brasileiro, o agora t\u00e9cnico j\u00e1 tem data marcada para deixar o clube caso n\u00e3o renove o seu contrato: 31 de dezembro. Mas calma, torcedor. Muito [&hellip;]<\/p>\n","protected":false},"author":4,"featured_media":9521,"comment_status":"open","ping_status":"open","sticky":false,"template":"","format":"standard","meta":{"jnews-multi-image_gallery":[],"jnews_single_post":{"format":"standard"},"jnews_primary_category":[],"jnews_social_meta":[],"jnews_post_split":[],"footnotes":""},"categories":[1],"tags":[],"class_list":["post-10942","post","type-post","status-publish","format-standard","has-post-thumbnail","hentry","category-uncategorized"],"_links":{"self":[{"href":"https:\/\/diariodepernambuco.audiencelabs.com.br\/wp-json\/wp\/v2\/posts\/10942","targetHints":{"allow":["GET"]}}],"collection":[{"href":"https:\/\/diariodepernambuco.audiencelabs.com.br\/wp-json\/wp\/v2\/posts"}],"about":[{"href":"https:\/\/diariodepernambuco.audiencelabs.com.br\/wp-json\/wp\/v2\/types\/post"}],"author":[{"embeddable":true,"href":"https:\/\/diariodepernambuco.audiencelabs.com.br\/wp-json\/wp\/v2\/users\/4"}],"replies":[{"embeddable":true,"href":"https:\/\/diariodepernambuco.audiencelabs.com.br\/wp-json\/wp\/v2\/comments?post=10942"}],"version-history":[{"count":2,"href":"https:\/\/diariodepernambuco.audiencelabs.com.br\/wp-json\/wp\/v2\/posts\/10942\/revisions"}],"predecessor-version":[{"id":10949,"href":"https:\/\/diariodepernambuco.audiencelabs.com.br\/wp-json\/wp\/v2\/posts\/10942\/revisions\/10949"}],"wp:featuredmedia":[{"embeddable":true,"href":"https:\/\/diariodepernambuco.audiencelabs.com.br\/wp-json\/wp\/v2\/media\/9521"}],"wp:attachment":[{"href":"https:\/\/diariodepernambuco.audiencelabs.com.br\/wp-json\/wp\/v2\/media?parent=10942"}],"wp:term":[{"taxonomy":"category","embeddable":true,"href":"https:\/\/diariodepernambuco.audiencelabs.com.br\/wp-json\/wp\/v2\/categories?post=10942"},{"taxonomy":"post_tag","embeddable":true,"href":"https:\/\/diariodepernambuco.audiencelabs.com.br\/wp-json\/wp\/v2\/tags?post=10942"}],"curies":[{"name":"wp","href":"https:\/\/api.w.org\/{rel}","templated":true}]}}