{"id":11070,"date":"2025-12-09T15:30:00","date_gmt":"2025-12-09T18:30:00","guid":{"rendered":"https:\/\/diariodepernambuco.audiencelabs.com.br\/?p=11070"},"modified":"2025-12-09T18:12:34","modified_gmt":"2025-12-09T21:12:34","slug":"profissoes-viram-decepcao-apos-formatura-e-diploma-consolidado","status":"publish","type":"post","link":"https:\/\/diariodepernambuco.audiencelabs.com.br\/profissoes-viram-decepcao-apos-formatura-e-diploma-consolidado\/","title":{"rendered":"Profiss\u00f5es viram decep\u00e7\u00e3o ap\u00f3s formatura e diploma consolidado"},"content":{"rendered":"\n<p>Conquistar um diploma e celebrar a formatura costuma ser visto como o in\u00edcio de uma trajet\u00f3ria promissora, mas nem sempre a realidade corresponde \u00e0s expectativas. Muitos rec\u00e9m-formados descobrem que, apesar do investimento em tempo e dinheiro, a profiss\u00e3o escolhida pode n\u00e3o oferecer o retorno esperado, seja por baixos sal\u00e1rios, poucas oportunidades ou rotina desgastante.<\/p>\n\n\n\n<p>Entre os cursos que mais geram frustra\u00e7\u00e3o entre os formados est\u00e3o \u00e1reas como artes, publicidade, administra\u00e7\u00e3o e direito, onde a oferta de vagas nem sempre acompanha a demanda, e as condi\u00e7\u00f5es de trabalho podem ser desafiadoras.<\/p>\n\n\n\n<p>No entanto, o jornalismo se destaca como o curso com maior \u00edndice de insatisfa\u00e7\u00e3o. Muitos profissionais relatam sal\u00e1rios baixos, contratos inst\u00e1veis e jornadas extensas, especialmente em ve\u00edculos de pequeno porte, o que torna dif\u00edcil manter a motiva\u00e7\u00e3o e planejar o futuro na carreira.<\/p>\n\n\n\n<p>Al\u00e9m disso, a r\u00e1pida transforma\u00e7\u00e3o do mercado de trabalho, impulsionada pela tecnologia e pelas mudan\u00e7as nos h\u00e1bitos de consumo de informa\u00e7\u00e3o, tem impactado diretamente os jornalistas. A concorr\u00eancia intensa e a press\u00e3o por resultados imediatos aumentam o estresse e reduzem a percep\u00e7\u00e3o de estabilidade na profiss\u00e3o.<\/p>\n\n\n\n<p>Como resultado, muitos acabam buscando alternativas fora da \u00e1rea de forma\u00e7\u00e3o, migrando para fun\u00e7\u00f5es em comunica\u00e7\u00e3o corporativa, marketing digital ou at\u00e9 setores completamente distintos, em busca de melhores condi\u00e7\u00f5es de trabalho e qualidade de vida. Essa realidade reflete um desafio maior para a educa\u00e7\u00e3o superior: alinhar as expectativas dos alunos com as demandas e oportunidades reais do mercado.<\/p>\n\n\n\n<h2 class=\"wp-block-heading\">Desafios da carreira e a busca por novas oportunidades<\/h2>\n\n\n<style>@media (min-width: 992px) {\n    .recomendadorV2Area1 {\n        width: 280px;\n    }\n    .recomendadorV2Area2 {\n        padding: 0px 20px;\n        width: calc(100% - 280px);\n    }\n}\n\n@media (max-width: 992px) {\n    .recomendadorV2Button {\n        margin: 0 auto;\n    }\n    .recomendadorV2Area {\n        flex-direction: column;\n        text-align: center;\n    }\n    .recomendadorV2Area2 {\n        padding: 0px 20px;\n    }\n}\n\n.recomendadorV2Area {\n    background: #eeeeee3d;\n    border-radius: 10px;\n    padding: 15px;\n    display: flex;\n    margin: 15px auto;\n    border: 1px solid #00000014;\n    max-width: 800px;\n}\n\n.recomendadorV2Area1 img {\n    width: 280px;\n    height: auto;\n    border-radius: 8px;\n}\n\n.linkrecomendadorv2 {\n    text-decoration: none !important;\n}\n\n.recomendadorV2Area2 .recomendadorV2Type {\n    text-transform: uppercase;\n    font-weight: 500;\n    font-size: 11px;\n    letter-spacing: 2px;\n    color: #666;\n    margin: 12px 0;\n    display: block;\n}\n\n.recomendadorV2Title h2 {\n    padding-top: 0px !important;\n    margin: 0px !important;\n    border-left: none !important;\n    padding-left: 0px !important;\n    line-height: 1.3;\n    color: #000 !important;\n    font-size: 24px;\n    margin-bottom: 12px !important;\n}\n\n.recomendadorV2Desc {\n    color: #333;\n    margin: 12px 0px !important;\n    font-size: 15px;\n    line-height: 1.5;\n}\n\n.recomendadorV2Button {\n    width: auto;\n    max-width: 200px;\n    margin: 0;\n    display: inline-flex;\n    align-items: center;\n    background: #1D3557;\n    border-radius: 8px;\n    color: #fff;\n    height: 36px;\n    justify-content: center;\n    text-align: center;\n    font-size: 14px;\n    padding: 0 20px;\n    transition: background-color 0.2s ease;\n}\n\n.recomendadorV2Button:hover {\n    background: #2a4d7a;\n}\n\n.recomendadorV2Button:after {\n    margin-top: -2px;\n    content: \"\u2192\";\n    padding: 0px 0px 0px 8px;\n}\n\n.recomendadorV2Alert {\n    text-align: left;\n    font-size: 11px;\n    margin-top: 8px;\n    color: #666;\n}\n\n.recomendadorFixedArea {\n    width: 100%;\n    display: flex;\n    justify-content: center;\n    align-items: center;\n}\n\n@media (min-width: 992px) {\n    #recomendadorFixed {\n        width: 32% !important;\n        left: 5%;\n    }\n    .recomendadorCloseFixed{\n        right: inherit !important;\n        left: 378px !important;\n    }\n}\n\n#recomendadorFixed {\n    width: 90%;\n    box-shadow: 0 10px 20px 0px #00000057;\n    display: none;\n    height: 90px;\n    background: #F6F6F6;\n    position: fixed;\n    flex-direction: row;\n    bottom: 10px;\n    z-index: 9999;\n    border-radius: 16px;\n    padding: 7px 10px;\n}\n\n.recomendadorLeftArea {\n    width: 160px;\n}\n\n.recomendadorRightArea h2 {\n    padding-top: 0px;\n    margin: 2px 0px 4px 0px !important;\n    font-weight: 400;\n    text-align: center;\n    padding-left: 0px !important;\n    color: #000 !important;\n    border-left: none !important;\n    line-height: 20px;\n    font-size: 12px !important;\n}\n\n.recomendadorImgFixed {\n    overflow: hidden;\n    padding: 8px 6px;\n    height: 100%;\n}\n\n.recomendadorImgFixed img {\n    height: 100% !important;\n    border-radius: 16px;\n}\n\n.recomendadorRightArea {\n    padding-top: 6px;\n    display: flex;\n    width: calc(100% - 130px);\n    justify-content: space-between;\n    align-items: center;\n    flex-direction: column;\n}\n\n.recomendadorButtonFixed {\n    margin: 0 auto;\n    background: #1D3557;\n    width: 80%;\n    text-align: center;\n    font-size: 10px;\n    color: #FFF;\n    padding: 2px 10px;\n    border-radius: 3px;\n}\n\n.recomendadorButtonFixed:after {\n    margin-top: -3px;\n    content: \"\u2192\";\n    padding: 0px 0px 0px 10px;\n}\n\n.recomendadorAlertFixed {\n    font-weight: 400;\n    text-align: center;\n    color: #484848;\n    font-size: 8px;\n}\n\n.recomendadorCloseFixed {\n    z-index: 99999;\n    display: none;\n    right: 0px;\n    left: inherit;\n    bottom: 99px;\n    position: fixed;\n    justify-content: center;\n    background: #F6F6F6;\n    width: 25px;\n    align-items: center;\n    height: 25px;\n    font-weight: 800;\n    border-radius: 50%;\n    border: 1px solid #EBEBEB;\n}\n\n.recomendadorV2Desc{\n    color: #000000;\n    margin: 20px 0px;\n}\n\n@media (max-width: 576px) {\n    .recomendadorV2Area {\n      padding: 10px;\n      max-width: 100%;\n    }\n  \n    .recomendadorV2Area1 img {\n      width: 100%;\n      border-radius: 6px;\n    }\n  \n    .recomendadorV2Area2 .recomendadorV2Type {\n      font-size: 9px;\n      letter-spacing: 1px;\n      margin: 8px 0;\n    }\n  \n    .recomendadorV2Title h2 {\n      font-size: 18px !important;\n      margin-bottom: 8px !important;\n      line-height: 1.2;\n    }\n  \n    .recomendadorV2Desc {\n      font-size: 14px;\n      margin: 8px 0 !important;\n      line-height: 1.4;\n    }\n  \n    .recomendadorV2Button {\n      font-size: 12px;\n      height: 30px;\n      padding: 0 12px;\n      max-width: 160px;\n    }\n  \n    .recomendadorV2Button:after {\n      padding-left: 6px;\n    }\n  }\n  <\/style>\n        <div class=\"lazyblock-recomendador-v2-2jDGz wp-block-lazyblock-recomendador-v2\">\n        <a class=\"linkrecomendadorv2\" href=\"https:\/\/diariodepernambuco.com.br\/dpmais\/aposentadoria-foi-alterada-para-56-anos-para-mulher-e-58-para-homens-neste-pais\/?utm_source=lazy\" target=\"_blank\" rel=\"noopener\">\n            <div class=\"recomendadorV2Area\">\n            <div class=\"recomendadorV2Area1\">\n                <div class=\"recomendadorV2Img\">\n                <img class=\"lazyloaded\" decoding=\"async\" src=\"https:\/\/diariodepernambuco.com.br\/dpmais\/wp-content\/uploads\/2025\/11\/Aposentadoria-750x375.jpg\" data-src=\"https:\/\/diariodepernambuco.com.br\/dpmais\/wp-content\/uploads\/2025\/11\/Aposentadoria-750x375.jpg\" alt=\"\">\n                <\/div>\n            <\/div>\n            <div class=\"recomendadorV2Area2\">\n                <div class=\"recomendadorV2Type\">\n                    <span>Aposentadoria<\/span>\n                <\/div>\n                <div class=\"recomendadorV2Title\">\n                <h2><span>Nova regra \ud83d\udcd8<\/span><\/h2>\n                <\/div>\n                <div class=\"recomendadorV2Desc\">\n                <span>Idades mudam para 56 e 58 anos em novo pa\u00eds<\/span>\n                <\/div>\n                <div class=\"recomendadorV2Button\">Ler mat\u00e9ria<\/div>\n                <div class=\"recomendadorV2Alert\"><\/div>\n            <\/div>\n            <\/div>\n        <\/a>\n        <div>\n            <div style=\"z-index:99999;\" id=\"buttonClose\" onclick=\"closeRecomendadorFixed()\">\n            <div class=\"recomendadorCloseFixed\">X<\/div>\n            <\/div>\n            <a href=\"https:\/\/diariodepernambuco.com.br\/dpmais\/aposentadoria-foi-alterada-para-56-anos-para-mulher-e-58-para-homens-neste-pais\/?utm_source=lazy\" target=\"_blank\" rel=\"noopener\">\n            <div class=\"recomendadorFixedArea\">\n                <div id=\"recomendadorFixed\">\n                <div class=\"recomendadorLeftArea\">\n                    <div class=\"recomendadorImgFixed\">\n                    <img class=\"lazyload\" decoding=\"async\" src=\"https:\/\/diariodepernambuco.com.br\/dpmais\/wp-content\/uploads\/2025\/11\/Aposentadoria-750x375.jpg\" alt=\"\">\n                    <\/div>\n                <\/div>\n                <div class=\"recomendadorRightArea\">\n                    <div class=\"recomendadorTitleFixed\">\n                    <h2><span>Nova regra \ud83d\udcd8<\/span><\/h2>\n                    <\/div>\n                    <div class=\"recomendadorButtonFixed\">Ler mat\u00e9ria<\/div>\n                    <div class=\"recomendadorAlertFixed\"><\/div>\n                <\/div>\n                <\/div>\n            <\/div>\n            <\/a>\n        <\/div>\n        <\/div>\n\n\n\n<p>A insatisfa\u00e7\u00e3o entre profissionais rec\u00e9m-formados evidencia um descompasso entre o que \u00e9 ensinado nas universidades e a realidade do mercado de trabalho. \u00c1reas como jornalismo, artes e publicidade mostram que, mesmo com diploma em m\u00e3os, sal\u00e1rios baixos, contratos inst\u00e1veis e jornadas exaustivas podem comprometer a motiva\u00e7\u00e3o e o planejamento de carreira dos jovens profissionais.<\/p>\n\n\n\n<p>Diante desse cen\u00e1rio, muitos optam por se reinventar, migrando para fun\u00e7\u00f5es em comunica\u00e7\u00e3o corporativa, marketing digital ou setores totalmente distintos, em busca de melhores condi\u00e7\u00f5es e qualidade de vida. Essa tend\u00eancia refor\u00e7a a necessidade de a educa\u00e7\u00e3o superior preparar os estudantes n\u00e3o apenas para a forma\u00e7\u00e3o t\u00e9cnica, mas tamb\u00e9m para lidar com um mercado em constante transforma\u00e7\u00e3o.<\/p>\n\n\n\n<p><\/p>\n","protected":false},"excerpt":{"rendered":"<p>Conquistar um diploma e celebrar a formatura costuma ser visto como o in\u00edcio de uma trajet\u00f3ria promissora, mas nem sempre a realidade corresponde \u00e0s expectativas. Muitos rec\u00e9m-formados descobrem que, apesar do investimento em tempo e dinheiro, a profiss\u00e3o escolhida pode n\u00e3o oferecer o retorno esperado, seja por baixos sal\u00e1rios, poucas oportunidades ou rotina desgastante. Entre [&hellip;]<\/p>\n","protected":false},"author":4,"featured_media":11072,"comment_status":"open","ping_status":"open","sticky":false,"template":"","format":"standard","meta":{"jnews-multi-image_gallery":[],"jnews_single_post":{"format":"standard"},"jnews_primary_category":[],"jnews_social_meta":[],"jnews_post_split":[],"footnotes":""},"categories":[1],"tags":[],"class_list":["post-11070","post","type-post","status-publish","format-standard","has-post-thumbnail","hentry","category-uncategorized"],"_links":{"self":[{"href":"https:\/\/diariodepernambuco.audiencelabs.com.br\/wp-json\/wp\/v2\/posts\/11070","targetHints":{"allow":["GET"]}}],"collection":[{"href":"https:\/\/diariodepernambuco.audiencelabs.com.br\/wp-json\/wp\/v2\/posts"}],"about":[{"href":"https:\/\/diariodepernambuco.audiencelabs.com.br\/wp-json\/wp\/v2\/types\/post"}],"author":[{"embeddable":true,"href":"https:\/\/diariodepernambuco.audiencelabs.com.br\/wp-json\/wp\/v2\/users\/4"}],"replies":[{"embeddable":true,"href":"https:\/\/diariodepernambuco.audiencelabs.com.br\/wp-json\/wp\/v2\/comments?post=11070"}],"version-history":[{"count":3,"href":"https:\/\/diariodepernambuco.audiencelabs.com.br\/wp-json\/wp\/v2\/posts\/11070\/revisions"}],"predecessor-version":[{"id":11281,"href":"https:\/\/diariodepernambuco.audiencelabs.com.br\/wp-json\/wp\/v2\/posts\/11070\/revisions\/11281"}],"wp:featuredmedia":[{"embeddable":true,"href":"https:\/\/diariodepernambuco.audiencelabs.com.br\/wp-json\/wp\/v2\/media\/11072"}],"wp:attachment":[{"href":"https:\/\/diariodepernambuco.audiencelabs.com.br\/wp-json\/wp\/v2\/media?parent=11070"}],"wp:term":[{"taxonomy":"category","embeddable":true,"href":"https:\/\/diariodepernambuco.audiencelabs.com.br\/wp-json\/wp\/v2\/categories?post=11070"},{"taxonomy":"post_tag","embeddable":true,"href":"https:\/\/diariodepernambuco.audiencelabs.com.br\/wp-json\/wp\/v2\/tags?post=11070"}],"curies":[{"name":"wp","href":"https:\/\/api.w.org\/{rel}","templated":true}]}}