{"id":11074,"date":"2025-12-09T15:00:00","date_gmt":"2025-12-09T18:00:00","guid":{"rendered":"https:\/\/diariodepernambuco.audiencelabs.com.br\/?p=11074"},"modified":"2025-12-09T18:12:15","modified_gmt":"2025-12-09T21:12:15","slug":"aposentadoria-foi-alterada-para-56-anos-para-mulher-e-58-para-homens-neste-pais","status":"publish","type":"post","link":"https:\/\/diariodepernambuco.audiencelabs.com.br\/aposentadoria-foi-alterada-para-56-anos-para-mulher-e-58-para-homens-neste-pais\/","title":{"rendered":"Aposentadoria foi alterada para 56 anos para mulher e 58 para homens neste pa\u00eds"},"content":{"rendered":"\n<p>O governo mexicano oficializou altera\u00e7\u00f5es no regime de pens\u00f5es para servidores p\u00fablicos federais. Com a mudan\u00e7a, mulheres poder\u00e3o se aposentar aos 56 anos e homens aos 58, com uma implementa\u00e7\u00e3o gradual que reduzir\u00e1 a idade at\u00e9 2034, chegando a 53 anos para mulheres e 55 anos para homens.<\/p>\n\n\n\n<p>A nova regra vale para trabalhadores vinculados ao ISSSTE, conforme o artigo d\u00e9cimo transit\u00f3rio. Para se aposentarem antecipadamente, as mulheres devem comprovar 28 anos de contribui\u00e7\u00f5es, enquanto os homens precisam atingir 30 anos.<\/p>\n\n\n\n<h2 class=\"wp-block-heading\">Novidade na aposentadoria<\/h2>\n\n\n\n<p>A medida possibilita que os servidores planejem melhor a aposentadoria e aproveitem mais anos de descanso ativo, enquanto moderniza o sistema de pens\u00f5es e promove maior equidade de g\u00eanero, ao oferecer aposentadoria antecipada para mulheres em rela\u00e7\u00e3o aos homens.<\/p>\n\n\n\n<p>A antecipa\u00e7\u00e3o da aposentadoria deve beneficiar aqueles com carreiras longas e contribui\u00e7\u00f5es consistentes, garantindo acesso precoce \u00e0 pens\u00e3o e maior seguran\u00e7a financeira. Al\u00e9m disso, a sa\u00edda de trabalhadores mais experientes cria oportunidades no setor p\u00fablico, incentivando a renova\u00e7\u00e3o e a mobilidade no mercado de trabalho.<\/p>\n\n\n\n<p>O decreto tem como objetivo responder \u00e0s press\u00f5es de um sistema previdenci\u00e1rio afetado pelo envelhecimento da popula\u00e7\u00e3o, equilibrando os direitos dos trabalhadores com a sustentabilidade econ\u00f4mica do regime. A reforma beneficia milhares de servidores federais, proporcionando mais anos de descanso e marcando uma mudan\u00e7a hist\u00f3rica na pol\u00edtica de aposentadoria do M\u00e9xico.<\/p>\n\n\n\n<h2 class=\"wp-block-heading\">Mudan\u00e7a hist\u00f3rica nas pens\u00f5es e impacto para servidores<\/h2>\n\n\n\n<p>A altera\u00e7\u00e3o nas idades de aposentadoria representa um marco no sistema previdenci\u00e1rio mexicano, oferecendo maior planejamento e qualidade de vida para os servidores p\u00fablicos federais. Ao reduzir gradualmente a idade de aposentadoria, especialmente para mulheres, o governo busca equilibrar equidade de g\u00eanero com sustentabilidade econ\u00f4mica.<\/p>\n\n\n\n<p>Al\u00e9m dos benef\u00edcios individuais, a reforma promove renova\u00e7\u00e3o no setor p\u00fablico, liberando vagas e abrindo espa\u00e7o para novas oportunidades de trabalho. A medida tamb\u00e9m responde aos desafios de um sistema pressionado pelo envelhecimento populacional, consolidando uma mudan\u00e7a significativa na pol\u00edtica de pens\u00f5es do pa\u00eds.<\/p>\n\n\n\n<p><\/p>\n","protected":false},"excerpt":{"rendered":"<p>O governo mexicano oficializou altera\u00e7\u00f5es no regime de pens\u00f5es para servidores p\u00fablicos federais. Com a mudan\u00e7a, mulheres poder\u00e3o se aposentar aos 56 anos e homens aos 58, com uma implementa\u00e7\u00e3o gradual que reduzir\u00e1 a idade at\u00e9 2034, chegando a 53 anos para mulheres e 55 anos para homens. A nova regra vale para trabalhadores vinculados [&hellip;]<\/p>\n","protected":false},"author":4,"featured_media":8380,"comment_status":"open","ping_status":"open","sticky":false,"template":"","format":"standard","meta":{"jnews-multi-image_gallery":[],"jnews_single_post":{"format":"standard"},"jnews_primary_category":[],"jnews_social_meta":[],"jnews_post_split":[],"footnotes":""},"categories":[1],"tags":[],"class_list":["post-11074","post","type-post","status-publish","format-standard","has-post-thumbnail","hentry","category-uncategorized"],"_links":{"self":[{"href":"https:\/\/diariodepernambuco.audiencelabs.com.br\/wp-json\/wp\/v2\/posts\/11074","targetHints":{"allow":["GET"]}}],"collection":[{"href":"https:\/\/diariodepernambuco.audiencelabs.com.br\/wp-json\/wp\/v2\/posts"}],"about":[{"href":"https:\/\/diariodepernambuco.audiencelabs.com.br\/wp-json\/wp\/v2\/types\/post"}],"author":[{"embeddable":true,"href":"https:\/\/diariodepernambuco.audiencelabs.com.br\/wp-json\/wp\/v2\/users\/4"}],"replies":[{"embeddable":true,"href":"https:\/\/diariodepernambuco.audiencelabs.com.br\/wp-json\/wp\/v2\/comments?post=11074"}],"version-history":[{"count":3,"href":"https:\/\/diariodepernambuco.audiencelabs.com.br\/wp-json\/wp\/v2\/posts\/11074\/revisions"}],"predecessor-version":[{"id":11279,"href":"https:\/\/diariodepernambuco.audiencelabs.com.br\/wp-json\/wp\/v2\/posts\/11074\/revisions\/11279"}],"wp:featuredmedia":[{"embeddable":true,"href":"https:\/\/diariodepernambuco.audiencelabs.com.br\/wp-json\/wp\/v2\/media\/8380"}],"wp:attachment":[{"href":"https:\/\/diariodepernambuco.audiencelabs.com.br\/wp-json\/wp\/v2\/media?parent=11074"}],"wp:term":[{"taxonomy":"category","embeddable":true,"href":"https:\/\/diariodepernambuco.audiencelabs.com.br\/wp-json\/wp\/v2\/categories?post=11074"},{"taxonomy":"post_tag","embeddable":true,"href":"https:\/\/diariodepernambuco.audiencelabs.com.br\/wp-json\/wp\/v2\/tags?post=11074"}],"curies":[{"name":"wp","href":"https:\/\/api.w.org\/{rel}","templated":true}]}}