{"id":11129,"date":"2025-12-13T10:30:00","date_gmt":"2025-12-13T13:30:00","guid":{"rendered":"https:\/\/diariodepernambuco.audiencelabs.com.br\/?p=11129"},"modified":"2025-12-08T19:08:37","modified_gmt":"2025-12-08T22:08:37","slug":"atacante-amado-por-rogerio-ceni-esta-muito-proximo-de-dar-adeus","status":"publish","type":"post","link":"https:\/\/diariodepernambuco.audiencelabs.com.br\/atacante-amado-por-rogerio-ceni-esta-muito-proximo-de-dar-adeus\/","title":{"rendered":"Atacante amado por Rog\u00e9rio Ceni est\u00e1 muito pr\u00f3ximo de dar adeus"},"content":{"rendered":"\n<p>Derrotado pelo Fluminense por 2 a 0 na 38\u00aa e \u00faltima rodada do Campeonato Brasileiro, o Bahia teve de se contentar com uma vaga para a fase preliminar da pr\u00f3xima Copa Libertadores da Am\u00e9rica. J\u00e1 pensando em seu planejamento para o pr\u00f3ximo ano, o Tricolor de A\u00e7o ter\u00e1 de se proteger do forte ass\u00e9dio em cima de um dos queridinhos de Rog\u00e9rio Ceni.<\/p>\n\n\n\n<p>Segundo informa\u00e7\u00f5es do portal ge.globo, o Orlando City, dos Estados Unidos, j\u00e1 realizou uma proposta oficial pelo atacante Tiago, de 20 anos. Ovs valores, por\u00e9m, foram considerados inferiores ao desejado pelo Bahia. Diante disso, os norte-americanos avaliam apresentar uma nova proposta para tentar contar com a joia formada na base tricolor.<\/p>\n\n\n<div class=\"wp-block-image\">\n<figure class=\"aligncenter size-full is-resized\"><img loading=\"lazy\" decoding=\"async\" width=\"984\" height=\"656\" src=\"https:\/\/diariodepernambuco.audiencelabs.com.br\/wp-content\/uploads\/2025\/12\/Tiago-Bahia.avif\" alt=\"\" class=\"wp-image-11134\" style=\"aspect-ratio:1.5000126951885235;width:626px;height:auto\" srcset=\"https:\/\/diariodepernambuco.audiencelabs.com.br\/wp-content\/uploads\/2025\/12\/Tiago-Bahia.avif 984w, https:\/\/diariodepernambuco.audiencelabs.com.br\/wp-content\/uploads\/2025\/12\/Tiago-Bahia-300x200.avif 300w, https:\/\/diariodepernambuco.audiencelabs.com.br\/wp-content\/uploads\/2025\/12\/Tiago-Bahia-768x512.avif 768w, https:\/\/diariodepernambuco.audiencelabs.com.br\/wp-content\/uploads\/2025\/12\/Tiago-Bahia-750x500.avif 750w\" sizes=\"auto, (max-width: 984px) 100vw, 984px\" \/><figcaption class=\"wp-element-caption\">Tiago em Bahia x Confian\u00e7a \u2014 Foto: Rafael Rodrigues \/ EC Bahia<\/figcaption><\/figure>\n<\/div>\n\n\n<p>O atacante passou a receber mais chances no Campeonato Baiano e na Copa do Nordeste, torneio no qual terminou como artilheiro, incluindo um hat-trick na final. No segundo semestre, Tiago conquistou ainda mais espa\u00e7o com Rog\u00e9rio Ceni devido \u00e0 sequ\u00eancia de les\u00f5es no elenco do Bahia e \u00e0 venda de Lucho Rodr\u00edguez.<\/p>\n\n\n\n<p>No ano, Tiago teve 11 gols marcados e tr\u00eas assist\u00eancias em 43 jogos. Curiosamente, o atacante falhou feio na derrota para o Fluminense ao tentar recuar uma bola para o goleiro Ronaldo que acabou interceptada por Paulo Henrique Ganso, que anotou o primeiro gol da vit\u00f3ria carioca por 2 a 0. Thiago Silva aumentou o placar logo depois.<\/p>\n\n\n\n<h2 class=\"wp-block-heading\">Os clubes brasileiros garantidos na Libertadores 2026<\/h2>\n\n\n\n<ul class=\"wp-block-list\">\n<li>Flamengo (Fase de grupos) &#8211; Atual campe\u00e3o da Libertadores<\/li>\n\n\n\n<li>Palmeiras (Fase de grupos) &#8211; Vice-campe\u00e3o brasileiro<\/li>\n\n\n\n<li>Cruzeiro (Fase de grupos) &#8211; Terceiro colocado no Brasileir\u00e3o<\/li>\n\n\n\n<li>Mirassol (Fase de grupos) &#8211; Quarto colocado no Brasileir\u00e3o<\/li>\n\n\n\n<li>Fluminense (Fase de grupos) &#8211; Quinto colocado no Brasileir\u00e3o<\/li>\n\n\n\n<li>Botafogo (Fase preliminar) &#8211; Sexto colocado no Brasileir\u00e3o<\/li>\n\n\n\n<li>Bahia (Fase preliminar) &#8211; S\u00e9timo colocado no Brasileir\u00e3o<\/li>\n<\/ul>\n\n\n\n<p><\/p>\n","protected":false},"excerpt":{"rendered":"<p>Derrotado pelo Fluminense por 2 a 0 na 38\u00aa e \u00faltima rodada do Campeonato Brasileiro, o Bahia teve de se contentar com uma vaga para a fase preliminar da pr\u00f3xima Copa Libertadores da Am\u00e9rica. J\u00e1 pensando em seu planejamento para o pr\u00f3ximo ano, o Tricolor de A\u00e7o ter\u00e1 de se proteger do forte ass\u00e9dio em [&hellip;]<\/p>\n","protected":false},"author":4,"featured_media":11130,"comment_status":"open","ping_status":"open","sticky":false,"template":"","format":"standard","meta":{"jnews-multi-image_gallery":[],"jnews_single_post":{"format":"standard"},"jnews_primary_category":[],"jnews_social_meta":[],"jnews_post_split":[],"footnotes":""},"categories":[1],"tags":[],"class_list":["post-11129","post","type-post","status-publish","format-standard","has-post-thumbnail","hentry","category-uncategorized"],"_links":{"self":[{"href":"https:\/\/diariodepernambuco.audiencelabs.com.br\/wp-json\/wp\/v2\/posts\/11129","targetHints":{"allow":["GET"]}}],"collection":[{"href":"https:\/\/diariodepernambuco.audiencelabs.com.br\/wp-json\/wp\/v2\/posts"}],"about":[{"href":"https:\/\/diariodepernambuco.audiencelabs.com.br\/wp-json\/wp\/v2\/types\/post"}],"author":[{"embeddable":true,"href":"https:\/\/diariodepernambuco.audiencelabs.com.br\/wp-json\/wp\/v2\/users\/4"}],"replies":[{"embeddable":true,"href":"https:\/\/diariodepernambuco.audiencelabs.com.br\/wp-json\/wp\/v2\/comments?post=11129"}],"version-history":[{"count":3,"href":"https:\/\/diariodepernambuco.audiencelabs.com.br\/wp-json\/wp\/v2\/posts\/11129\/revisions"}],"predecessor-version":[{"id":11135,"href":"https:\/\/diariodepernambuco.audiencelabs.com.br\/wp-json\/wp\/v2\/posts\/11129\/revisions\/11135"}],"wp:featuredmedia":[{"embeddable":true,"href":"https:\/\/diariodepernambuco.audiencelabs.com.br\/wp-json\/wp\/v2\/media\/11130"}],"wp:attachment":[{"href":"https:\/\/diariodepernambuco.audiencelabs.com.br\/wp-json\/wp\/v2\/media?parent=11129"}],"wp:term":[{"taxonomy":"category","embeddable":true,"href":"https:\/\/diariodepernambuco.audiencelabs.com.br\/wp-json\/wp\/v2\/categories?post=11129"},{"taxonomy":"post_tag","embeddable":true,"href":"https:\/\/diariodepernambuco.audiencelabs.com.br\/wp-json\/wp\/v2\/tags?post=11129"}],"curies":[{"name":"wp","href":"https:\/\/api.w.org\/{rel}","templated":true}]}}