{"id":11272,"date":"2025-12-13T16:30:00","date_gmt":"2025-12-13T19:30:00","guid":{"rendered":"https:\/\/diariodepernambuco.audiencelabs.com.br\/?p=11272"},"modified":"2025-12-09T17:49:36","modified_gmt":"2025-12-09T20:49:36","slug":"camara-aprova-mudancas-importantes-para-mototaxi-na-maior-cidade-do-brasil","status":"publish","type":"post","link":"https:\/\/diariodepernambuco.audiencelabs.com.br\/camara-aprova-mudancas-importantes-para-mototaxi-na-maior-cidade-do-brasil\/","title":{"rendered":"C\u00e2mara aprova mudan\u00e7as importantes para motot\u00e1xi na maior cidade do Brasil"},"content":{"rendered":"\n<p>A C\u00e2mara Municipal de S\u00e3o Paulo aprovou, na noite de segunda-feira (8), em segundo turno, o projeto de lei que regulamenta o servi\u00e7o de motot\u00e1xi por aplicativos na capital. A proposta recebeu 32 votos favor\u00e1veis, 16 contr\u00e1rios e uma absten\u00e7\u00e3o, e agora segue para san\u00e7\u00e3o do prefeito Ricardo Nunes (MDB).<\/p>\n\n\n\n<p>Relatado pelo vereador Paulo Frange (MDB), o projeto estabelece requisitos m\u00ednimos para a atividade, tanto para empresas quanto para os condutores. Entre as principais regras est\u00e3o o registro do ve\u00edculo na categoria aluguel (placa vermelha) e a obrigatoriedade de curso de forma\u00e7\u00e3o para os motociclistas.<\/p>\n\n\n\n<p>Al\u00e9m do cadastro pr\u00e9vio dos condutores em uma plataforma da prefeitura, mediante pagamento de uma taxa pelos aplicativos, a administra\u00e7\u00e3o municipal ter\u00e1 at\u00e9 60 dias para analisar a documenta\u00e7\u00e3o. Apenas ap\u00f3s esse credenciamento na plataforma municipal os motoristas poder\u00e3o se registrar nos aplicativos.<\/p>\n\n\n\n<p>A proposta tamb\u00e9m pro\u00edbe o uso do servi\u00e7o por menores de 18 anos, impede bonifica\u00e7\u00f5es que incentivem excesso de velocidade, limita a circula\u00e7\u00e3o em dias de tempestades intensas e determina que passageiros e condutores utilizem colete refletivo.<\/p>\n\n\n\n<h2 class=\"wp-block-heading\">Circula\u00e7\u00e3o proibida<\/h2>\n\n\n\n<p>O projeto estabelece restri\u00e7\u00f5es \u00e0 circula\u00e7\u00e3o de motocicletas para o transporte individual nos seguintes locais:<\/p>\n\n\n\n<ul class=\"wp-block-list\">\n<li>Corredores e faixas exclusivas de \u00f4nibus;<\/li>\n\n\n\n<li>Durante eventos adversos declarados, como chuva intensa, vendaval, baixa visibilidade e enchentes;<\/li>\n\n\n\n<li>Vias de tr\u00e2nsito r\u00e1pido, como as marginais Pinheiros e Tiet\u00ea;<\/li>\n\n\n\n<li>Regi\u00e3o do Minianel Vi\u00e1rio de S\u00e3o Paulo, que engloba o chamado Centro expandido;<\/li>\n\n\n\n<li>ZMRC (Zona de M\u00e1xima Restri\u00e7\u00e3o de Circula\u00e7\u00e3o) de caminh\u00f5es.<\/li>\n<\/ul>\n\n\n\n<h2 class=\"wp-block-heading\">Exig\u00eancias para o condutor<\/h2>\n\n\n\n<p>O texto tamb\u00e9m estabelece que os condutores que desejarem atuar como mototaxistas devem realizar um cadastro pr\u00e9vio, conforme as normas do CTB (C\u00f3digo de Tr\u00e2nsito Brasileiro). Para se cadastrar, \u00e9 necess\u00e1rio atender aos seguintes requisitos:<\/p>\n\n\n\n<ul class=\"wp-block-list\">\n<li>Idade m\u00ednima de 21 anos;<\/li>\n\n\n\n<li>Carteira Nacional de Habilita\u00e7\u00e3o na categoria \u201cA&#8221; ou \u201cAB\u201d, com no m\u00ednimo 2 (dois) anos de emiss\u00e3o e anota\u00e7\u00e3o de Exerc\u00edcio de Atividade Remunerada (EAR);<\/li>\n\n\n\n<li>Aprova\u00e7\u00e3o em curso especializado para o transporte de passageiros em motocicletas;<\/li>\n\n\n\n<li>Inexist\u00eancia, nos 12 meses anteriores, da pr\u00e1tica de infra\u00e7\u00e3o de tr\u00e2nsito grav\u00edssima;<\/li>\n\n\n\n<li>Aus\u00eancia de condena\u00e7\u00e3o pelos crimes de homic\u00eddio, roubo, estupro e corrup\u00e7\u00e3o de menores, por crime praticado contra a mulher por raz\u00f5es do sexo feminino, por crimes contra a dignidade sexual;<\/li>\n\n\n\n<li>Compromisso a prestar transporte remunerado de passageiros \u00fanica e exclusivamente por meio de pessoa jur\u00eddica exploradora;<\/li>\n\n\n\n<li>Inscri\u00e7\u00e3o como contribuinte regular no INSS.<\/li>\n\n\n\n<li>Exame toxicol\u00f3gico com janela de detec\u00e7\u00e3o m\u00ednima de 90 dias, especifico para subst\u00e2ncias psicoativas que causem depend\u00eancia ou, comprovadamente, comprometam a capacidade de dire\u00e7\u00e3o;<\/li>\n\n\n\n<li>Usar colete refletivo.<\/li>\n<\/ul>\n\n\n\n<h2 class=\"wp-block-heading\">Exig\u00eancias para a motocicleta<\/h2>\n\n\n\n<ul class=\"wp-block-list\">\n<li>Certificado de seguran\u00e7a veicular obrigat\u00f3rio;<\/li>\n\n\n\n<li>Motor entre 150 e 400 cilindradas;<\/li>\n\n\n\n<li>Registro na categoria \u201caluguel\u201d (placa vermelha);<\/li>\n\n\n\n<li>Equipamentos obrigat\u00f3rios: al\u00e7as, aparador de linha, protetor de pernas e motor;<\/li>\n\n\n\n<li>Atendimento aos padr\u00f5es de emiss\u00e3o sonora e de conserva\u00e7\u00e3o.<\/li>\n<\/ul>\n\n\n\n<p><\/p>\n","protected":false},"excerpt":{"rendered":"<p>A C\u00e2mara Municipal de S\u00e3o Paulo aprovou, na noite de segunda-feira (8), em segundo turno, o projeto de lei que regulamenta o servi\u00e7o de motot\u00e1xi por aplicativos na capital. A proposta recebeu 32 votos favor\u00e1veis, 16 contr\u00e1rios e uma absten\u00e7\u00e3o, e agora segue para san\u00e7\u00e3o do prefeito Ricardo Nunes (MDB). Relatado pelo vereador Paulo Frange [&hellip;]<\/p>\n","protected":false},"author":4,"featured_media":11274,"comment_status":"open","ping_status":"open","sticky":false,"template":"","format":"standard","meta":{"jnews-multi-image_gallery":[],"jnews_single_post":{"format":"standard"},"jnews_primary_category":[],"jnews_social_meta":[],"jnews_post_split":[],"footnotes":""},"categories":[1],"tags":[],"class_list":["post-11272","post","type-post","status-publish","format-standard","has-post-thumbnail","hentry","category-uncategorized"],"_links":{"self":[{"href":"https:\/\/diariodepernambuco.audiencelabs.com.br\/wp-json\/wp\/v2\/posts\/11272","targetHints":{"allow":["GET"]}}],"collection":[{"href":"https:\/\/diariodepernambuco.audiencelabs.com.br\/wp-json\/wp\/v2\/posts"}],"about":[{"href":"https:\/\/diariodepernambuco.audiencelabs.com.br\/wp-json\/wp\/v2\/types\/post"}],"author":[{"embeddable":true,"href":"https:\/\/diariodepernambuco.audiencelabs.com.br\/wp-json\/wp\/v2\/users\/4"}],"replies":[{"embeddable":true,"href":"https:\/\/diariodepernambuco.audiencelabs.com.br\/wp-json\/wp\/v2\/comments?post=11272"}],"version-history":[{"count":2,"href":"https:\/\/diariodepernambuco.audiencelabs.com.br\/wp-json\/wp\/v2\/posts\/11272\/revisions"}],"predecessor-version":[{"id":11275,"href":"https:\/\/diariodepernambuco.audiencelabs.com.br\/wp-json\/wp\/v2\/posts\/11272\/revisions\/11275"}],"wp:featuredmedia":[{"embeddable":true,"href":"https:\/\/diariodepernambuco.audiencelabs.com.br\/wp-json\/wp\/v2\/media\/11274"}],"wp:attachment":[{"href":"https:\/\/diariodepernambuco.audiencelabs.com.br\/wp-json\/wp\/v2\/media?parent=11272"}],"wp:term":[{"taxonomy":"category","embeddable":true,"href":"https:\/\/diariodepernambuco.audiencelabs.com.br\/wp-json\/wp\/v2\/categories?post=11272"},{"taxonomy":"post_tag","embeddable":true,"href":"https:\/\/diariodepernambuco.audiencelabs.com.br\/wp-json\/wp\/v2\/tags?post=11272"}],"curies":[{"name":"wp","href":"https:\/\/api.w.org\/{rel}","templated":true}]}}