{"id":11444,"date":"2025-12-11T17:30:00","date_gmt":"2025-12-11T20:30:00","guid":{"rendered":"https:\/\/diariodepernambuco.audiencelabs.com.br\/?p=11444"},"modified":"2025-12-11T18:42:45","modified_gmt":"2025-12-11T21:42:45","slug":"donos-de-motos-perdem-o-direito-de-dirigir-no-brasil-caso-nao-cumpram-essas-regras","status":"publish","type":"post","link":"https:\/\/diariodepernambuco.audiencelabs.com.br\/donos-de-motos-perdem-o-direito-de-dirigir-no-brasil-caso-nao-cumpram-essas-regras\/","title":{"rendered":"Donos de motos perdem o direito de dirigir no Brasil caso n\u00e3o cumpram essas regras"},"content":{"rendered":"\n<p>As leis de tr\u00e2nsito garantem mais seguran\u00e7a aos motoristas e motociclistas, mas quem as descumpre pode enfrentar multas e at\u00e9 suspens\u00e3o da CNH. Para quem anda de moto, \u00e9 essencial aten\u00e7\u00e3o \u00e0s regras espec\u00edficas da categoria, que incluem infra\u00e7\u00f5es grav\u00edssimas e pesam no bolso.<\/p>\n\n\n\n<p>Entre as normas que mais afetam os motociclistas est\u00e3o aquelas relacionadas ao uso obrigat\u00f3rio de equipamentos de seguran\u00e7a, como capacete dentro dos padr\u00f5es exigidos, viseira abaixada ou \u00f3culos de prote\u00e7\u00e3o. A infra\u00e7\u00e3o gera multa de R$ 293, adiciona 7 pontos \u00e0 CNH e, caso o condutor seja flagrado, pode resultar na suspens\u00e3o do direito de dirigir.<\/p>\n\n\n\n<p>Al\u00e9m disso, conduzir a moto com documenta\u00e7\u00e3o irregular, realizar manobras arriscadas ou transportar passageiros de forma inadequada tamb\u00e9m pode resultar em puni\u00e7\u00f5es severas. Outra regra que merece aten\u00e7\u00e3o \u00e9 a manuten\u00e7\u00e3o adequada do ve\u00edculo. Circular com a moto em mau estado de conserva\u00e7\u00e3o tamb\u00e9m configura infra\u00e7\u00e3o grave ou grav\u00edssima.<\/p>\n\n\n\n<p>Esses problemas colocam em risco n\u00e3o apenas o condutor, mas todos que compartilham a via, e podem levar \u00e0 apreens\u00e3o do ve\u00edculo e \u00e0 perda tempor\u00e1ria do direito de dirigir. Por fim, pr\u00e1ticas como trafegar entre carros em alta velocidade, avan\u00e7ar sinal vermelho ou conduzir sob efeito de \u00e1lcool s\u00e3o algumas das atitudes que mais geram suspens\u00e3o imediata da CNH entre motociclistas.<\/p>\n\n\n\n<h2 class=\"wp-block-heading\">Regras r\u00edgidas visam reduzir acidentes e salvar vidas<\/h2>\n\n\n<style>@media (min-width: 992px) {\n    .recomendadorV2Area1 {\n        width: 280px;\n    }\n    .recomendadorV2Area2 {\n        padding: 0px 20px;\n        width: calc(100% - 280px);\n    }\n}\n\n@media (max-width: 992px) {\n    .recomendadorV2Button {\n        margin: 0 auto;\n    }\n    .recomendadorV2Area {\n        flex-direction: column;\n        text-align: center;\n    }\n    .recomendadorV2Area2 {\n        padding: 0px 20px;\n    }\n}\n\n.recomendadorV2Area {\n    background: #eeeeee3d;\n    border-radius: 10px;\n    padding: 15px;\n    display: flex;\n    margin: 15px auto;\n    border: 1px solid #00000014;\n    max-width: 800px;\n}\n\n.recomendadorV2Area1 img {\n    width: 280px;\n    height: auto;\n    border-radius: 8px;\n}\n\n.linkrecomendadorv2 {\n    text-decoration: none !important;\n}\n\n.recomendadorV2Area2 .recomendadorV2Type {\n    text-transform: uppercase;\n    font-weight: 500;\n    font-size: 11px;\n    letter-spacing: 2px;\n    color: #666;\n    margin: 12px 0;\n    display: block;\n}\n\n.recomendadorV2Title h2 {\n    padding-top: 0px !important;\n    margin: 0px !important;\n    border-left: none !important;\n    padding-left: 0px !important;\n    line-height: 1.3;\n    color: #000 !important;\n    font-size: 24px;\n    margin-bottom: 12px !important;\n}\n\n.recomendadorV2Desc {\n    color: #333;\n    margin: 12px 0px !important;\n    font-size: 15px;\n    line-height: 1.5;\n}\n\n.recomendadorV2Button {\n    width: auto;\n    max-width: 200px;\n    margin: 0;\n    display: inline-flex;\n    align-items: center;\n    background: #1D3557;\n    border-radius: 8px;\n    color: #fff;\n    height: 36px;\n    justify-content: center;\n    text-align: center;\n    font-size: 14px;\n    padding: 0 20px;\n    transition: background-color 0.2s ease;\n}\n\n.recomendadorV2Button:hover {\n    background: #2a4d7a;\n}\n\n.recomendadorV2Button:after {\n    margin-top: -2px;\n    content: \"\u2192\";\n    padding: 0px 0px 0px 8px;\n}\n\n.recomendadorV2Alert {\n    text-align: left;\n    font-size: 11px;\n    margin-top: 8px;\n    color: #666;\n}\n\n.recomendadorFixedArea {\n    width: 100%;\n    display: flex;\n    justify-content: center;\n    align-items: center;\n}\n\n@media (min-width: 992px) {\n    #recomendadorFixed {\n        width: 32% !important;\n        left: 5%;\n    }\n    .recomendadorCloseFixed{\n        right: inherit !important;\n        left: 378px !important;\n    }\n}\n\n#recomendadorFixed {\n    width: 90%;\n    box-shadow: 0 10px 20px 0px #00000057;\n    display: none;\n    height: 90px;\n    background: #F6F6F6;\n    position: fixed;\n    flex-direction: row;\n    bottom: 10px;\n    z-index: 9999;\n    border-radius: 16px;\n    padding: 7px 10px;\n}\n\n.recomendadorLeftArea {\n    width: 160px;\n}\n\n.recomendadorRightArea h2 {\n    padding-top: 0px;\n    margin: 2px 0px 4px 0px !important;\n    font-weight: 400;\n    text-align: center;\n    padding-left: 0px !important;\n    color: #000 !important;\n    border-left: none !important;\n    line-height: 20px;\n    font-size: 12px !important;\n}\n\n.recomendadorImgFixed {\n    overflow: hidden;\n    padding: 8px 6px;\n    height: 100%;\n}\n\n.recomendadorImgFixed img {\n    height: 100% !important;\n    border-radius: 16px;\n}\n\n.recomendadorRightArea {\n    padding-top: 6px;\n    display: flex;\n    width: calc(100% - 130px);\n    justify-content: space-between;\n    align-items: center;\n    flex-direction: column;\n}\n\n.recomendadorButtonFixed {\n    margin: 0 auto;\n    background: #1D3557;\n    width: 80%;\n    text-align: center;\n    font-size: 10px;\n    color: #FFF;\n    padding: 2px 10px;\n    border-radius: 3px;\n}\n\n.recomendadorButtonFixed:after {\n    margin-top: -3px;\n    content: \"\u2192\";\n    padding: 0px 0px 0px 10px;\n}\n\n.recomendadorAlertFixed {\n    font-weight: 400;\n    text-align: center;\n    color: #484848;\n    font-size: 8px;\n}\n\n.recomendadorCloseFixed {\n    z-index: 99999;\n    display: none;\n    right: 0px;\n    left: inherit;\n    bottom: 99px;\n    position: fixed;\n    justify-content: center;\n    background: #F6F6F6;\n    width: 25px;\n    align-items: center;\n    height: 25px;\n    font-weight: 800;\n    border-radius: 50%;\n    border: 1px solid #EBEBEB;\n}\n\n.recomendadorV2Desc{\n    color: #000000;\n    margin: 20px 0px;\n}\n\n@media (max-width: 576px) {\n    .recomendadorV2Area {\n      padding: 10px;\n      max-width: 100%;\n    }\n  \n    .recomendadorV2Area1 img {\n      width: 100%;\n      border-radius: 6px;\n    }\n  \n    .recomendadorV2Area2 .recomendadorV2Type {\n      font-size: 9px;\n      letter-spacing: 1px;\n      margin: 8px 0;\n    }\n  \n    .recomendadorV2Title h2 {\n      font-size: 18px !important;\n      margin-bottom: 8px !important;\n      line-height: 1.2;\n    }\n  \n    .recomendadorV2Desc {\n      font-size: 14px;\n      margin: 8px 0 !important;\n      line-height: 1.4;\n    }\n  \n    .recomendadorV2Button {\n      font-size: 12px;\n      height: 30px;\n      padding: 0 12px;\n      max-width: 160px;\n    }\n  \n    .recomendadorV2Button:after {\n      padding-left: 6px;\n    }\n  }\n  <\/style>\n        <div class=\"lazyblock-recomendador-v2-2jDGz wp-block-lazyblock-recomendador-v2\">\n        <a class=\"linkrecomendadorv2\" href=\"https:\/\/diariodepernambuco.com.br\/dpmais\/luis-castro-voltou-atras-na-decisao-sobre-fechar-com-o-gremio\/?utm_source=lazy\" target=\"_blank\" rel=\"noopener\">\n            <div class=\"recomendadorV2Area\">\n            <div class=\"recomendadorV2Area1\">\n                <div class=\"recomendadorV2Img\">\n                <img class=\"lazyloaded\" decoding=\"async\" src=\"https:\/\/diariodepernambuco.com.br\/dpmais\/wp-content\/uploads\/2025\/12\/Luis-Castro-e1765478491359-750x375.jpg\" data-src=\"https:\/\/diariodepernambuco.com.br\/dpmais\/wp-content\/uploads\/2025\/12\/Luis-Castro-e1765478491359-750x375.jpg\" alt=\"\">\n                <\/div>\n            <\/div>\n            <div class=\"recomendadorV2Area2\">\n                <div class=\"recomendadorV2Type\">\n                    <span>Futebol BR<\/span>\n                <\/div>\n                <div class=\"recomendadorV2Title\">\n                <h2><span>Reviravolta no Gr\u00eamio \u26bd<\/span><\/h2>\n                <\/div>\n                <div class=\"recomendadorV2Desc\">\n                <span>Lu\u00eds Castro volta atr\u00e1s em decis\u00e3o<\/span>\n                <\/div>\n                <div class=\"recomendadorV2Button\">Ver o que mudou<\/div>\n                <div class=\"recomendadorV2Alert\"><\/div>\n            <\/div>\n            <\/div>\n        <\/a>\n        <div>\n            <div style=\"z-index:99999;\" id=\"buttonClose\" onclick=\"closeRecomendadorFixed()\">\n            <div class=\"recomendadorCloseFixed\">X<\/div>\n            <\/div>\n            <a href=\"https:\/\/diariodepernambuco.com.br\/dpmais\/luis-castro-voltou-atras-na-decisao-sobre-fechar-com-o-gremio\/?utm_source=lazy\" target=\"_blank\" rel=\"noopener\">\n            <div class=\"recomendadorFixedArea\">\n                <div id=\"recomendadorFixed\">\n                <div class=\"recomendadorLeftArea\">\n                    <div class=\"recomendadorImgFixed\">\n                    <img class=\"lazyload\" decoding=\"async\" src=\"https:\/\/diariodepernambuco.com.br\/dpmais\/wp-content\/uploads\/2025\/12\/Luis-Castro-e1765478491359-750x375.jpg\" alt=\"\">\n                    <\/div>\n                <\/div>\n                <div class=\"recomendadorRightArea\">\n                    <div class=\"recomendadorTitleFixed\">\n                    <h2><span>Reviravolta no Gr\u00eamio \u26bd<\/span><\/h2>\n                    <\/div>\n                    <div class=\"recomendadorButtonFixed\">Ver o que mudou<\/div>\n                    <div class=\"recomendadorAlertFixed\"><\/div>\n                <\/div>\n                <\/div>\n            <\/div>\n            <\/a>\n        <\/div>\n        <\/div>\n\n\n\n<p>As medidas impostas pelo C\u00f3digo de Tr\u00e2nsito Brasileiro n\u00e3o t\u00eam o objetivo de punir gratuitamente, mas sim de reduzir os riscos nas vias e diminuir o n\u00famero de acidentes envolvendo motociclistas \u2014 uma das categorias mais vulner\u00e1veis no tr\u00e2nsito. A combina\u00e7\u00e3o de velocidade, exposi\u00e7\u00e3o e menor estabilidade exige ainda mais responsabilidade por parte de quem conduz uma moto.<\/p>\n\n\n\n<p>Por isso, o cumprimento das normas deve ser visto n\u00e3o apenas como obriga\u00e7\u00e3o, mas como uma atitude de prote\u00e7\u00e3o. Estar com a documenta\u00e7\u00e3o em dia, manter o ve\u00edculo em perfeito estado e respeitar os limites estabelecidos s\u00e3o pr\u00e1ticas que garantem seguran\u00e7a ao piloto e aos demais usu\u00e1rios das vias.<\/p>\n\n\n\n<p><\/p>\n","protected":false},"excerpt":{"rendered":"<p>As leis de tr\u00e2nsito garantem mais seguran\u00e7a aos motoristas e motociclistas, mas quem as descumpre pode enfrentar multas e at\u00e9 suspens\u00e3o da CNH. Para quem anda de moto, \u00e9 essencial aten\u00e7\u00e3o \u00e0s regras espec\u00edficas da categoria, que incluem infra\u00e7\u00f5es grav\u00edssimas e pesam no bolso. Entre as normas que mais afetam os motociclistas est\u00e3o aquelas relacionadas [&hellip;]<\/p>\n","protected":false},"author":4,"featured_media":11446,"comment_status":"open","ping_status":"open","sticky":false,"template":"","format":"standard","meta":{"jnews-multi-image_gallery":[],"jnews_single_post":{"format":"standard"},"jnews_primary_category":[],"jnews_social_meta":[],"jnews_post_split":[],"footnotes":""},"categories":[1],"tags":[],"class_list":["post-11444","post","type-post","status-publish","format-standard","has-post-thumbnail","hentry","category-uncategorized"],"_links":{"self":[{"href":"https:\/\/diariodepernambuco.audiencelabs.com.br\/wp-json\/wp\/v2\/posts\/11444","targetHints":{"allow":["GET"]}}],"collection":[{"href":"https:\/\/diariodepernambuco.audiencelabs.com.br\/wp-json\/wp\/v2\/posts"}],"about":[{"href":"https:\/\/diariodepernambuco.audiencelabs.com.br\/wp-json\/wp\/v2\/types\/post"}],"author":[{"embeddable":true,"href":"https:\/\/diariodepernambuco.audiencelabs.com.br\/wp-json\/wp\/v2\/users\/4"}],"replies":[{"embeddable":true,"href":"https:\/\/diariodepernambuco.audiencelabs.com.br\/wp-json\/wp\/v2\/comments?post=11444"}],"version-history":[{"count":4,"href":"https:\/\/diariodepernambuco.audiencelabs.com.br\/wp-json\/wp\/v2\/posts\/11444\/revisions"}],"predecessor-version":[{"id":11528,"href":"https:\/\/diariodepernambuco.audiencelabs.com.br\/wp-json\/wp\/v2\/posts\/11444\/revisions\/11528"}],"wp:featuredmedia":[{"embeddable":true,"href":"https:\/\/diariodepernambuco.audiencelabs.com.br\/wp-json\/wp\/v2\/media\/11446"}],"wp:attachment":[{"href":"https:\/\/diariodepernambuco.audiencelabs.com.br\/wp-json\/wp\/v2\/media?parent=11444"}],"wp:term":[{"taxonomy":"category","embeddable":true,"href":"https:\/\/diariodepernambuco.audiencelabs.com.br\/wp-json\/wp\/v2\/categories?post=11444"},{"taxonomy":"post_tag","embeddable":true,"href":"https:\/\/diariodepernambuco.audiencelabs.com.br\/wp-json\/wp\/v2\/tags?post=11444"}],"curies":[{"name":"wp","href":"https:\/\/api.w.org\/{rel}","templated":true}]}}