{"id":11493,"date":"2025-12-11T16:00:00","date_gmt":"2025-12-11T19:00:00","guid":{"rendered":"https:\/\/diariodepernambuco.audiencelabs.com.br\/?p=11493"},"modified":"2025-12-11T18:41:49","modified_gmt":"2025-12-11T21:41:49","slug":"luis-castro-voltou-atras-na-decisao-sobre-fechar-com-o-gremio","status":"publish","type":"post","link":"https:\/\/diariodepernambuco.audiencelabs.com.br\/luis-castro-voltou-atras-na-decisao-sobre-fechar-com-o-gremio\/","title":{"rendered":"Luis Castro voltou atr\u00e1s na decis\u00e3o sobre fechar com o Gr\u00eamio"},"content":{"rendered":"\n<p>Ap\u00f3s a sa\u00edda do t\u00e9cnico Mano Menezes logo ap\u00f3s o t\u00e9rmino do Campeonato Brasileiro, o Gr\u00eamio est\u00e1 pr\u00f3ximo de fechar com seu novo treinador: o portugu\u00eas Lu\u00eds Castro. As partes j\u00e1 est\u00e3o trocando documentos e a oficializa\u00e7\u00e3o do acordo deve ocorrer em breve.<\/p>\n\n\n\n<p>Castro j\u00e1 aceitou o convite do Gr\u00eamio, e neste momento a negocia\u00e7\u00e3o segue apenas por quest\u00f5es burocr\u00e1ticas, estando pr\u00f3xima da confirma\u00e7\u00e3o. De acordo com o portal ge.globo, o contrato ter\u00e1 dura\u00e7\u00e3o de dois anos, com possibilidade de renova\u00e7\u00e3o por mais um ano. A comiss\u00e3o t\u00e9cnica do treinador ter\u00e1 seis integrantes e o custo total ser\u00e1 de aproximadamente R$ 2 milh\u00f5es.<\/p>\n\n\n\n<h2 class=\"wp-block-heading\">Luis Castro no Gr\u00eamio? <\/h2>\n\n\n\n<p>O principal detalhe que ainda precisa ser definido \u00e9 a inclus\u00e3o, no contrato, de aspectos relacionados ao projeto esportivo do Imortal com seu novo treinador. Fontes afirmam que Lu\u00eds Castro \u00e9 \u201cextremamente detalhista\u201d e quer que o documento especifique com clareza seu poder de atua\u00e7\u00e3o na base, na transi\u00e7\u00e3o e no elenco profissional.<\/p>\n\n\n\n<p>Com passagem marcante pelo Botafogo entre 2022 e 2023, Lu\u00eds Castro est\u00e1 livre no mercado desde sua demiss\u00e3o do Al-Wasl, dos Emirados \u00c1rabes Unidos, em novembro deste ano. Em mais de uma oportunidade, o t\u00e9cnico foi apontado como desejo de clubes brasileiros desde sua sa\u00edda do Botafogo, mas sempre negou um retorno ao pa\u00eds.<\/p>\n\n\n\n<p>Agora, com o Gr\u00eamio apresentando um projeto robusto, o cen\u00e1rio mudou. A expectativa \u00e9 de que, ap\u00f3s a resolu\u00e7\u00e3o das pend\u00eancias finais, o contrato seja assinado digitalmente, e o treinador viaje em seguida ao Brasil para sua apresenta\u00e7\u00e3o oficial.<\/p>\n","protected":false},"excerpt":{"rendered":"<p>Ap\u00f3s a sa\u00edda do t\u00e9cnico Mano Menezes logo ap\u00f3s o t\u00e9rmino do Campeonato Brasileiro, o Gr\u00eamio est\u00e1 pr\u00f3ximo de fechar com seu novo treinador: o portugu\u00eas Lu\u00eds Castro. As partes j\u00e1 est\u00e3o trocando documentos e a oficializa\u00e7\u00e3o do acordo deve ocorrer em breve. Castro j\u00e1 aceitou o convite do Gr\u00eamio, e neste momento a negocia\u00e7\u00e3o [&hellip;]<\/p>\n","protected":false},"author":4,"featured_media":11495,"comment_status":"open","ping_status":"open","sticky":false,"template":"","format":"standard","meta":{"jnews-multi-image_gallery":[],"jnews_single_post":{"format":"standard"},"jnews_primary_category":[],"jnews_social_meta":[],"jnews_post_split":[],"footnotes":""},"categories":[1],"tags":[],"class_list":["post-11493","post","type-post","status-publish","format-standard","has-post-thumbnail","hentry","category-uncategorized"],"_links":{"self":[{"href":"https:\/\/diariodepernambuco.audiencelabs.com.br\/wp-json\/wp\/v2\/posts\/11493","targetHints":{"allow":["GET"]}}],"collection":[{"href":"https:\/\/diariodepernambuco.audiencelabs.com.br\/wp-json\/wp\/v2\/posts"}],"about":[{"href":"https:\/\/diariodepernambuco.audiencelabs.com.br\/wp-json\/wp\/v2\/types\/post"}],"author":[{"embeddable":true,"href":"https:\/\/diariodepernambuco.audiencelabs.com.br\/wp-json\/wp\/v2\/users\/4"}],"replies":[{"embeddable":true,"href":"https:\/\/diariodepernambuco.audiencelabs.com.br\/wp-json\/wp\/v2\/comments?post=11493"}],"version-history":[{"count":3,"href":"https:\/\/diariodepernambuco.audiencelabs.com.br\/wp-json\/wp\/v2\/posts\/11493\/revisions"}],"predecessor-version":[{"id":11526,"href":"https:\/\/diariodepernambuco.audiencelabs.com.br\/wp-json\/wp\/v2\/posts\/11493\/revisions\/11526"}],"wp:featuredmedia":[{"embeddable":true,"href":"https:\/\/diariodepernambuco.audiencelabs.com.br\/wp-json\/wp\/v2\/media\/11495"}],"wp:attachment":[{"href":"https:\/\/diariodepernambuco.audiencelabs.com.br\/wp-json\/wp\/v2\/media?parent=11493"}],"wp:term":[{"taxonomy":"category","embeddable":true,"href":"https:\/\/diariodepernambuco.audiencelabs.com.br\/wp-json\/wp\/v2\/categories?post=11493"},{"taxonomy":"post_tag","embeddable":true,"href":"https:\/\/diariodepernambuco.audiencelabs.com.br\/wp-json\/wp\/v2\/tags?post=11493"}],"curies":[{"name":"wp","href":"https:\/\/api.w.org\/{rel}","templated":true}]}}