{"id":11509,"date":"2025-12-13T05:30:00","date_gmt":"2025-12-13T08:30:00","guid":{"rendered":"https:\/\/diariodepernambuco.audiencelabs.com.br\/?p=11509"},"modified":"2025-12-11T16:42:42","modified_gmt":"2025-12-11T19:42:42","slug":"brasileiros-recebem-mais-de-r-2-000-como-gratificacao-de-natal","status":"publish","type":"post","link":"https:\/\/diariodepernambuco.audiencelabs.com.br\/brasileiros-recebem-mais-de-r-2-000-como-gratificacao-de-natal\/","title":{"rendered":"Brasileiros recebem mais de R$ 2.000 como gratifica\u00e7\u00e3o de Natal"},"content":{"rendered":"\n<p>Com a aproxima\u00e7\u00e3o do fim de ano, muitos trabalhadores no Brasil come\u00e7am a se preparar para receber uma ajuda financeira extra. Esse valor adicional pode ser essencial para equilibrar o or\u00e7amento durante as festas de fim de ano ou quitar d\u00edvidas pendentes. Mas quem realmente tem direito a essa gratifica\u00e7\u00e3o? Qual \u00e9 o valor esperado e quando ele deve ser pago?<\/p>\n\n\n\n<p>O pagamento mais aguardado por muitos \u00e9 o 13\u00ba sal\u00e1rio, tamb\u00e9m chamado de gratifica\u00e7\u00e3o de Natal. Para 2026, a previs\u00e3o \u00e9 que o valor m\u00e9dio seja de R$ 2.033,93, embora ele possa variar de acordo com o tempo de servi\u00e7o e a remunera\u00e7\u00e3o de cada trabalhador.<\/p>\n\n\n\n<p>A gratifica\u00e7\u00e3o de Natal \u00e9 destinada aos trabalhadores que atenderam aos requisitos legais ao longo do ano. Quem possui carteira assinada ou \u00e9 aposentado\/pensionista geralmente tem direito a receber esse benef\u00edcio. Confira abaixo os principais crit\u00e9rios para a elegibilidade:<\/p>\n\n\n\n<ul class=\"wp-block-list\">\n<li>Trabalhador com carteira assinada ou servidor p\u00fablico;<\/li>\n\n\n\n<li>Aposentados e pensionistas tamb\u00e9m t\u00eam direito;<\/li>\n\n\n\n<li>Tempo de servi\u00e7o \u00e9 considerado: o valor \u00e9 proporcional ao tempo de contribui\u00e7\u00e3o, ou seja, se voc\u00ea trabalhou o ano inteiro, receber\u00e1 o valor integral, caso contr\u00e1rio, ser\u00e1 calculado de acordo com os meses trabalhados;<\/li>\n\n\n\n<li>C\u00e1lculo do valor: Cada m\u00eas de trabalho equivale a 1\/12 do sal\u00e1rio anual.<\/li>\n<\/ul>\n\n\n\n<p>Em 2026, a gratifica\u00e7\u00e3o de Natal deve alcan\u00e7ar R$ 2.033,93 para os trabalhadores que cumpriram todos os requisitos e estiveram ativos durante o ano inteiro. Esse montante representa o 13\u00ba sal\u00e1rio integral. Para aqueles que trabalharam apenas parte do ano, o valor ser\u00e1 calculado de forma proporcional ao per\u00edodo trabalhado.<\/p>\n\n\n\n<p><\/p>\n","protected":false},"excerpt":{"rendered":"<p>Com a aproxima\u00e7\u00e3o do fim de ano, muitos trabalhadores no Brasil come\u00e7am a se preparar para receber uma ajuda financeira extra. Esse valor adicional pode ser essencial para equilibrar o or\u00e7amento durante as festas de fim de ano ou quitar d\u00edvidas pendentes. Mas quem realmente tem direito a essa gratifica\u00e7\u00e3o? Qual \u00e9 o valor esperado [&hellip;]<\/p>\n","protected":false},"author":4,"featured_media":2120,"comment_status":"open","ping_status":"open","sticky":false,"template":"","format":"standard","meta":{"jnews-multi-image_gallery":[],"jnews_single_post":{"format":"standard"},"jnews_primary_category":[],"jnews_social_meta":[],"jnews_post_split":[],"footnotes":""},"categories":[1],"tags":[],"class_list":["post-11509","post","type-post","status-publish","format-standard","has-post-thumbnail","hentry","category-uncategorized"],"_links":{"self":[{"href":"https:\/\/diariodepernambuco.audiencelabs.com.br\/wp-json\/wp\/v2\/posts\/11509","targetHints":{"allow":["GET"]}}],"collection":[{"href":"https:\/\/diariodepernambuco.audiencelabs.com.br\/wp-json\/wp\/v2\/posts"}],"about":[{"href":"https:\/\/diariodepernambuco.audiencelabs.com.br\/wp-json\/wp\/v2\/types\/post"}],"author":[{"embeddable":true,"href":"https:\/\/diariodepernambuco.audiencelabs.com.br\/wp-json\/wp\/v2\/users\/4"}],"replies":[{"embeddable":true,"href":"https:\/\/diariodepernambuco.audiencelabs.com.br\/wp-json\/wp\/v2\/comments?post=11509"}],"version-history":[{"count":2,"href":"https:\/\/diariodepernambuco.audiencelabs.com.br\/wp-json\/wp\/v2\/posts\/11509\/revisions"}],"predecessor-version":[{"id":11511,"href":"https:\/\/diariodepernambuco.audiencelabs.com.br\/wp-json\/wp\/v2\/posts\/11509\/revisions\/11511"}],"wp:featuredmedia":[{"embeddable":true,"href":"https:\/\/diariodepernambuco.audiencelabs.com.br\/wp-json\/wp\/v2\/media\/2120"}],"wp:attachment":[{"href":"https:\/\/diariodepernambuco.audiencelabs.com.br\/wp-json\/wp\/v2\/media?parent=11509"}],"wp:term":[{"taxonomy":"category","embeddable":true,"href":"https:\/\/diariodepernambuco.audiencelabs.com.br\/wp-json\/wp\/v2\/categories?post=11509"},{"taxonomy":"post_tag","embeddable":true,"href":"https:\/\/diariodepernambuco.audiencelabs.com.br\/wp-json\/wp\/v2\/tags?post=11509"}],"curies":[{"name":"wp","href":"https:\/\/api.w.org\/{rel}","templated":true}]}}