{"id":11575,"date":"2025-12-12T11:30:00","date_gmt":"2025-12-12T14:30:00","guid":{"rendered":"https:\/\/diariodepernambuco.audiencelabs.com.br\/?p=11575"},"modified":"2026-01-20T18:18:55","modified_gmt":"2026-01-20T21:18:55","slug":"funcionaria-processou-havan-ganhou-o-processo-e-empresa-foi-condenada","status":"publish","type":"post","link":"https:\/\/diariodepernambuco.audiencelabs.com.br\/funcionaria-processou-havan-ganhou-o-processo-e-empresa-foi-condenada\/","title":{"rendered":"Funcion\u00e1ria processou Havan, ganhou o processo e empresa foi condenada"},"content":{"rendered":"\n<p>A Havan foi condenada a indenizar uma ex-funcion\u00e1ria por danos morais ap\u00f3s ela ser demitida poucos dias depois de prestar depoimento em um processo trabalhista contra a empresa. O Tribunal Regional do Trabalho (TRT) entendeu que a dispensa teve car\u00e1ter discriminat\u00f3rio. Em sua defesa, a Havan alegou que a demiss\u00e3o se deu devido a baixo desempenho e produtividade da funcion\u00e1ria.<\/p>\n\n\n\n<p>De acordo com a decis\u00e3o, divulgada no final de junho, a profissional trabalhava na unidade da Havan em Praia Grande, no litoral de S\u00e3o Paulo, e foi dispensada 20 dias ap\u00f3s prestar depoimento como testemunha em um processo trabalhista movido por um colega, em 26 de setembro de 2023.<\/p>\n\n\n\n<p>A Havan informou \u00e0 Justi\u00e7a que a demiss\u00e3o teria ocorrido devido a baixa produtividade e desempenho insatisfat\u00f3rio da funcion\u00e1ria, mas n\u00e3o apresentou qualquer documento, relat\u00f3rio ou avalia\u00e7\u00e3o que comprovasse essas alega\u00e7\u00f5es. At\u00e9 a publica\u00e7\u00e3o desta reportagem, a empresa n\u00e3o havia se pronunciado.<\/p>\n\n\n\n<p>A ju\u00edza substituta da 1\u00aa Vara do Trabalho de Praia Grande, Bruna Gabriela Martins Fonseca, determinou que a Havan indenize a ex-funcion\u00e1ria em R$ 10 mil por danos morais, reconhecendo que a empresa violou direitos fundamentais da trabalhadora, incluindo o acesso \u00e0 Justi\u00e7a e a participa\u00e7\u00e3o na colabora\u00e7\u00e3o com o Poder Judici\u00e1rio.<\/p>\n\n\n\n<h2 class=\"wp-block-heading\">Decis\u00e3o refor\u00e7a prote\u00e7\u00e3o a trabalhadores que colaboram com a Justi\u00e7a<\/h2>\n\n\n\n<p>O caso evidencia que a lei ampara funcion\u00e1rios que atuam como testemunhas em processos trabalhistas, garantindo que n\u00e3o sofram retalia\u00e7\u00f5es por exercerem seus direitos. A condena\u00e7\u00e3o da Havan refor\u00e7a que a demiss\u00e3o motivada por repres\u00e1lia \u00e9 considerada discriminat\u00f3ria e gera responsabilidade da empresa.<\/p>\n\n\n\n<p>Especialistas apontam que situa\u00e7\u00f5es como essa ressaltam a import\u00e2ncia de documenta\u00e7\u00e3o e provas por parte das empresas ao justificar demiss\u00f5es. A decis\u00e3o serve como alerta para empregadores, mostrando que alega\u00e7\u00f5es de baixo desempenho precisam ser comprovadas, sob pena de ensejar indeniza\u00e7\u00f5es por danos morais.<\/p>\n\n\n\n<p><\/p>\n","protected":false},"excerpt":{"rendered":"<p>A Havan foi condenada a indenizar uma ex-funcion\u00e1ria por danos morais ap\u00f3s ela ser demitida poucos dias depois de prestar depoimento em um processo trabalhista contra a empresa. O Tribunal Regional do Trabalho (TRT) entendeu que a dispensa teve car\u00e1ter discriminat\u00f3rio. Em sua defesa, a Havan alegou que a demiss\u00e3o se deu devido a baixo [&hellip;]<\/p>\n","protected":false},"author":4,"featured_media":14389,"comment_status":"open","ping_status":"open","sticky":false,"template":"","format":"standard","meta":{"jnews-multi-image_gallery":[],"jnews_single_post":{"format":"standard"},"jnews_primary_category":[],"jnews_social_meta":[],"jnews_post_split":[],"footnotes":""},"categories":[1],"tags":[],"class_list":["post-11575","post","type-post","status-publish","format-standard","has-post-thumbnail","hentry","category-uncategorized"],"_links":{"self":[{"href":"https:\/\/diariodepernambuco.audiencelabs.com.br\/wp-json\/wp\/v2\/posts\/11575","targetHints":{"allow":["GET"]}}],"collection":[{"href":"https:\/\/diariodepernambuco.audiencelabs.com.br\/wp-json\/wp\/v2\/posts"}],"about":[{"href":"https:\/\/diariodepernambuco.audiencelabs.com.br\/wp-json\/wp\/v2\/types\/post"}],"author":[{"embeddable":true,"href":"https:\/\/diariodepernambuco.audiencelabs.com.br\/wp-json\/wp\/v2\/users\/4"}],"replies":[{"embeddable":true,"href":"https:\/\/diariodepernambuco.audiencelabs.com.br\/wp-json\/wp\/v2\/comments?post=11575"}],"version-history":[{"count":3,"href":"https:\/\/diariodepernambuco.audiencelabs.com.br\/wp-json\/wp\/v2\/posts\/11575\/revisions"}],"predecessor-version":[{"id":11581,"href":"https:\/\/diariodepernambuco.audiencelabs.com.br\/wp-json\/wp\/v2\/posts\/11575\/revisions\/11581"}],"wp:featuredmedia":[{"embeddable":true,"href":"https:\/\/diariodepernambuco.audiencelabs.com.br\/wp-json\/wp\/v2\/media\/14389"}],"wp:attachment":[{"href":"https:\/\/diariodepernambuco.audiencelabs.com.br\/wp-json\/wp\/v2\/media?parent=11575"}],"wp:term":[{"taxonomy":"category","embeddable":true,"href":"https:\/\/diariodepernambuco.audiencelabs.com.br\/wp-json\/wp\/v2\/categories?post=11575"},{"taxonomy":"post_tag","embeddable":true,"href":"https:\/\/diariodepernambuco.audiencelabs.com.br\/wp-json\/wp\/v2\/tags?post=11575"}],"curies":[{"name":"wp","href":"https:\/\/api.w.org\/{rel}","templated":true}]}}