{"id":11612,"date":"2025-12-15T16:30:00","date_gmt":"2025-12-15T19:30:00","guid":{"rendered":"https:\/\/diariodepernambuco.audiencelabs.com.br\/?p=11612"},"modified":"2025-12-12T10:19:24","modified_gmt":"2025-12-12T13:19:24","slug":"pagamento-do-inss-sofre-mudancas-e-tem-novas-datas-em-2026","status":"publish","type":"post","link":"https:\/\/diariodepernambuco.audiencelabs.com.br\/pagamento-do-inss-sofre-mudancas-e-tem-novas-datas-em-2026\/","title":{"rendered":"Pagamento do INSS n\u00e3o sofrer\u00e1 com mudan\u00e7as para 2026"},"content":{"rendered":"\n<p>O calend\u00e1rio de pagamentos do INSS para 2026 deve manter o formato tradicional, distribuindo os saques ao longo dos \u00faltimos dias \u00fateis de cada m\u00eas. A proposta \u00e9 garantir organiza\u00e7\u00e3o e agilidade no processo, que atende milh\u00f5es de benefici\u00e1rios em todo o pa\u00eds.<\/p>\n\n\n\n<p>A principal divis\u00e3o do calend\u00e1rio continua sendo o valor do benef\u00edcio: quem recebe at\u00e9 um sal\u00e1rio m\u00ednimo segue um cronograma, enquanto os segurados com renda acima desse piso contam com datas diferentes. Em ambos os casos, o dia exato do dep\u00f3sito \u00e9 definido pelo N\u00famero de Identifica\u00e7\u00e3o do Benef\u00edcio (NIB).<\/p>\n\n\n\n<p>Especificamente, \u00e9 o \u00faltimo d\u00edgito do n\u00famero do benef\u00edcio \u2014 desconsiderando o d\u00edgito verificador \u2014 que determina o dia do pagamento. Esse sistema de divis\u00e3o permite que os dep\u00f3sitos ocorram de maneira escalonada, evitando congestionamentos nas ag\u00eancias banc\u00e1rias e nos canais digitais de atendimento.<\/p>\n\n\n\n<p>Consultar as datas de pagamento do INSS \u00e9 um processo simples e r\u00e1pido, especialmente pelos canais digitais. A forma mais pr\u00e1tica e segura de verificar o calend\u00e1rio e os valores do benef\u00edcio \u00e9 por meio do aplicativo ou do site oficial Meu INSS.<\/p>\n\n\n\n<h2 class=\"wp-block-heading\">Como consultar seus pagamentos no INSS<\/h2>\n\n\n\n<ul class=\"wp-block-list\">\n<li>Acesse o site ou aplicativo Meu INSS, dispon\u00edvel para computador e celular<\/li>\n\n\n\n<li>Informe o n\u00famero do CPF e a senha cadastrada. Se necess\u00e1rio, crie uma conta gratuita com seus dados pessoais<\/li>\n\n\n\n<li>Procure pela op\u00e7\u00e3o \u201cExtrato de Pagamento\u201d no menu principal ou na barra de busca<\/li>\n\n\n\n<li>No extrato, voc\u00ea encontrar\u00e1 as datas dos pr\u00f3ximos dep\u00f3sitos, o valor do benef\u00edcio e eventuais descontos aplicados<\/li>\n\n\n\n<li>Verifique o n\u00famero final do seu benef\u00edcio (sem o d\u00edgito verificador); \u00e9 ele que define o seu dia de pagamento no calend\u00e1rio oficial<\/li>\n<\/ul>\n","protected":false},"excerpt":{"rendered":"<p>O calend\u00e1rio de pagamentos do INSS para 2026 deve manter o formato tradicional, distribuindo os saques ao longo dos \u00faltimos dias \u00fateis de cada m\u00eas. A proposta \u00e9 garantir organiza\u00e7\u00e3o e agilidade no processo, que atende milh\u00f5es de benefici\u00e1rios em todo o pa\u00eds. A principal divis\u00e3o do calend\u00e1rio continua sendo o valor do benef\u00edcio: quem [&hellip;]<\/p>\n","protected":false},"author":4,"featured_media":566,"comment_status":"open","ping_status":"open","sticky":false,"template":"","format":"standard","meta":{"jnews-multi-image_gallery":[],"jnews_single_post":{"format":"standard"},"jnews_primary_category":[],"jnews_social_meta":[],"jnews_post_split":[],"footnotes":""},"categories":[1],"tags":[],"class_list":["post-11612","post","type-post","status-publish","format-standard","has-post-thumbnail","hentry","category-uncategorized"],"_links":{"self":[{"href":"https:\/\/diariodepernambuco.audiencelabs.com.br\/wp-json\/wp\/v2\/posts\/11612","targetHints":{"allow":["GET"]}}],"collection":[{"href":"https:\/\/diariodepernambuco.audiencelabs.com.br\/wp-json\/wp\/v2\/posts"}],"about":[{"href":"https:\/\/diariodepernambuco.audiencelabs.com.br\/wp-json\/wp\/v2\/types\/post"}],"author":[{"embeddable":true,"href":"https:\/\/diariodepernambuco.audiencelabs.com.br\/wp-json\/wp\/v2\/users\/4"}],"replies":[{"embeddable":true,"href":"https:\/\/diariodepernambuco.audiencelabs.com.br\/wp-json\/wp\/v2\/comments?post=11612"}],"version-history":[{"count":2,"href":"https:\/\/diariodepernambuco.audiencelabs.com.br\/wp-json\/wp\/v2\/posts\/11612\/revisions"}],"predecessor-version":[{"id":11616,"href":"https:\/\/diariodepernambuco.audiencelabs.com.br\/wp-json\/wp\/v2\/posts\/11612\/revisions\/11616"}],"wp:featuredmedia":[{"embeddable":true,"href":"https:\/\/diariodepernambuco.audiencelabs.com.br\/wp-json\/wp\/v2\/media\/566"}],"wp:attachment":[{"href":"https:\/\/diariodepernambuco.audiencelabs.com.br\/wp-json\/wp\/v2\/media?parent=11612"}],"wp:term":[{"taxonomy":"category","embeddable":true,"href":"https:\/\/diariodepernambuco.audiencelabs.com.br\/wp-json\/wp\/v2\/categories?post=11612"},{"taxonomy":"post_tag","embeddable":true,"href":"https:\/\/diariodepernambuco.audiencelabs.com.br\/wp-json\/wp\/v2\/tags?post=11612"}],"curies":[{"name":"wp","href":"https:\/\/api.w.org\/{rel}","templated":true}]}}