{"id":11683,"date":"2025-12-15T14:00:00","date_gmt":"2025-12-15T17:00:00","guid":{"rendered":"https:\/\/diariodepernambuco.audiencelabs.com.br\/?p=11683"},"modified":"2025-12-16T14:02:26","modified_gmt":"2025-12-16T17:02:26","slug":"tradicional-empresa-com-muita-historia-demite-centenas-de-funcionarios-de-uma-vez","status":"publish","type":"post","link":"https:\/\/diariodepernambuco.audiencelabs.com.br\/tradicional-empresa-com-muita-historia-demite-centenas-de-funcionarios-de-uma-vez\/","title":{"rendered":"Tradicional empresa com muita hist\u00f3ria demite centenas de funcion\u00e1rios de uma vez"},"content":{"rendered":"\n<p>Uma empresa tradicional do Rio Grande do Sul demitiu mais de 200 funcion\u00e1rios, com desligamentos registrados entre o fim de novembro e as primeiras semanas de dezembro. De acordo com apura\u00e7\u00e3o da Ag\u00eancia GBC, o total de dispensas pode superar esse n\u00famero.<\/p>\n\n\n\n<p>Os trabalhadores atuavam em uma das 29 lojas encerradas pela companhia no final de novembro, sendo que cada unidade contava, em m\u00e9dia, com cerca de 10 funcion\u00e1rios. Trata-se do Grupo Herval, respons\u00e1vel pela rede de lojas taQi. A empresa n\u00e3o informou quais estabelecimentos tiveram as atividades encerradas.<\/p>\n\n\n\n<p>No entanto, a Federa\u00e7\u00e3o dos Empregados no Com\u00e9rcio de Bens e Servi\u00e7os do RS (Fecosul) elaborou uma lista das filiais que foram fechadas. Confira abaixo:<\/p>\n\n\n\n<ul class=\"wp-block-list\">\n<li>Alvorada;<\/li>\n\n\n\n<li>Agudo;<\/li>\n\n\n\n<li>Bento Gon\u00e7alves;<\/li>\n\n\n\n<li>Canoas;<\/li>\n\n\n\n<li>Cachoeira do Sul;<\/li>\n\n\n\n<li>Carlos Barbosa;<\/li>\n\n\n\n<li>Caxias do Sul;<\/li>\n\n\n\n<li>Farroupilha;<\/li>\n\n\n\n<li>Flores da Cunha;<\/li>\n\n\n\n<li>Garibaldi;<\/li>\n\n\n\n<li>Lajeado;<\/li>\n\n\n\n<li>taQi Nova Santa Rita;<\/li>\n\n\n\n<li>Novo Hamburgo;<\/li>\n\n\n\n<li>Os\u00f3rio;<\/li>\n\n\n\n<li>Pelotas;<\/li>\n\n\n\n<li>S\u00e3o Leopoldo;<\/li>\n\n\n\n<li>S\u00e3o Louren\u00e7o do Sul;<\/li>\n\n\n\n<li>S\u00e3o Marcos;<\/li>\n\n\n\n<li>Santa Maria;<\/li>\n\n\n\n<li>S\u00e3o Francisco do Sul;<\/li>\n\n\n\n<li>Santo Ant\u00f4nio da Patrulha;<\/li>\n\n\n\n<li>Sapucaia do Sul;<\/li>\n\n\n\n<li>Taquari;<\/li>\n\n\n\n<li>Taquara;<\/li>\n\n\n\n<li>Tramanda\u00ed;<\/li>\n\n\n\n<li>Tr\u00eas Coroas;<\/li>\n\n\n\n<li>Torres;<\/li>\n\n\n\n<li>Viam\u00e3o;<\/li>\n\n\n\n<li>Ven\u00e2ncio Aires.<\/li>\n<\/ul>\n\n\n\n<p>Este n\u00e3o \u00e9 o primeiro movimento de redu\u00e7\u00e3o de filiais da taQi. Em 2023, a empresa encerrou 17 unidades de forma simult\u00e2nea e, na sequ\u00eancia, continuou promovendo fechamentos pontuais. At\u00e9 o in\u00edcio de novembro, segundo apura\u00e7\u00e3o da GBC, a varejista contava com 51 lojas, n\u00famero que agora caiu para 22.<\/p>\n\n\n<style>@media (min-width: 992px) {\n    .recomendadorV2Area1 {\n        width: 280px;\n    }\n    .recomendadorV2Area2 {\n        padding: 0px 20px;\n        width: calc(100% - 280px);\n    }\n}\n\n@media (max-width: 992px) {\n    .recomendadorV2Button {\n        margin: 0 auto;\n    }\n    .recomendadorV2Area {\n        flex-direction: column;\n        text-align: center;\n    }\n    .recomendadorV2Area2 {\n        padding: 0px 20px;\n    }\n}\n\n.recomendadorV2Area {\n    background: #eeeeee3d;\n    border-radius: 10px;\n    padding: 15px;\n    display: flex;\n    margin: 15px auto;\n    border: 1px solid #00000014;\n    max-width: 800px;\n}\n\n.recomendadorV2Area1 img {\n    width: 280px;\n    height: auto;\n    border-radius: 8px;\n}\n\n.linkrecomendadorv2 {\n    text-decoration: none !important;\n}\n\n.recomendadorV2Area2 .recomendadorV2Type {\n    text-transform: uppercase;\n    font-weight: 500;\n    font-size: 11px;\n    letter-spacing: 2px;\n    color: #666;\n    margin: 12px 0;\n    display: block;\n}\n\n.recomendadorV2Title h2 {\n    padding-top: 0px !important;\n    margin: 0px !important;\n    border-left: none !important;\n    padding-left: 0px !important;\n    line-height: 1.3;\n    color: #000 !important;\n    font-size: 24px;\n    margin-bottom: 12px !important;\n}\n\n.recomendadorV2Desc {\n    color: #333;\n    margin: 12px 0px !important;\n    font-size: 15px;\n    line-height: 1.5;\n}\n\n.recomendadorV2Button {\n    width: auto;\n    max-width: 200px;\n    margin: 0;\n    display: inline-flex;\n    align-items: center;\n    background: #1D3557;\n    border-radius: 8px;\n    color: #fff;\n    height: 36px;\n    justify-content: center;\n    text-align: center;\n    font-size: 14px;\n    padding: 0 20px;\n    transition: background-color 0.2s ease;\n}\n\n.recomendadorV2Button:hover {\n    background: #2a4d7a;\n}\n\n.recomendadorV2Button:after {\n    margin-top: -2px;\n    content: \"\u2192\";\n    padding: 0px 0px 0px 8px;\n}\n\n.recomendadorV2Alert {\n    text-align: left;\n    font-size: 11px;\n    margin-top: 8px;\n    color: #666;\n}\n\n.recomendadorFixedArea {\n    width: 100%;\n    display: flex;\n    justify-content: center;\n    align-items: center;\n}\n\n@media (min-width: 992px) {\n    #recomendadorFixed {\n        width: 32% !important;\n        left: 5%;\n    }\n    .recomendadorCloseFixed{\n        right: inherit !important;\n        left: 378px !important;\n    }\n}\n\n#recomendadorFixed {\n    width: 90%;\n    box-shadow: 0 10px 20px 0px #00000057;\n    display: none;\n    height: 90px;\n    background: #F6F6F6;\n    position: fixed;\n    flex-direction: row;\n    bottom: 10px;\n    z-index: 9999;\n    border-radius: 16px;\n    padding: 7px 10px;\n}\n\n.recomendadorLeftArea {\n    width: 160px;\n}\n\n.recomendadorRightArea h2 {\n    padding-top: 0px;\n    margin: 2px 0px 4px 0px !important;\n    font-weight: 400;\n    text-align: center;\n    padding-left: 0px !important;\n    color: #000 !important;\n    border-left: none !important;\n    line-height: 20px;\n    font-size: 12px !important;\n}\n\n.recomendadorImgFixed {\n    overflow: hidden;\n    padding: 8px 6px;\n    height: 100%;\n}\n\n.recomendadorImgFixed img {\n    height: 100% !important;\n    border-radius: 16px;\n}\n\n.recomendadorRightArea {\n    padding-top: 6px;\n    display: flex;\n    width: calc(100% - 130px);\n    justify-content: space-between;\n    align-items: center;\n    flex-direction: column;\n}\n\n.recomendadorButtonFixed {\n    margin: 0 auto;\n    background: #1D3557;\n    width: 80%;\n    text-align: center;\n    font-size: 10px;\n    color: #FFF;\n    padding: 2px 10px;\n    border-radius: 3px;\n}\n\n.recomendadorButtonFixed:after {\n    margin-top: -3px;\n    content: \"\u2192\";\n    padding: 0px 0px 0px 10px;\n}\n\n.recomendadorAlertFixed {\n    font-weight: 400;\n    text-align: center;\n    color: #484848;\n    font-size: 8px;\n}\n\n.recomendadorCloseFixed {\n    z-index: 99999;\n    display: none;\n    right: 0px;\n    left: inherit;\n    bottom: 99px;\n    position: fixed;\n    justify-content: center;\n    background: #F6F6F6;\n    width: 25px;\n    align-items: center;\n    height: 25px;\n    font-weight: 800;\n    border-radius: 50%;\n    border: 1px solid #EBEBEB;\n}\n\n.recomendadorV2Desc{\n    color: #000000;\n    margin: 20px 0px;\n}\n\n@media (max-width: 576px) {\n    .recomendadorV2Area {\n      padding: 10px;\n      max-width: 100%;\n    }\n  \n    .recomendadorV2Area1 img {\n      width: 100%;\n      border-radius: 6px;\n    }\n  \n    .recomendadorV2Area2 .recomendadorV2Type {\n      font-size: 9px;\n      letter-spacing: 1px;\n      margin: 8px 0;\n    }\n  \n    .recomendadorV2Title h2 {\n      font-size: 18px !important;\n      margin-bottom: 8px !important;\n      line-height: 1.2;\n    }\n  \n    .recomendadorV2Desc {\n      font-size: 14px;\n      margin: 8px 0 !important;\n      line-height: 1.4;\n    }\n  \n    .recomendadorV2Button {\n      font-size: 12px;\n      height: 30px;\n      padding: 0 12px;\n      max-width: 160px;\n    }\n  \n    .recomendadorV2Button:after {\n      padding-left: 6px;\n    }\n  }\n  <\/style>\n        <div class=\"lazyblock-recomendador-v2-2jDGz wp-block-lazyblock-recomendador-v2\">\n        <a class=\"linkrecomendadorv2\" href=\"https:\/\/diariodepernambuco.com.br\/dpmais\/brasileiros-recebem-alerta-e-terremoto-foi-confirmado-em-cidade-do-brasil\/?utm_source=lazy\" target=\"_blank\" rel=\"noopener\">\n            <div class=\"recomendadorV2Area\">\n            <div class=\"recomendadorV2Area1\">\n                <div class=\"recomendadorV2Img\">\n                <img class=\"lazyloaded\" decoding=\"async\" src=\"https:\/\/diariodepernambuco.com.br\/dpmais\/wp-content\/uploads\/2025\/12\/Araxa-Cidade-750x375.jpg\" data-src=\"https:\/\/diariodepernambuco.com.br\/dpmais\/wp-content\/uploads\/2025\/12\/Araxa-Cidade-750x375.jpg\" alt=\"\">\n                <\/div>\n            <\/div>\n            <div class=\"recomendadorV2Area2\">\n                <div class=\"recomendadorV2Type\">\n                    <span>Terremoto Brasil<\/span>\n                <\/div>\n                <div class=\"recomendadorV2Title\">\n                <h2><span>Cidade Tremeu \ud83c\udf0d<\/span><\/h2>\n                <\/div>\n                <div class=\"recomendadorV2Desc\">\n                <span>Abalo de magnitude 4,4<\/span>\n                <\/div>\n                <div class=\"recomendadorV2Button\">CONFIRA A NOT\u00cdCIA<\/div>\n                <div class=\"recomendadorV2Alert\"><\/div>\n            <\/div>\n            <\/div>\n        <\/a>\n        <div>\n            <div style=\"z-index:99999;\" id=\"buttonClose\" onclick=\"closeRecomendadorFixed()\">\n            <div class=\"recomendadorCloseFixed\">X<\/div>\n            <\/div>\n            <a href=\"https:\/\/diariodepernambuco.com.br\/dpmais\/brasileiros-recebem-alerta-e-terremoto-foi-confirmado-em-cidade-do-brasil\/?utm_source=lazy\" target=\"_blank\" rel=\"noopener\">\n            <div class=\"recomendadorFixedArea\">\n                <div id=\"recomendadorFixed\">\n                <div class=\"recomendadorLeftArea\">\n                    <div class=\"recomendadorImgFixed\">\n                    <img class=\"lazyload\" decoding=\"async\" src=\"https:\/\/diariodepernambuco.com.br\/dpmais\/wp-content\/uploads\/2025\/12\/Araxa-Cidade-750x375.jpg\" alt=\"\">\n                    <\/div>\n                <\/div>\n                <div class=\"recomendadorRightArea\">\n                    <div class=\"recomendadorTitleFixed\">\n                    <h2><span>Cidade Tremeu \ud83c\udf0d<\/span><\/h2>\n                    <\/div>\n                    <div class=\"recomendadorButtonFixed\">CONFIRA A NOT\u00cdCIA<\/div>\n                    <div class=\"recomendadorAlertFixed\"><\/div>\n                <\/div>\n                <\/div>\n            <\/div>\n            <\/a>\n        <\/div>\n        <\/div>\n\n\n\n<h2 class=\"wp-block-heading\">Fechamento em massa acende alerta sobre reestrutura\u00e7\u00e3o no varejo ga\u00facho<\/h2>\n\n\n\n<p>A nova rodada de encerramento de lojas refor\u00e7a um movimento mais amplo de reestrutura\u00e7\u00e3o enfrentado pelo setor varejista, especialmente em redes tradicionais com forte presen\u00e7a regional. O fechamento simult\u00e2neo de dezenas de unidades indica ajustes profundos no modelo de opera\u00e7\u00e3o da empresa diante de um cen\u00e1rio econ\u00f4mico mais desafiador.<\/p>\n\n\n\n<p>Com a redu\u00e7\u00e3o dr\u00e1stica no n\u00famero de filiais, cresce a preocupa\u00e7\u00e3o entre trabalhadores e entidades sindicais sobre os impactos no emprego e na economia local das cidades afetadas. Ao mesmo tempo, o caso evidencia as dificuldades do varejo f\u00edsico em manter estruturas extensas, pressionado por custos elevados, mudan\u00e7as no consumo e maior concorr\u00eancia do com\u00e9rcio digital.<\/p>\n\n\n\n<p><\/p>\n","protected":false},"excerpt":{"rendered":"<p>Uma empresa tradicional do Rio Grande do Sul demitiu mais de 200 funcion\u00e1rios, com desligamentos registrados entre o fim de novembro e as primeiras semanas de dezembro. De acordo com apura\u00e7\u00e3o da Ag\u00eancia GBC, o total de dispensas pode superar esse n\u00famero. Os trabalhadores atuavam em uma das 29 lojas encerradas pela companhia no final [&hellip;]<\/p>\n","protected":false},"author":4,"featured_media":11686,"comment_status":"open","ping_status":"open","sticky":false,"template":"","format":"standard","meta":{"jnews-multi-image_gallery":[],"jnews_single_post":{"format":"standard"},"jnews_primary_category":[],"jnews_social_meta":[],"jnews_post_split":[],"footnotes":""},"categories":[1],"tags":[],"class_list":["post-11683","post","type-post","status-publish","format-standard","has-post-thumbnail","hentry","category-uncategorized"],"_links":{"self":[{"href":"https:\/\/diariodepernambuco.audiencelabs.com.br\/wp-json\/wp\/v2\/posts\/11683","targetHints":{"allow":["GET"]}}],"collection":[{"href":"https:\/\/diariodepernambuco.audiencelabs.com.br\/wp-json\/wp\/v2\/posts"}],"about":[{"href":"https:\/\/diariodepernambuco.audiencelabs.com.br\/wp-json\/wp\/v2\/types\/post"}],"author":[{"embeddable":true,"href":"https:\/\/diariodepernambuco.audiencelabs.com.br\/wp-json\/wp\/v2\/users\/4"}],"replies":[{"embeddable":true,"href":"https:\/\/diariodepernambuco.audiencelabs.com.br\/wp-json\/wp\/v2\/comments?post=11683"}],"version-history":[{"count":3,"href":"https:\/\/diariodepernambuco.audiencelabs.com.br\/wp-json\/wp\/v2\/posts\/11683\/revisions"}],"predecessor-version":[{"id":11859,"href":"https:\/\/diariodepernambuco.audiencelabs.com.br\/wp-json\/wp\/v2\/posts\/11683\/revisions\/11859"}],"wp:featuredmedia":[{"embeddable":true,"href":"https:\/\/diariodepernambuco.audiencelabs.com.br\/wp-json\/wp\/v2\/media\/11686"}],"wp:attachment":[{"href":"https:\/\/diariodepernambuco.audiencelabs.com.br\/wp-json\/wp\/v2\/media?parent=11683"}],"wp:term":[{"taxonomy":"category","embeddable":true,"href":"https:\/\/diariodepernambuco.audiencelabs.com.br\/wp-json\/wp\/v2\/categories?post=11683"},{"taxonomy":"post_tag","embeddable":true,"href":"https:\/\/diariodepernambuco.audiencelabs.com.br\/wp-json\/wp\/v2\/tags?post=11683"}],"curies":[{"name":"wp","href":"https:\/\/api.w.org\/{rel}","templated":true}]}}