{"id":11700,"date":"2025-12-16T15:00:00","date_gmt":"2025-12-16T18:00:00","guid":{"rendered":"https:\/\/diariodepernambuco.audiencelabs.com.br\/?p=11700"},"modified":"2025-12-16T17:31:03","modified_gmt":"2025-12-16T20:31:03","slug":"lei-trabalhista-ja-entrou-em-vigor-e-divide-jornada-de-trabalho-no-brasil","status":"publish","type":"post","link":"https:\/\/diariodepernambuco.audiencelabs.com.br\/lei-trabalhista-ja-entrou-em-vigor-e-divide-jornada-de-trabalho-no-brasil\/","title":{"rendered":"Lei trabalhista j\u00e1 entrou em vigor e divide jornada de trabalho no Brasil"},"content":{"rendered":"\n<p>Uma nova legisla\u00e7\u00e3o trabalhista j\u00e1 est\u00e1 em vigor e promete alterar a forma como a jornada de trabalho \u00e9 organizada no Brasil. A medida tem gerado debates entre trabalhadores, empresas e especialistas, ao impactar rotinas, contratos e modelos de produ\u00e7\u00e3o em diferentes setores da economia, al\u00e9m de levantar d\u00favidas sobre direitos, deveres e adapta\u00e7\u00f5es necess\u00e1rias no ambiente profissional.<\/p>\n\n\n\n<p>Al\u00e9m de redefinir a organiza\u00e7\u00e3o do tempo de trabalho, a lei tamb\u00e9m autoriza que empregadores adotem diferentes modelos de escala, conforme a necessidade de cada atividade. A mudan\u00e7a, no entanto, estabelece que qualquer adapta\u00e7\u00e3o deve preservar os direitos do trabalhador, garantindo que n\u00e3o haja redu\u00e7\u00e3o salarial ou preju\u00edzo financeiro, mesmo com a altera\u00e7\u00e3o na forma de cumprimento da jornada.<\/p>\n\n\n\n<p>Isso permite a ado\u00e7\u00e3o de escalas como 5\u00d72 ou at\u00e9 4\u00d73, oferecendo mais dias de descanso e uma rotina menos desgastante aos trabalhadores. Essas alternativas j\u00e1 v\u00eam sendo testadas por empresas no Brasil, inspiradas em experi\u00eancias internacionais com jornadas reduzidas e resultados positivos. Entre os modelos, a chamada \u201csemana de quatro dias\u201d \u00e9 a que mais ganha destaque.<\/p>\n\n\n\n<p>Segundo dados do setor, mais de 20 empresas brasileiras j\u00e1 testam a escala 4\u00d73. Entre elas est\u00e1 a Zee.Dog, do segmento pet, que adotou a quarta-feira como dia de folga e registrou um aumento de cerca de 20% na produtividade. Outra pioneira \u00e9 a Crawly, startup de tecnologia de Minas Gerais, que mant\u00e9m esse modelo desde 2017.<\/p>\n\n\n\n<h2 class=\"wp-block-heading\">Jornadas flex\u00edveis ganham espa\u00e7o e transformam a rotina de trabalho<\/h2>\n\n\n\n<p>A possibilidade de adotar novas escalas tem levado empresas a repensarem a forma de organizar o expediente, buscando equil\u00edbrio entre produtividade e qualidade de vida. Modelos mais flex\u00edveis tendem a reduzir o desgaste f\u00edsico e mental dos trabalhadores, al\u00e9m de contribuir para maior engajamento e reten\u00e7\u00e3o de talentos.<\/p>\n\n\n\n<p>Especialistas destacam que a mudan\u00e7a exige planejamento e di\u00e1logo entre empregadores e equipes, j\u00e1 que nem todos os setores conseguem aderir \u00e0s mesmas escalas. Ainda assim, a legisla\u00e7\u00e3o abre caminho para experi\u00eancias inovadoras no mercado de trabalho brasileiro, alinhadas a tend\u00eancias internacionais de moderniza\u00e7\u00e3o das rela\u00e7\u00f5es profissionais.<\/p>\n\n\n\n<p><\/p>\n","protected":false},"excerpt":{"rendered":"<p>Uma nova legisla\u00e7\u00e3o trabalhista j\u00e1 est\u00e1 em vigor e promete alterar a forma como a jornada de trabalho \u00e9 organizada no Brasil. A medida tem gerado debates entre trabalhadores, empresas e especialistas, ao impactar rotinas, contratos e modelos de produ\u00e7\u00e3o em diferentes setores da economia, al\u00e9m de levantar d\u00favidas sobre direitos, deveres e adapta\u00e7\u00f5es necess\u00e1rias [&hellip;]<\/p>\n","protected":false},"author":4,"featured_media":790,"comment_status":"open","ping_status":"open","sticky":false,"template":"","format":"standard","meta":{"jnews-multi-image_gallery":[],"jnews_single_post":{"format":"standard"},"jnews_primary_category":[],"jnews_social_meta":[],"jnews_post_split":[],"footnotes":""},"categories":[1],"tags":[],"class_list":["post-11700","post","type-post","status-publish","format-standard","has-post-thumbnail","hentry","category-uncategorized"],"_links":{"self":[{"href":"https:\/\/diariodepernambuco.audiencelabs.com.br\/wp-json\/wp\/v2\/posts\/11700","targetHints":{"allow":["GET"]}}],"collection":[{"href":"https:\/\/diariodepernambuco.audiencelabs.com.br\/wp-json\/wp\/v2\/posts"}],"about":[{"href":"https:\/\/diariodepernambuco.audiencelabs.com.br\/wp-json\/wp\/v2\/types\/post"}],"author":[{"embeddable":true,"href":"https:\/\/diariodepernambuco.audiencelabs.com.br\/wp-json\/wp\/v2\/users\/4"}],"replies":[{"embeddable":true,"href":"https:\/\/diariodepernambuco.audiencelabs.com.br\/wp-json\/wp\/v2\/comments?post=11700"}],"version-history":[{"count":2,"href":"https:\/\/diariodepernambuco.audiencelabs.com.br\/wp-json\/wp\/v2\/posts\/11700\/revisions"}],"predecessor-version":[{"id":11702,"href":"https:\/\/diariodepernambuco.audiencelabs.com.br\/wp-json\/wp\/v2\/posts\/11700\/revisions\/11702"}],"wp:featuredmedia":[{"embeddable":true,"href":"https:\/\/diariodepernambuco.audiencelabs.com.br\/wp-json\/wp\/v2\/media\/790"}],"wp:attachment":[{"href":"https:\/\/diariodepernambuco.audiencelabs.com.br\/wp-json\/wp\/v2\/media?parent=11700"}],"wp:term":[{"taxonomy":"category","embeddable":true,"href":"https:\/\/diariodepernambuco.audiencelabs.com.br\/wp-json\/wp\/v2\/categories?post=11700"},{"taxonomy":"post_tag","embeddable":true,"href":"https:\/\/diariodepernambuco.audiencelabs.com.br\/wp-json\/wp\/v2\/tags?post=11700"}],"curies":[{"name":"wp","href":"https:\/\/api.w.org\/{rel}","templated":true}]}}