{"id":11733,"date":"2025-12-16T19:00:00","date_gmt":"2025-12-16T22:00:00","guid":{"rendered":"https:\/\/diariodepernambuco.audiencelabs.com.br\/?p=11733"},"modified":"2025-12-15T15:12:15","modified_gmt":"2025-12-15T18:12:15","slug":"cidade-do-interior-nordestino-comprova-teoria-de-einsten-durante-eclipse-solar","status":"publish","type":"post","link":"https:\/\/diariodepernambuco.audiencelabs.com.br\/cidade-do-interior-nordestino-comprova-teoria-de-einsten-durante-eclipse-solar\/","title":{"rendered":"Cidade do interior nordestino comprova teoria de Einsten durante eclipse solar"},"content":{"rendered":"\n<p>Conhecida como a \u201cPrincesa do Norte\u201d, Sobral \u00e9 um dos principais centros urbanos do interior do Nordeste. Al\u00e9m de seu calor caracter\u00edstico e do destaque nacional na educa\u00e7\u00e3o p\u00fablica, a cidade preserva um patrim\u00f4nio arquitet\u00f4nico tombado pelo IPHAN, que testemunha s\u00e9culos de hist\u00f3ria.<\/p>\n\n\n\n<p>Em 1919, Sobral entrou para a hist\u00f3ria da ci\u00eancia mundial: foi em seu territ\u00f3rio que pesquisadores confirmaram a Teoria da Relatividade de Albert Einstein durante um eclipse solar. O Museu do Eclipse comemora o marco astron\u00f4mico que desafiou a f\u00edsica newtoniana, enquanto o hist\u00f3rico \u201cBecco do Cotovelo\u201d preserva a tradi\u00e7\u00e3o pol\u00edtica e a vida bo\u00eamia da cidade.<\/p>\n\n\n\n<p>O munic\u00edpio tamb\u00e9m se destaca por sua vida cultural vibrante, com festivais, museus e centros de mem\u00f3ria que celebram tanto a hist\u00f3ria local quanto as influ\u00eancias nordestinas. Suas pra\u00e7as, igrejas e casar\u00f5es coloniais atraem turistas interessados em arquitetura e hist\u00f3ria, tornando Sobral um importante polo de turismo cultural na regi\u00e3o.<\/p>\n\n\n\n<p>Al\u00e9m do patrim\u00f4nio hist\u00f3rico, a cidade possui uma economia diversificada, baseada em educa\u00e7\u00e3o, com\u00e9rcio, servi\u00e7os e agricultura. Essa combina\u00e7\u00e3o de riqueza cultural, relev\u00e2ncia cient\u00edfica e desenvolvimento econ\u00f4mico faz de Sobral uma refer\u00eancia no interior do Nordeste, mostrando que a cidade vai muito al\u00e9m de seu calor e de sua fama como centro educacional.<\/p>\n\n\n\n<h2 class=\"wp-block-heading\">Sobral: ci\u00eancia, hist\u00f3ria e cultura em destaque no Nordeste<\/h2>\n\n\n\n<p>A confirma\u00e7\u00e3o da Teoria da Relatividade durante o eclipse de 1919 transformou Sobral em um marco da ci\u00eancia mundial, consolidando seu lugar na hist\u00f3ria da astronomia. O Museu do Eclipse preserva essa mem\u00f3ria, enquanto espa\u00e7os tradicionais como o \u201cBecco do Cotovelo\u201d mant\u00eam viva a cultura pol\u00edtica e bo\u00eamia da cidade.<\/p>\n\n\n\n<p>Al\u00e9m do legado cient\u00edfico, Sobral se destaca por sua riqueza cultural e arquitet\u00f4nica, com pra\u00e7as, igrejas, casar\u00f5es coloniais e festivais que atraem turistas de todo o pa\u00eds. A combina\u00e7\u00e3o de patrim\u00f4nio hist\u00f3rico, economia diversificada e educa\u00e7\u00e3o de refer\u00eancia faz da cidade um importante polo do interior nordestino, oferecendo muito mais do que o calor t\u00edpico da regi\u00e3o.<\/p>\n\n\n\n<p><\/p>\n","protected":false},"excerpt":{"rendered":"<p>Conhecida como a \u201cPrincesa do Norte\u201d, Sobral \u00e9 um dos principais centros urbanos do interior do Nordeste. Al\u00e9m de seu calor caracter\u00edstico e do destaque nacional na educa\u00e7\u00e3o p\u00fablica, a cidade preserva um patrim\u00f4nio arquitet\u00f4nico tombado pelo IPHAN, que testemunha s\u00e9culos de hist\u00f3ria. Em 1919, Sobral entrou para a hist\u00f3ria da ci\u00eancia mundial: foi em [&hellip;]<\/p>\n","protected":false},"author":4,"featured_media":11735,"comment_status":"open","ping_status":"open","sticky":false,"template":"","format":"standard","meta":{"jnews-multi-image_gallery":[],"jnews_single_post":{"format":"standard"},"jnews_primary_category":[],"jnews_social_meta":[],"jnews_post_split":[],"footnotes":""},"categories":[1],"tags":[],"class_list":["post-11733","post","type-post","status-publish","format-standard","has-post-thumbnail","hentry","category-uncategorized"],"_links":{"self":[{"href":"https:\/\/diariodepernambuco.audiencelabs.com.br\/wp-json\/wp\/v2\/posts\/11733","targetHints":{"allow":["GET"]}}],"collection":[{"href":"https:\/\/diariodepernambuco.audiencelabs.com.br\/wp-json\/wp\/v2\/posts"}],"about":[{"href":"https:\/\/diariodepernambuco.audiencelabs.com.br\/wp-json\/wp\/v2\/types\/post"}],"author":[{"embeddable":true,"href":"https:\/\/diariodepernambuco.audiencelabs.com.br\/wp-json\/wp\/v2\/users\/4"}],"replies":[{"embeddable":true,"href":"https:\/\/diariodepernambuco.audiencelabs.com.br\/wp-json\/wp\/v2\/comments?post=11733"}],"version-history":[{"count":2,"href":"https:\/\/diariodepernambuco.audiencelabs.com.br\/wp-json\/wp\/v2\/posts\/11733\/revisions"}],"predecessor-version":[{"id":11737,"href":"https:\/\/diariodepernambuco.audiencelabs.com.br\/wp-json\/wp\/v2\/posts\/11733\/revisions\/11737"}],"wp:featuredmedia":[{"embeddable":true,"href":"https:\/\/diariodepernambuco.audiencelabs.com.br\/wp-json\/wp\/v2\/media\/11735"}],"wp:attachment":[{"href":"https:\/\/diariodepernambuco.audiencelabs.com.br\/wp-json\/wp\/v2\/media?parent=11733"}],"wp:term":[{"taxonomy":"category","embeddable":true,"href":"https:\/\/diariodepernambuco.audiencelabs.com.br\/wp-json\/wp\/v2\/categories?post=11733"},{"taxonomy":"post_tag","embeddable":true,"href":"https:\/\/diariodepernambuco.audiencelabs.com.br\/wp-json\/wp\/v2\/tags?post=11733"}],"curies":[{"name":"wp","href":"https:\/\/api.w.org\/{rel}","templated":true}]}}