{"id":1178,"date":"2025-08-15T08:00:00","date_gmt":"2025-08-15T11:00:00","guid":{"rendered":"https:\/\/diariodepernambuco.audiencelabs.com.br\/?p=1178"},"modified":"2025-08-14T10:45:47","modified_gmt":"2025-08-14T13:45:47","slug":"americanas-volta-ao-dia-a-dia-normal-apos-plano-de-recuperacao","status":"publish","type":"post","link":"https:\/\/diariodepernambuco.audiencelabs.com.br\/americanas-volta-ao-dia-a-dia-normal-apos-plano-de-recuperacao\/","title":{"rendered":"Americanas volta ao dia a dia normal ap\u00f3s plano de recupera\u00e7\u00e3o"},"content":{"rendered":"\n<p>Em meio a execu\u00e7\u00e3o do plano de recupera\u00e7\u00e3o judicial (RJ), a Americanas declara ter retomado uma situa\u00e7\u00e3o considerada \u201cnormal\u201d. \u201cMesmo sob o selo de companhia sob supervis\u00e3o, seguimos uma rotina regular, cumprindo todas as obriga\u00e7\u00f5es previstas no plano\u201d, afirmou Camille Loyo Faria, diretora financeira e de rela\u00e7\u00f5es com investidores.<\/p>\n\n\n\n<p>Na manh\u00e3 da \u00faltima quarta-feira (13), a companhia realizou sua teleconfer\u00eancia de resultados. O processo possibilitou o refinanciamento e a reestrutura\u00e7\u00e3o de boa parte de seu endividamento. Ao fim de junho, a Americanas registrava d\u00edvida bruta de R$ 1,9 bilh\u00e3o, sendo R$ 1,8 bilh\u00e3o em deb\u00eantures e R$ 54 milh\u00f5es em empr\u00e9stimos e financiamentos, tanto de curto quanto de longo prazo.<\/p>\n\n\n\n<p>Em 11 de janeiro de 2023, o rec\u00e9m-empossado CEO S\u00e9rgio Rial comunicou ao mercado a descoberta de inconsist\u00eancias cont\u00e1beis superiores a R$ 20 bilh\u00f5es, resultantes da forma de contabiliza\u00e7\u00e3o das antecipa\u00e7\u00f5es de pagamento a fornecedores \u2014 pr\u00e1tica conhecida como \u201crisco sacado\u201d \u2014 que acabava por mascarar o valor real da d\u00edvida da empresa.<\/p>\n\n\n\n<p>As a\u00e7\u00f5es da Americanas despencaram, registrando queda superior a 70% \u2014 em alguns levantamentos, pr\u00f3xima de 90% \u2014, o que resultou em perdas expressivas para os acionistas minorit\u00e1rios.<\/p>\n\n\n\n<h2 class=\"wp-block-heading\">Relembre a crise envolvendo a Americanas<\/h2>\n\n\n\n<p><strong>Abertura do processo<\/strong><\/p>\n\n\n\n<ul class=\"wp-block-list\">\n<li>Em 11 de janeiro de 2023, a Americanas revelou inconsist\u00eancias cont\u00e1beis que somavam cerca de R$ 25 bilh\u00f5es, resultando em enorme choque e perda de confian\u00e7a no mercado.<\/li>\n<\/ul>\n\n\n\n<ul class=\"wp-block-list\">\n<li>No dia seguinte (12 de janeiro), a Justi\u00e7a suspendeu execu\u00e7\u00f5es contra a empresa e autorizou o deferimento do pedido de recupera\u00e7\u00e3o judicial.<\/li>\n<\/ul>\n\n\n\n<ul class=\"wp-block-list\">\n<li>A empresa entregou a lista de credores, com d\u00edvidas que chegavam a cerca de R$ 43 bilh\u00f5es distribu\u00eddas entre cerca de 16 mil credores.<\/li>\n<\/ul>\n\n\n\n<p><strong>Investiga\u00e7\u00e3o e gest\u00e3o interna<\/strong><\/p>\n\n\n\n<ul class=\"wp-block-list\">\n<li>Foram instauradas v\u00e1rias investiga\u00e7\u00f5es: pela CVM, Pol\u00edcia Federal, MPF e um comit\u00ea independente, al\u00e9m da abertura de uma CPI.<\/li>\n<\/ul>\n\n\n\n<ul class=\"wp-block-list\">\n<li>A opera\u00e7\u00e3o policial em junho de 2024 incluiu mandados de busca, pris\u00e3o e bloqueio de bens dos ex-executivos, considerada a maior fraude do mercado financeiro brasileiro (impacto estimado de R$ 25,3 bilh\u00f5es).<\/li>\n<\/ul>\n\n\n\n<ul class=\"wp-block-list\">\n<li>Em 2025, o Minist\u00e9rio P\u00fablico ofereceu den\u00fancia contra 13 ex-executivos por crimes como organiza\u00e7\u00e3o criminosa e falsidade documental.<\/li>\n<\/ul>\n\n\n\n<p><strong>Aprova\u00e7\u00e3o do plano<\/strong><\/p>\n\n\n\n<ul class=\"wp-block-list\">\n<li>Em 19 de dezembro de 2023, em Assembleia Geral de Credores, o plano foi aprovado por uma maioria expressiva \u2014 representando 97,19% dos cr\u00e9ditos e 91,14% dos votos por cabe\u00e7a.<\/li>\n<\/ul>\n\n\n\n<ul class=\"wp-block-list\">\n<li>O plano previa R$ 24 bilh\u00f5es de capitaliza\u00e7\u00e3o: R$ 12 bilh\u00f5es dos acionistas de refer\u00eancia (Jorge Paulo Lemann, Marcel Telles e Carlos Alberto Sicupira), mais R$ 12 bilh\u00f5es de convers\u00e3o de d\u00edvida em a\u00e7\u00f5es pelos bancos credores.<\/li>\n<\/ul>\n\n\n\n<ul class=\"wp-block-list\">\n<li>A homologa\u00e7\u00e3o ocorreu em 26 de fevereiro de 2024, autorizando a execu\u00e7\u00e3o do plano e a defini\u00e7\u00e3o dos prazos de pagamento aos credores.<\/li>\n<\/ul>\n\n\n\n<p><\/p>\n","protected":false},"excerpt":{"rendered":"<p>Em meio a execu\u00e7\u00e3o do plano de recupera\u00e7\u00e3o judicial (RJ), a Americanas declara ter retomado uma situa\u00e7\u00e3o considerada \u201cnormal\u201d. \u201cMesmo sob o selo de companhia sob supervis\u00e3o, seguimos uma rotina regular, cumprindo todas as obriga\u00e7\u00f5es previstas no plano\u201d, afirmou Camille Loyo Faria, diretora financeira e de rela\u00e7\u00f5es com investidores. Na manh\u00e3 da \u00faltima quarta-feira (13), [&hellip;]<\/p>\n","protected":false},"author":4,"featured_media":1181,"comment_status":"open","ping_status":"open","sticky":false,"template":"","format":"standard","meta":{"jnews-multi-image_gallery":[],"jnews_single_post":{"format":"standard"},"jnews_primary_category":[],"jnews_social_meta":[],"jnews_post_split":[],"footnotes":""},"categories":[1],"tags":[],"class_list":["post-1178","post","type-post","status-publish","format-standard","has-post-thumbnail","hentry","category-uncategorized"],"_links":{"self":[{"href":"https:\/\/diariodepernambuco.audiencelabs.com.br\/wp-json\/wp\/v2\/posts\/1178","targetHints":{"allow":["GET"]}}],"collection":[{"href":"https:\/\/diariodepernambuco.audiencelabs.com.br\/wp-json\/wp\/v2\/posts"}],"about":[{"href":"https:\/\/diariodepernambuco.audiencelabs.com.br\/wp-json\/wp\/v2\/types\/post"}],"author":[{"embeddable":true,"href":"https:\/\/diariodepernambuco.audiencelabs.com.br\/wp-json\/wp\/v2\/users\/4"}],"replies":[{"embeddable":true,"href":"https:\/\/diariodepernambuco.audiencelabs.com.br\/wp-json\/wp\/v2\/comments?post=1178"}],"version-history":[{"count":2,"href":"https:\/\/diariodepernambuco.audiencelabs.com.br\/wp-json\/wp\/v2\/posts\/1178\/revisions"}],"predecessor-version":[{"id":1182,"href":"https:\/\/diariodepernambuco.audiencelabs.com.br\/wp-json\/wp\/v2\/posts\/1178\/revisions\/1182"}],"wp:featuredmedia":[{"embeddable":true,"href":"https:\/\/diariodepernambuco.audiencelabs.com.br\/wp-json\/wp\/v2\/media\/1181"}],"wp:attachment":[{"href":"https:\/\/diariodepernambuco.audiencelabs.com.br\/wp-json\/wp\/v2\/media?parent=1178"}],"wp:term":[{"taxonomy":"category","embeddable":true,"href":"https:\/\/diariodepernambuco.audiencelabs.com.br\/wp-json\/wp\/v2\/categories?post=1178"},{"taxonomy":"post_tag","embeddable":true,"href":"https:\/\/diariodepernambuco.audiencelabs.com.br\/wp-json\/wp\/v2\/tags?post=1178"}],"curies":[{"name":"wp","href":"https:\/\/api.w.org\/{rel}","templated":true}]}}