{"id":11813,"date":"2025-12-17T10:30:00","date_gmt":"2025-12-17T13:30:00","guid":{"rendered":"https:\/\/diariodepernambuco.audiencelabs.com.br\/?p=11813"},"modified":"2025-12-16T11:10:03","modified_gmt":"2025-12-16T14:10:03","slug":"andar-com-ar-condicionado-do-carro-desligado-economiza-gasolina","status":"publish","type":"post","link":"https:\/\/diariodepernambuco.audiencelabs.com.br\/andar-com-ar-condicionado-do-carro-desligado-economiza-gasolina\/","title":{"rendered":"Andar com ar-condicionado do carro desligado economiza gasolina?"},"content":{"rendered":"\n<p>Em dias quentes, muitos motoristas ficam em d\u00favida se desligar o ar-condicionado e abrir as janelas realmente faz diferen\u00e7a no consumo de gasolina, especialmente em percursos urbanos, marcados por paradas frequentes, varia\u00e7\u00f5es constantes de velocidade e a tentativa de equilibrar economia e conforto t\u00e9rmico dentro do carro.<\/p>\n\n\n\n<p>O aumento no consumo provocado pelo ar-condicionado est\u00e1 diretamente relacionado ao funcionamento do compressor, que \u00e9 acionado pelo motor por meio de uma correia. Ao ligar o sistema, o motor passa a exigir mais esfor\u00e7o para movimentar esse componente adicional, elevando o gasto de combust\u00edvel \u2014 efeito que tende a ser mais percept\u00edvel em ve\u00edculos com motores de menor pot\u00eancia.<\/p>\n\n\n\n<p>No entanto, desligar o ar-condicionado nem sempre \u00e9 sin\u00f4nimo de economia. Ao abrir as janelas, especialmente em velocidades mais altas, o arrasto aerodin\u00e2mico aumenta e o motor tamb\u00e9m precisa trabalhar mais para manter o desempenho, o que pode anular \u2014 ou at\u00e9 superar \u2014 a economia obtida com o sistema desligado.<\/p>\n\n\n\n<p>Em trajetos urbanos, com tr\u00e2nsito intenso e baixas velocidades, o impacto das janelas abertas costuma ser menor, tornando o uso do ar-condicionado um fator mais relevante no consumo. J\u00e1 em rodovias, onde o carro mant\u00e9m velocidade constante, manter os vidros fechados e o ar-condicionado ligado pode ser mais eficiente do ponto de vista aerodin\u00e2mico.<\/p>\n\n\n\n<p>A varia\u00e7\u00e3o no consumo depende do ve\u00edculo, do motor e do trajeto. Em m\u00e9dia, o ar-condicionado pode elevar o gasto entre 5% e 20%, tornando a melhor escolha algo situacional: em percursos curtos, deslig\u00e1-lo pode gerar economia; em viagens longas, manter os vidros fechados garante melhor equil\u00edbrio entre consumo e conforto.<\/p>\n\n\n\n<h2 class=\"wp-block-heading\">Economia ou conforto: quando cada op\u00e7\u00e3o vale mais a pena<\/h2>\n\n\n\n<p>A decis\u00e3o entre usar o ar-condicionado ou rodar com os vidros abertos depende diretamente do tipo de trajeto e das condi\u00e7\u00f5es de condu\u00e7\u00e3o. Em velocidades mais baixas e no tr\u00e2nsito urbano, desligar o sistema pode ajudar a reduzir o consumo, desde que o aumento do esfor\u00e7o do motor seja m\u00ednimo.<\/p>\n\n\n\n<p>Por outro lado, em rodovias e percursos longos, o impacto do arrasto aerodin\u00e2mico causado pelas janelas abertas tende a ser maior. Nesses casos, manter os vidros fechados e o ar-condicionado ligado pode ser a escolha mais eficiente, al\u00e9m de oferecer maior conforto ao motorista e aos passageiros.<\/p>\n\n\n\n<p><\/p>\n","protected":false},"excerpt":{"rendered":"<p>Em dias quentes, muitos motoristas ficam em d\u00favida se desligar o ar-condicionado e abrir as janelas realmente faz diferen\u00e7a no consumo de gasolina, especialmente em percursos urbanos, marcados por paradas frequentes, varia\u00e7\u00f5es constantes de velocidade e a tentativa de equilibrar economia e conforto t\u00e9rmico dentro do carro. O aumento no consumo provocado pelo ar-condicionado est\u00e1 [&hellip;]<\/p>\n","protected":false},"author":4,"featured_media":11815,"comment_status":"open","ping_status":"open","sticky":false,"template":"","format":"standard","meta":{"jnews-multi-image_gallery":[],"jnews_single_post":{"format":"standard"},"jnews_primary_category":[],"jnews_social_meta":[],"jnews_post_split":[],"footnotes":""},"categories":[1],"tags":[],"class_list":["post-11813","post","type-post","status-publish","format-standard","has-post-thumbnail","hentry","category-uncategorized"],"_links":{"self":[{"href":"https:\/\/diariodepernambuco.audiencelabs.com.br\/wp-json\/wp\/v2\/posts\/11813","targetHints":{"allow":["GET"]}}],"collection":[{"href":"https:\/\/diariodepernambuco.audiencelabs.com.br\/wp-json\/wp\/v2\/posts"}],"about":[{"href":"https:\/\/diariodepernambuco.audiencelabs.com.br\/wp-json\/wp\/v2\/types\/post"}],"author":[{"embeddable":true,"href":"https:\/\/diariodepernambuco.audiencelabs.com.br\/wp-json\/wp\/v2\/users\/4"}],"replies":[{"embeddable":true,"href":"https:\/\/diariodepernambuco.audiencelabs.com.br\/wp-json\/wp\/v2\/comments?post=11813"}],"version-history":[{"count":4,"href":"https:\/\/diariodepernambuco.audiencelabs.com.br\/wp-json\/wp\/v2\/posts\/11813\/revisions"}],"predecessor-version":[{"id":11971,"href":"https:\/\/diariodepernambuco.audiencelabs.com.br\/wp-json\/wp\/v2\/posts\/11813\/revisions\/11971"}],"wp:featuredmedia":[{"embeddable":true,"href":"https:\/\/diariodepernambuco.audiencelabs.com.br\/wp-json\/wp\/v2\/media\/11815"}],"wp:attachment":[{"href":"https:\/\/diariodepernambuco.audiencelabs.com.br\/wp-json\/wp\/v2\/media?parent=11813"}],"wp:term":[{"taxonomy":"category","embeddable":true,"href":"https:\/\/diariodepernambuco.audiencelabs.com.br\/wp-json\/wp\/v2\/categories?post=11813"},{"taxonomy":"post_tag","embeddable":true,"href":"https:\/\/diariodepernambuco.audiencelabs.com.br\/wp-json\/wp\/v2\/tags?post=11813"}],"curies":[{"name":"wp","href":"https:\/\/api.w.org\/{rel}","templated":true}]}}