{"id":11897,"date":"2025-12-17T09:30:34","date_gmt":"2025-12-17T12:30:34","guid":{"rendered":"https:\/\/diariodepernambuco.audiencelabs.com.br\/?p=11897"},"modified":"2025-12-17T12:23:19","modified_gmt":"2025-12-17T15:23:19","slug":"vivo-pega-todos-de-surpresa-e-vai-anunciar-fim-do-ciclo-no-dia-31-de-dezembro","status":"publish","type":"post","link":"https:\/\/diariodepernambuco.audiencelabs.com.br\/vivo-pega-todos-de-surpresa-e-vai-anunciar-fim-do-ciclo-no-dia-31-de-dezembro\/","title":{"rendered":"Vivo pega todos de surpresa e anuncia fim de ciclo no dia 31 de dezembro e comunica clientes sobre Fixo"},"content":{"rendered":"\n<p>O setor de telecomunica\u00e7\u00f5es no Brasil se prepara para uma transforma\u00e7\u00e3o relevante com o fim de um dos servi\u00e7os mais tradicionais da Vivo. A operadora, que figura entre as maiores do pa\u00eds, anunciou que encerrar\u00e1 oficialmente a concess\u00e3o de telefonia fixa em 31 de dezembro de 2025.<\/p>\n\n\n\n<p>A decis\u00e3o simboliza o encerramento de um ciclo e a transi\u00e7\u00e3o para um novo modelo de atua\u00e7\u00e3o, focado no avan\u00e7o tecnol\u00f3gico e no fortalecimento da conectividade digital em todo o pa\u00eds. A medida, no entanto, faz parte de um movimento mais amplo e n\u00e3o foi adotada de forma isolada.<\/p>\n\n\n\n<p>A iniciativa integra um movimento articulado com a Ag\u00eancia Nacional de Telecomunica\u00e7\u00f5es (Anatel), que vem atualizando as normas do setor para permitir a migra\u00e7\u00e3o do antigo regime de concess\u00e3o para o modelo de autoriza\u00e7\u00e3o privada. A proposta \u00e9 alinhar as opera\u00e7\u00f5es \u00e0 realidade atual do mercado, diante da queda acentuada na demanda por linhas de telefonia fixa nos \u00faltimos anos.<\/p>\n\n\n\n<p>A partir de 2026, a Vivo abandonar\u00e1 oficialmente o regime de concess\u00e3o p\u00fablica e passar\u00e1 a operar como prestadora privada, ganhando maior liberdade para investir e ampliar suas redes. A mudan\u00e7a n\u00e3o implica o desaparecimento total da telefonia fixa, que continuar\u00e1 existindo apenas em localidades onde ainda n\u00e3o haja alternativas tecnol\u00f3gicas vi\u00e1veis.<\/p>\n\n\n\n<h2 class=\"wp-block-heading\">Mudan\u00e7a acompanha avan\u00e7o tecnol\u00f3gico e nova din\u00e2mica do mercado<\/h2>\n\n\n\n<p>A decis\u00e3o da Vivo reflete a transforma\u00e7\u00e3o no comportamento dos consumidores e o avan\u00e7o das tecnologias de comunica\u00e7\u00e3o, como a internet de alta velocidade e a telefonia m\u00f3vel. Com a populariza\u00e7\u00e3o de servi\u00e7os digitais e aplicativos de mensagens, o uso da telefonia fixa perdeu espa\u00e7o, tornando o modelo de concess\u00e3o cada vez menos sustent\u00e1vel para as operadoras.<\/p>\n\n\n\n<p>Nesse novo cen\u00e1rio, a empresa passa a direcionar seus investimentos para \u00e1reas estrat\u00e9gicas, como fibra \u00f3ptica, redes m\u00f3veis e solu\u00e7\u00f5es digitais. A expectativa \u00e9 que a mudan\u00e7a contribua para a amplia\u00e7\u00e3o da cobertura e a melhoria da qualidade dos servi\u00e7os, especialmente em regi\u00f5es que ainda carecem de infraestrutura moderna de conectividade.<\/p>\n\n\n\n<p><\/p>\n","protected":false},"excerpt":{"rendered":"<p>O setor de telecomunica\u00e7\u00f5es no Brasil se prepara para uma transforma\u00e7\u00e3o relevante com o fim de um dos servi\u00e7os mais tradicionais da Vivo. A operadora, que figura entre as maiores do pa\u00eds, anunciou que encerrar\u00e1 oficialmente a concess\u00e3o de telefonia fixa em 31 de dezembro de 2025. A decis\u00e3o simboliza o encerramento de um ciclo [&hellip;]<\/p>\n","protected":false},"author":4,"featured_media":2666,"comment_status":"open","ping_status":"open","sticky":false,"template":"","format":"standard","meta":{"jnews-multi-image_gallery":[],"jnews_single_post":{"format":"standard"},"jnews_primary_category":[],"jnews_social_meta":[],"jnews_post_split":[],"footnotes":""},"categories":[1],"tags":[],"class_list":["post-11897","post","type-post","status-publish","format-standard","has-post-thumbnail","hentry","category-uncategorized"],"_links":{"self":[{"href":"https:\/\/diariodepernambuco.audiencelabs.com.br\/wp-json\/wp\/v2\/posts\/11897","targetHints":{"allow":["GET"]}}],"collection":[{"href":"https:\/\/diariodepernambuco.audiencelabs.com.br\/wp-json\/wp\/v2\/posts"}],"about":[{"href":"https:\/\/diariodepernambuco.audiencelabs.com.br\/wp-json\/wp\/v2\/types\/post"}],"author":[{"embeddable":true,"href":"https:\/\/diariodepernambuco.audiencelabs.com.br\/wp-json\/wp\/v2\/users\/4"}],"replies":[{"embeddable":true,"href":"https:\/\/diariodepernambuco.audiencelabs.com.br\/wp-json\/wp\/v2\/comments?post=11897"}],"version-history":[{"count":3,"href":"https:\/\/diariodepernambuco.audiencelabs.com.br\/wp-json\/wp\/v2\/posts\/11897\/revisions"}],"predecessor-version":[{"id":11955,"href":"https:\/\/diariodepernambuco.audiencelabs.com.br\/wp-json\/wp\/v2\/posts\/11897\/revisions\/11955"}],"wp:featuredmedia":[{"embeddable":true,"href":"https:\/\/diariodepernambuco.audiencelabs.com.br\/wp-json\/wp\/v2\/media\/2666"}],"wp:attachment":[{"href":"https:\/\/diariodepernambuco.audiencelabs.com.br\/wp-json\/wp\/v2\/media?parent=11897"}],"wp:term":[{"taxonomy":"category","embeddable":true,"href":"https:\/\/diariodepernambuco.audiencelabs.com.br\/wp-json\/wp\/v2\/categories?post=11897"},{"taxonomy":"post_tag","embeddable":true,"href":"https:\/\/diariodepernambuco.audiencelabs.com.br\/wp-json\/wp\/v2\/tags?post=11897"}],"curies":[{"name":"wp","href":"https:\/\/api.w.org\/{rel}","templated":true}]}}