{"id":11984,"date":"2025-12-20T18:04:00","date_gmt":"2025-12-20T21:04:00","guid":{"rendered":"https:\/\/diariodepernambuco.audiencelabs.com.br\/?p=11984"},"modified":"2025-12-17T17:00:08","modified_gmt":"2025-12-17T20:00:08","slug":"detalhes-da-proposta-do-fim-da-escala-6x1","status":"publish","type":"post","link":"https:\/\/diariodepernambuco.audiencelabs.com.br\/detalhes-da-proposta-do-fim-da-escala-6x1\/","title":{"rendered":"Detalhes da proposta do fim da escala 6&#215;1"},"content":{"rendered":"\n<p>Nos \u00faltimos meses, a discuss\u00e3o sobre a escala de trabalho 6&#215;1 e a redu\u00e7\u00e3o da jornada semanal ganhou espa\u00e7o no Congresso Nacional, sobretudo diante das recentes movimenta\u00e7\u00f5es no Senado. A proposta de extinguir o modelo 6&#215;1 \u2014 no qual o trabalhador atua por seis dias seguidos com apenas um de descanso \u2014 avan\u00e7a como uma poss\u00edvel mudan\u00e7a na legisla\u00e7\u00e3o trabalhista do pa\u00eds.<\/p>\n\n\n\n<p>A Proposta de Emenda \u00e0 Constitui\u00e7\u00e3o (PEC) 148\/25, que prev\u00ea o fim da escala 6&#215;1 e a redu\u00e7\u00e3o gradual da jornada para 36 horas semanais, foi aprovada pela Comiss\u00e3o de Constitui\u00e7\u00e3o e Justi\u00e7a (CCJ) do Senado Federal no \u00faltimo dia 10.<\/p>\n\n\n\n<p>O texto da PEC, de autoria do senador Paulo Paim (PT-RS) e com relatoria de Rog\u00e9rio Carvalho (PT-SE), estabelece que, no primeiro ano ap\u00f3s a promulga\u00e7\u00e3o, a jornada semanal passe de 44 para 40 horas. A partir da\u00ed, a carga hor\u00e1ria seria reduzida em uma hora por ano, at\u00e9 alcan\u00e7ar o limite de 36 horas semanais.<\/p>\n\n\n\n<p>A aprova\u00e7\u00e3o da PEC na CCJ marca um passo importante no tr\u00e2mite legislativo, mas o texto ainda precisa ser analisado e votado no plen\u00e1rio do Senado e, posteriormente, na C\u00e2mara dos Deputados, antes de eventual san\u00e7\u00e3o presidencial. Caso seja aprovada, a proposta exigir\u00e1 mudan\u00e7as relevantes por parte das empresas.<\/p>\n\n\n\n<p>Entre os principais impactos est\u00e1 a necessidade de reorganizar as escalas de trabalho, especialmente em setores como com\u00e9rcio, servi\u00e7os e ind\u00fastria, onde o modelo 6&#215;1 \u00e9 amplamente utilizado. A redu\u00e7\u00e3o da jornada e a ado\u00e7\u00e3o de dois dias de descanso semanal devem demandar ajustes operacionais e log\u00edsticos para garantir a continuidade das atividades.<\/p>\n\n\n\n<h2 class=\"wp-block-heading\">Impactos para trabalhadores e empresas no novo modelo de jornada<\/h2>\n\n\n\n<p>O fim da escala 6&#215;1 pode representar mudan\u00e7as significativas na rotina dos trabalhadores, com mais tempo de descanso e potencial melhoria na qualidade de vida. Defensores da proposta afirmam que a redu\u00e7\u00e3o da jornada tende a diminuir o desgaste f\u00edsico e mental, al\u00e9m de favorecer a produtividade e o equil\u00edbrio entre vida profissional e pessoal.<\/p>\n\n\n\n<p>Por outro lado, as empresas dever\u00e3o enfrentar um per\u00edodo de adapta\u00e7\u00e3o. A reorganiza\u00e7\u00e3o das equipes, a revis\u00e3o de turnos e, em alguns casos, a necessidade de novas contrata\u00e7\u00f5es podem elevar custos e exigir planejamento, especialmente em setores que funcionam de forma cont\u00ednua. O debate, portanto, envolve n\u00e3o apenas direitos trabalhistas, mas tamb\u00e9m impactos econ\u00f4micos e operacionais.<\/p>\n\n\n\n<p><\/p>\n","protected":false},"excerpt":{"rendered":"<p>Nos \u00faltimos meses, a discuss\u00e3o sobre a escala de trabalho 6&#215;1 e a redu\u00e7\u00e3o da jornada semanal ganhou espa\u00e7o no Congresso Nacional, sobretudo diante das recentes movimenta\u00e7\u00f5es no Senado. A proposta de extinguir o modelo 6&#215;1 \u2014 no qual o trabalhador atua por seis dias seguidos com apenas um de descanso \u2014 avan\u00e7a como uma [&hellip;]<\/p>\n","protected":false},"author":4,"featured_media":8901,"comment_status":"open","ping_status":"open","sticky":false,"template":"","format":"standard","meta":{"jnews-multi-image_gallery":[],"jnews_single_post":{"format":"standard"},"jnews_primary_category":[],"jnews_social_meta":[],"jnews_post_split":[],"footnotes":""},"categories":[1],"tags":[],"class_list":["post-11984","post","type-post","status-publish","format-standard","has-post-thumbnail","hentry","category-uncategorized"],"_links":{"self":[{"href":"https:\/\/diariodepernambuco.audiencelabs.com.br\/wp-json\/wp\/v2\/posts\/11984","targetHints":{"allow":["GET"]}}],"collection":[{"href":"https:\/\/diariodepernambuco.audiencelabs.com.br\/wp-json\/wp\/v2\/posts"}],"about":[{"href":"https:\/\/diariodepernambuco.audiencelabs.com.br\/wp-json\/wp\/v2\/types\/post"}],"author":[{"embeddable":true,"href":"https:\/\/diariodepernambuco.audiencelabs.com.br\/wp-json\/wp\/v2\/users\/4"}],"replies":[{"embeddable":true,"href":"https:\/\/diariodepernambuco.audiencelabs.com.br\/wp-json\/wp\/v2\/comments?post=11984"}],"version-history":[{"count":2,"href":"https:\/\/diariodepernambuco.audiencelabs.com.br\/wp-json\/wp\/v2\/posts\/11984\/revisions"}],"predecessor-version":[{"id":11986,"href":"https:\/\/diariodepernambuco.audiencelabs.com.br\/wp-json\/wp\/v2\/posts\/11984\/revisions\/11986"}],"wp:featuredmedia":[{"embeddable":true,"href":"https:\/\/diariodepernambuco.audiencelabs.com.br\/wp-json\/wp\/v2\/media\/8901"}],"wp:attachment":[{"href":"https:\/\/diariodepernambuco.audiencelabs.com.br\/wp-json\/wp\/v2\/media?parent=11984"}],"wp:term":[{"taxonomy":"category","embeddable":true,"href":"https:\/\/diariodepernambuco.audiencelabs.com.br\/wp-json\/wp\/v2\/categories?post=11984"},{"taxonomy":"post_tag","embeddable":true,"href":"https:\/\/diariodepernambuco.audiencelabs.com.br\/wp-json\/wp\/v2\/tags?post=11984"}],"curies":[{"name":"wp","href":"https:\/\/api.w.org\/{rel}","templated":true}]}}