{"id":11987,"date":"2025-12-21T04:38:00","date_gmt":"2025-12-21T07:38:00","guid":{"rendered":"https:\/\/diariodepernambuco.audiencelabs.com.br\/?p=11987"},"modified":"2025-12-17T17:05:51","modified_gmt":"2025-12-17T20:05:51","slug":"13o-salario-de-2025-decisao-sobre-segunda-parcela-foi-tomada","status":"publish","type":"post","link":"https:\/\/diariodepernambuco.audiencelabs.com.br\/13o-salario-de-2025-decisao-sobre-segunda-parcela-foi-tomada\/","title":{"rendered":"13\u00ba sal\u00e1rio de 2025: decis\u00e3o sobre segunda parcela foi tomada"},"content":{"rendered":"\n<p>O pagamento do 13\u00ba sal\u00e1rio \u00e9 um dos momentos mais aguardados pelos trabalhadores brasileiros, especialmente no fim do ano, quando ajuda a equilibrar as contas e movimenta a economia. Para 2025, uma decis\u00e3o importante sobre a segunda parcela j\u00e1 foi tomada, definindo prazos, regras e o que os empregados podem esperar em rela\u00e7\u00e3o ao valor a ser depositado.<\/p>\n\n\n\n<p>De acordo com a defini\u00e7\u00e3o do governo, a segunda parcela do 13\u00ba sal\u00e1rio de 2025 dever\u00e1 ser paga at\u00e9 o dia 19 de dezembro. A antecipa\u00e7\u00e3o ocorre porque o prazo legal estabelece o pagamento at\u00e9 o dia 20, mas, como a data cair\u00e1 em um fim de semana, as empresas s\u00e3o obrigadas a realizar o dep\u00f3sito no dia \u00fatil anterior.<\/p>\n\n\n\n<p>A segunda parcela corresponde ao valor restante do benef\u00edcio, j\u00e1 com os descontos obrigat\u00f3rios, como Imposto de Renda e contribui\u00e7\u00e3o ao INSS, quando aplic\u00e1veis. Por esse motivo, o montante recebido costuma ser menor do que o da primeira parcela, que \u00e9 paga sem abatimentos.<\/p>\n\n\n\n<p>A legisla\u00e7\u00e3o determina que o n\u00e3o cumprimento do prazo pode resultar em multa para o empregador, al\u00e9m de poss\u00edveis san\u00e7\u00f5es administrativas. Por isso, os trabalhadores devem ficar atentos \u00e0s datas e, caso o pagamento n\u00e3o seja realizado dentro do per\u00edodo estabelecido, podem buscar orienta\u00e7\u00e3o junto ao sindicato da categoria ou ao Minist\u00e9rio do Trabalho e Emprego.<\/p>\n\n\n\n<h2 class=\"wp-block-heading\">O que muda no valor e quais cuidados o trabalhador deve ter<\/h2>\n\n\n\n<p>Por conta dos descontos legais, \u00e9 comum que a segunda parcela do 13\u00ba sal\u00e1rio gere d\u00favidas e at\u00e9 frustra\u00e7\u00e3o entre os trabalhadores. Imposto de Renda e INSS s\u00e3o aplicados conforme a faixa salarial, o que reduz o valor l\u00edquido recebido, diferentemente da primeira parcela, paga de forma integral.<\/p>\n\n\n\n<p>Diante disso, especialistas recomendam planejamento financeiro para evitar surpresas no or\u00e7amento de fim de ano. Conferir o contracheque, entender os descontos aplicados e acompanhar os prazos de pagamento s\u00e3o medidas importantes para garantir que o direito seja cumprido corretamente.<\/p>\n\n\n\n<p><\/p>\n","protected":false},"excerpt":{"rendered":"<p>O pagamento do 13\u00ba sal\u00e1rio \u00e9 um dos momentos mais aguardados pelos trabalhadores brasileiros, especialmente no fim do ano, quando ajuda a equilibrar as contas e movimenta a economia. Para 2025, uma decis\u00e3o importante sobre a segunda parcela j\u00e1 foi tomada, definindo prazos, regras e o que os empregados podem esperar em rela\u00e7\u00e3o ao valor [&hellip;]<\/p>\n","protected":false},"author":4,"featured_media":1536,"comment_status":"open","ping_status":"open","sticky":false,"template":"","format":"standard","meta":{"jnews-multi-image_gallery":[],"jnews_single_post":{"format":"standard"},"jnews_primary_category":[],"jnews_social_meta":[],"jnews_post_split":[],"footnotes":""},"categories":[1],"tags":[],"class_list":["post-11987","post","type-post","status-publish","format-standard","has-post-thumbnail","hentry","category-uncategorized"],"_links":{"self":[{"href":"https:\/\/diariodepernambuco.audiencelabs.com.br\/wp-json\/wp\/v2\/posts\/11987","targetHints":{"allow":["GET"]}}],"collection":[{"href":"https:\/\/diariodepernambuco.audiencelabs.com.br\/wp-json\/wp\/v2\/posts"}],"about":[{"href":"https:\/\/diariodepernambuco.audiencelabs.com.br\/wp-json\/wp\/v2\/types\/post"}],"author":[{"embeddable":true,"href":"https:\/\/diariodepernambuco.audiencelabs.com.br\/wp-json\/wp\/v2\/users\/4"}],"replies":[{"embeddable":true,"href":"https:\/\/diariodepernambuco.audiencelabs.com.br\/wp-json\/wp\/v2\/comments?post=11987"}],"version-history":[{"count":2,"href":"https:\/\/diariodepernambuco.audiencelabs.com.br\/wp-json\/wp\/v2\/posts\/11987\/revisions"}],"predecessor-version":[{"id":11989,"href":"https:\/\/diariodepernambuco.audiencelabs.com.br\/wp-json\/wp\/v2\/posts\/11987\/revisions\/11989"}],"wp:featuredmedia":[{"embeddable":true,"href":"https:\/\/diariodepernambuco.audiencelabs.com.br\/wp-json\/wp\/v2\/media\/1536"}],"wp:attachment":[{"href":"https:\/\/diariodepernambuco.audiencelabs.com.br\/wp-json\/wp\/v2\/media?parent=11987"}],"wp:term":[{"taxonomy":"category","embeddable":true,"href":"https:\/\/diariodepernambuco.audiencelabs.com.br\/wp-json\/wp\/v2\/categories?post=11987"},{"taxonomy":"post_tag","embeddable":true,"href":"https:\/\/diariodepernambuco.audiencelabs.com.br\/wp-json\/wp\/v2\/tags?post=11987"}],"curies":[{"name":"wp","href":"https:\/\/api.w.org\/{rel}","templated":true}]}}