{"id":12039,"date":"2025-12-18T13:00:00","date_gmt":"2025-12-18T16:00:00","guid":{"rendered":"https:\/\/diariodepernambuco.audiencelabs.com.br\/?p=12039"},"modified":"2025-12-18T14:18:57","modified_gmt":"2025-12-18T17:18:57","slug":"greve-geral-foi-confirmada-e-transporte-publico-esta-cancelado-nas-ruas-desta-cidade-brasileira","status":"publish","type":"post","link":"https:\/\/diariodepernambuco.audiencelabs.com.br\/greve-geral-foi-confirmada-e-transporte-publico-esta-cancelado-nas-ruas-desta-cidade-brasileira\/","title":{"rendered":"Greve geral foi confirmada e transporte p\u00fablico est\u00e1 cancelado nas ruas desta cidade brasileira"},"content":{"rendered":"\n<p>Ap\u00f3s determina\u00e7\u00e3o do Tribunal Regional do Trabalho (TRT) para que ao menos 70% da frota do transporte coletivo de Campo Grande voltasse a operar, o Sindicato dos Trabalhadores em Transporte Coletivo Urbano descumpriu a decis\u00e3o judicial, mantendo o servi\u00e7o totalmente paralisado. Nesta quinta-feira (18), a greve completa quatro dias.<\/p>\n\n\n\n<p>O Sindicato informou que os trabalhadores s\u00f3 devem retornar \u00e0s atividades ap\u00f3s o pagamento integral dos sal\u00e1rios, do 13\u00ba e dos vales. Segundo funcion\u00e1rios e o pr\u00f3prio Cons\u00f3rcio Guaicurus \u2014 respons\u00e1vel pela gest\u00e3o do transporte coletivo na cidade \u2014, ainda faltam R$ 1,3 milh\u00e3o para quitar a folha salarial de dezembro dos motoristas.<\/p>\n\n\n\n<p>No total, a multa aplicada ao sindicato pode chegar a R$ 520 mil, resultado da soma de R$ 20 mil na segunda-feira, R$ 100 mil na ter\u00e7a e R$ 200 mil referentes \u00e0 quarta e quinta-feira. Desde a \u00faltima segunda-feira (15), a popula\u00e7\u00e3o, empres\u00e1rios e diversos setores enfrentam os impactos da greve dos \u00f4nibus.<\/p>\n\n\n\n<p>Na quarta-feira (17), a Justi\u00e7a estabeleceu um prazo de 30 dias para que a prefeitura, a Ag\u00eancia Municipal de Transporte e Tr\u00e2nsito (Agetran) e a Ag\u00eancia Municipal de Regula\u00e7\u00e3o dos Servi\u00e7os P\u00fablicos (Agereg) iniciem o processo, indiquem um interventor para o contrato de transporte p\u00fablico e apresentem um plano de a\u00e7\u00e3o, sob risco de multa di\u00e1ria de R$ 300 mil.<\/p>\n\n\n\n<h2 class=\"wp-block-heading\">Impasse entre as partes e greve<\/h2>\n\n\n\n<p>O Cons\u00f3rcio afirma n\u00e3o ter recebido todos os repasses financeiros da prefeitura, enquanto a administra\u00e7\u00e3o municipal garante que os pagamentos foram efetuados. Diante desse impasse, os motoristas decidiram paralisar as atividades na segunda-feira (15), em protesto pelo atraso nos sal\u00e1rios.<\/p>\n\n\n\n<p>Desde o in\u00edcio da greve, mais de 100 mil usu\u00e1rios t\u00eam sido impactados pela falta de \u00f4nibus na capital.<\/p>\n\n\n\n<p><\/p>\n","protected":false},"excerpt":{"rendered":"<p>Ap\u00f3s determina\u00e7\u00e3o do Tribunal Regional do Trabalho (TRT) para que ao menos 70% da frota do transporte coletivo de Campo Grande voltasse a operar, o Sindicato dos Trabalhadores em Transporte Coletivo Urbano descumpriu a decis\u00e3o judicial, mantendo o servi\u00e7o totalmente paralisado. Nesta quinta-feira (18), a greve completa quatro dias. O Sindicato informou que os trabalhadores [&hellip;]<\/p>\n","protected":false},"author":4,"featured_media":12042,"comment_status":"open","ping_status":"open","sticky":false,"template":"","format":"standard","meta":{"jnews-multi-image_gallery":[],"jnews_single_post":{"format":"standard"},"jnews_primary_category":[],"jnews_social_meta":[],"jnews_post_split":[],"footnotes":""},"categories":[1],"tags":[],"class_list":["post-12039","post","type-post","status-publish","format-standard","has-post-thumbnail","hentry","category-uncategorized"],"_links":{"self":[{"href":"https:\/\/diariodepernambuco.audiencelabs.com.br\/wp-json\/wp\/v2\/posts\/12039","targetHints":{"allow":["GET"]}}],"collection":[{"href":"https:\/\/diariodepernambuco.audiencelabs.com.br\/wp-json\/wp\/v2\/posts"}],"about":[{"href":"https:\/\/diariodepernambuco.audiencelabs.com.br\/wp-json\/wp\/v2\/types\/post"}],"author":[{"embeddable":true,"href":"https:\/\/diariodepernambuco.audiencelabs.com.br\/wp-json\/wp\/v2\/users\/4"}],"replies":[{"embeddable":true,"href":"https:\/\/diariodepernambuco.audiencelabs.com.br\/wp-json\/wp\/v2\/comments?post=12039"}],"version-history":[{"count":3,"href":"https:\/\/diariodepernambuco.audiencelabs.com.br\/wp-json\/wp\/v2\/posts\/12039\/revisions"}],"predecessor-version":[{"id":12079,"href":"https:\/\/diariodepernambuco.audiencelabs.com.br\/wp-json\/wp\/v2\/posts\/12039\/revisions\/12079"}],"wp:featuredmedia":[{"embeddable":true,"href":"https:\/\/diariodepernambuco.audiencelabs.com.br\/wp-json\/wp\/v2\/media\/12042"}],"wp:attachment":[{"href":"https:\/\/diariodepernambuco.audiencelabs.com.br\/wp-json\/wp\/v2\/media?parent=12039"}],"wp:term":[{"taxonomy":"category","embeddable":true,"href":"https:\/\/diariodepernambuco.audiencelabs.com.br\/wp-json\/wp\/v2\/categories?post=12039"},{"taxonomy":"post_tag","embeddable":true,"href":"https:\/\/diariodepernambuco.audiencelabs.com.br\/wp-json\/wp\/v2\/tags?post=12039"}],"curies":[{"name":"wp","href":"https:\/\/api.w.org\/{rel}","templated":true}]}}