{"id":12205,"date":"2025-12-20T03:10:00","date_gmt":"2025-12-20T06:10:00","guid":{"rendered":"https:\/\/diariodepernambuco.audiencelabs.com.br\/?p=12205"},"modified":"2025-12-19T16:12:01","modified_gmt":"2025-12-19T19:12:01","slug":"dono-da-havan-sofre-pressao-para-excluir-patrocinio-do-sbt","status":"publish","type":"post","link":"https:\/\/diariodepernambuco.audiencelabs.com.br\/dono-da-havan-sofre-pressao-para-excluir-patrocinio-do-sbt\/","title":{"rendered":"Dono da Havan sofre press\u00e3o para excluir patroc\u00ednio do SBT"},"content":{"rendered":"\n<p>A participa\u00e7\u00e3o do presidente Luiz In\u00e1cio Lula da Silva e do ministro do Supremo Tribunal Federal Alexandre de Moraes na inaugura\u00e7\u00e3o do SBT News, provocou forte rea\u00e7\u00e3o entre apoiadores do ex-presidente Jair Bolsonaro. Desde ent\u00e3o, a emissora passou a ser alvo de cr\u00edticas intensas e de um movimento de boicote organizado nas redes sociais.<\/p>\n\n\n\n<h2 class=\"wp-block-heading\">Campanha mira patrocinadores da emissora<\/h2>\n\n\n\n<p>Entre as estrat\u00e9gias adotadas pelos cr\u00edticos est\u00e1 a tentativa de pressionar anunciantes ligados ao canal. O principal alvo do momento \u00e9 o empres\u00e1rio Luciano Hang, propriet\u00e1rio das lojas Havan, que atualmente patrocina programas de grande audi\u00eancia no SBT, como o Domingo Legal. Nas plataformas digitais, usu\u00e1rios t\u00eam incentivado Hang a retirar sua marca da grade da emissora.<\/p>\n\n\n\n<p>A mobiliza\u00e7\u00e3o ganhou for\u00e7a com a cria\u00e7\u00e3o de uma hashtag que rapidamente se espalhou entre perfis alinhados ao bolsonarismo, pedindo a sa\u00edda da Havan do canal. Coment\u00e1rios com tom de protesto se multiplicaram, associando o SBT a um suposto alinhamento pol\u00edtico ap\u00f3s a presen\u00e7a de autoridades ligadas ao governo federal no lan\u00e7amento do novo telejornal.<\/p>\n\n\n\n<h2 class=\"wp-block-heading\">Cr\u00edticas e ironias contra o canal<\/h2>\n\n\n\n<p>Al\u00e9m do boicote, internautas passaram a ironizar a emissora, criando apelidos e compara\u00e7\u00f5es com partidos pol\u00edticos. Mensagens afirmando que consumidores deixariam de comprar produtos de empresas que anunciam no SBT tamb\u00e9m passaram a circular com frequ\u00eancia, ampliando a press\u00e3o sobre os patrocinadores.<\/p>\n\n\n\n<p>Apesar da movimenta\u00e7\u00e3o intensa nas redes, Luciano Hang ainda n\u00e3o se pronunciou oficialmente sobre os pedidos para que suspenda sua parceria comercial com o canal de televis\u00e3o. At\u00e9 o momento, n\u00e3o h\u00e1 indica\u00e7\u00e3o de mudan\u00e7as na rela\u00e7\u00e3o entre a Havan e o SBT.<\/p>\n\n\n\n<h2 class=\"wp-block-heading\">Repercuss\u00e3o envolve outras figuras p\u00fablicas<\/h2>\n\n\n\n<p>O epis\u00f3dio tamb\u00e9m reacendeu debates envolvendo artistas e personalidades p\u00fablicas. Recentemente, o cantor Zez\u00e9 Di Camargo manifestou insatisfa\u00e7\u00e3o com a emissora e solicitou que seu especial de Natal deixasse de ser exibido, em rea\u00e7\u00e3o \u00e0 presen\u00e7a de representantes do governo no evento de lan\u00e7amento do SBT News.<\/p>\n\n\n\n<p>A pol\u00eamica evidencia como decis\u00f5es editoriais e institucionais das emissoras seguem gerando repercuss\u00f5es al\u00e9m da televis\u00e3o, com reflexos diretos no ambiente digital e no relacionamento com patrocinadores.<\/p>\n","protected":false},"excerpt":{"rendered":"<p>A participa\u00e7\u00e3o do presidente Luiz In\u00e1cio Lula da Silva e do ministro do Supremo Tribunal Federal Alexandre de Moraes na inaugura\u00e7\u00e3o do SBT News, provocou forte rea\u00e7\u00e3o entre apoiadores do ex-presidente Jair Bolsonaro. Desde ent\u00e3o, a emissora passou a ser alvo de cr\u00edticas intensas e de um movimento de boicote organizado nas redes sociais. Campanha [&hellip;]<\/p>\n","protected":false},"author":7,"featured_media":4977,"comment_status":"open","ping_status":"open","sticky":false,"template":"","format":"standard","meta":{"jnews-multi-image_gallery":[],"jnews_single_post":{"format":"standard"},"jnews_primary_category":[],"jnews_social_meta":[],"jnews_post_split":[],"footnotes":""},"categories":[1],"tags":[],"class_list":["post-12205","post","type-post","status-publish","format-standard","has-post-thumbnail","hentry","category-uncategorized"],"_links":{"self":[{"href":"https:\/\/diariodepernambuco.audiencelabs.com.br\/wp-json\/wp\/v2\/posts\/12205","targetHints":{"allow":["GET"]}}],"collection":[{"href":"https:\/\/diariodepernambuco.audiencelabs.com.br\/wp-json\/wp\/v2\/posts"}],"about":[{"href":"https:\/\/diariodepernambuco.audiencelabs.com.br\/wp-json\/wp\/v2\/types\/post"}],"author":[{"embeddable":true,"href":"https:\/\/diariodepernambuco.audiencelabs.com.br\/wp-json\/wp\/v2\/users\/7"}],"replies":[{"embeddable":true,"href":"https:\/\/diariodepernambuco.audiencelabs.com.br\/wp-json\/wp\/v2\/comments?post=12205"}],"version-history":[{"count":1,"href":"https:\/\/diariodepernambuco.audiencelabs.com.br\/wp-json\/wp\/v2\/posts\/12205\/revisions"}],"predecessor-version":[{"id":12224,"href":"https:\/\/diariodepernambuco.audiencelabs.com.br\/wp-json\/wp\/v2\/posts\/12205\/revisions\/12224"}],"wp:featuredmedia":[{"embeddable":true,"href":"https:\/\/diariodepernambuco.audiencelabs.com.br\/wp-json\/wp\/v2\/media\/4977"}],"wp:attachment":[{"href":"https:\/\/diariodepernambuco.audiencelabs.com.br\/wp-json\/wp\/v2\/media?parent=12205"}],"wp:term":[{"taxonomy":"category","embeddable":true,"href":"https:\/\/diariodepernambuco.audiencelabs.com.br\/wp-json\/wp\/v2\/categories?post=12205"},{"taxonomy":"post_tag","embeddable":true,"href":"https:\/\/diariodepernambuco.audiencelabs.com.br\/wp-json\/wp\/v2\/tags?post=12205"}],"curies":[{"name":"wp","href":"https:\/\/api.w.org\/{rel}","templated":true}]}}