{"id":1226,"date":"2025-08-15T17:30:00","date_gmt":"2025-08-15T20:30:00","guid":{"rendered":"https:\/\/diariodepernambuco.audiencelabs.com.br\/?p=1226"},"modified":"2025-08-14T14:44:41","modified_gmt":"2025-08-14T17:44:41","slug":"setor-renovavel-alerta-sobre-multa-por-fim-das-leis-de-desconto-no-fio","status":"publish","type":"post","link":"https:\/\/diariodepernambuco.audiencelabs.com.br\/setor-renovavel-alerta-sobre-multa-por-fim-das-leis-de-desconto-no-fio\/","title":{"rendered":"Setor renov\u00e1vel alerta sobre multa por fim das leis de desconto no fio"},"content":{"rendered":"\n<p>Os setores de gera\u00e7\u00e3o solar e e\u00f3lica, comercializa\u00e7\u00e3o e consumidores industriais demonstraram preocupa\u00e7\u00e3o com a cria\u00e7\u00e3o de um encargo extraordin\u00e1rio, previsto em uma minuta de portaria que regulamentar\u00e1 o fim dos descontos nos fios de distribui\u00e7\u00e3o e transmiss\u00e3o para a categoria de consumo a partir de janeiro do pr\u00f3ximo ano.<\/p>\n\n\n\n<p>O encargo atua como uma \u201cpenalidade\u201d para os agentes que descumprirem as regras de transi\u00e7\u00e3o, segundo especialistas, e corresponde a tr\u00eas vezes a cota unit\u00e1ria da CDE (Conta de Desenvolvimento Econ\u00f4mico), respons\u00e1vel por financiar os subs\u00eddios do setor el\u00e9trico.<\/p>\n\n\n\n<p>A portaria regulamenta um trecho da Medida Provis\u00f3ria (MP) 1.300\/2025, que encerra os subs\u00eddios para consumidores de fontes incentivadas, como e\u00f3lica e solar. Para evitar registros fraudulentos de contratos na CCEE (C\u00e2mara de Comercializa\u00e7\u00e3o de Energia), o MME (Minist\u00e9rio de Minas e Energia) estabeleceu normas de transi\u00e7\u00e3o.<\/p>\n\n\n\n<p>De acordo com a minuta de portaria, os agentes que descumprirem as regras ter\u00e3o que pagar um valor equivalente a tr\u00eas vezes a cota unit\u00e1ria da CDE, multiplicado pelos volumes de energia que diferirem dos registrados na CCEE. Estar\u00e3o isentos desvios inferiores a 5% e, no caso de contratos envolvendo gera\u00e7\u00e3o ou consumo, desvios dentro de 20% n\u00e3o ser\u00e3o cobrados.<\/p>\n\n\n\n<p>Comercializadores e geradores tamb\u00e9m manifestam preocupa\u00e7\u00e3o com a forma de rateio do encargo extraordin\u00e1rio. Na minuta de portaria, a penalidade seria dividida igualmente entre o vendedor e o comprador da energia.<\/p>\n\n\n\n<h2 class=\"wp-block-heading\">Principais mudan\u00e7as da MP 1.300\/2025<\/h2>\n\n\n\n<p><strong>Fim dos subs\u00eddios para fontes incentivadas<\/strong><\/p>\n\n\n\n<p>A partir de 1\u00ba de janeiro de 2026, novos contratos de energia provenientes de fontes incentivadas, como solar e e\u00f3lica, n\u00e3o ter\u00e3o mais os descontos nas tarifas de uso dos sistemas de transmiss\u00e3o e distribui\u00e7\u00e3o (TUST\/TUSD). No entanto, contratos registrados at\u00e9 31 de dezembro de 2025 manter\u00e3o os benef\u00edcios at\u00e9 o t\u00e9rmino de sua vig\u00eancia.<\/p>\n\n\n\n<p><strong>Amplia\u00e7\u00e3o da Tarifa Social de Energia El\u00e9trica<\/strong><\/p>\n\n\n\n<p>A MP amplia a Tarifa Social, oferecendo isen\u00e7\u00e3o total da conta de luz para fam\u00edlias de baixa renda que consumam at\u00e9 80 kWh por m\u00eas. Al\u00e9m disso, fam\u00edlias com renda per capita de at\u00e9 meio sal\u00e1rio m\u00ednimo ter\u00e3o isen\u00e7\u00e3o na Conta de Desenvolvimento Energ\u00e9tico (CDE) para consumo de at\u00e9 120 kWh mensais. Estima-se que cerca de 60 milh\u00f5es de brasileiros sejam beneficiados.<\/p>\n\n\n\n<p><strong>Abertura gradual do mercado livre de energia<\/strong><\/p>\n\n\n\n<p>A MP estabelece a abertura do mercado livre de energia para consumidores residenciais e pequenos com\u00e9rcios a partir de 2026, permitindo que escolham seus fornecedores de energia, promovendo maior competitividade e potencial redu\u00e7\u00e3o de custos.<\/p>\n\n\n\n<p><strong>Reestrutura\u00e7\u00e3o da Conta de Desenvolvimento Energ\u00e9tico (CDE)<\/strong><\/p>\n\n\n\n<p>A MP prop\u00f5e uma redistribui\u00e7\u00e3o mais equitativa dos custos da CDE, com ajustes graduais at\u00e9 2038, visando uma divis\u00e3o mais justa dos encargos setoriais entre os consumidores.<\/p>\n\n\n\n<p><strong>Regras para autoprodu\u00e7\u00e3o e gera\u00e7\u00e3o distribu\u00edda<\/strong><\/p>\n\n\n\n<p>A partir de 1\u00ba de janeiro de 2026, novos arranjos de autoprodu\u00e7\u00e3o de energia s\u00f3 poder\u00e3o envolver empreendimentos cuja opera\u00e7\u00e3o comercial tenha sido iniciada ap\u00f3s essa data. Projetos j\u00e1 contratados manter\u00e3o seus benef\u00edcios at\u00e9 o t\u00e9rmino de seus contratos.<\/p>\n\n\n\n<p><\/p>\n","protected":false},"excerpt":{"rendered":"<p>Os setores de gera\u00e7\u00e3o solar e e\u00f3lica, comercializa\u00e7\u00e3o e consumidores industriais demonstraram preocupa\u00e7\u00e3o com a cria\u00e7\u00e3o de um encargo extraordin\u00e1rio, previsto em uma minuta de portaria que regulamentar\u00e1 o fim dos descontos nos fios de distribui\u00e7\u00e3o e transmiss\u00e3o para a categoria de consumo a partir de janeiro do pr\u00f3ximo ano. O encargo atua como uma [&hellip;]<\/p>\n","protected":false},"author":4,"featured_media":1228,"comment_status":"open","ping_status":"open","sticky":false,"template":"","format":"standard","meta":{"jnews-multi-image_gallery":[],"jnews_single_post":{"format":"standard"},"jnews_primary_category":[],"jnews_social_meta":[],"jnews_post_split":[],"footnotes":""},"categories":[1],"tags":[],"class_list":["post-1226","post","type-post","status-publish","format-standard","has-post-thumbnail","hentry","category-uncategorized"],"_links":{"self":[{"href":"https:\/\/diariodepernambuco.audiencelabs.com.br\/wp-json\/wp\/v2\/posts\/1226","targetHints":{"allow":["GET"]}}],"collection":[{"href":"https:\/\/diariodepernambuco.audiencelabs.com.br\/wp-json\/wp\/v2\/posts"}],"about":[{"href":"https:\/\/diariodepernambuco.audiencelabs.com.br\/wp-json\/wp\/v2\/types\/post"}],"author":[{"embeddable":true,"href":"https:\/\/diariodepernambuco.audiencelabs.com.br\/wp-json\/wp\/v2\/users\/4"}],"replies":[{"embeddable":true,"href":"https:\/\/diariodepernambuco.audiencelabs.com.br\/wp-json\/wp\/v2\/comments?post=1226"}],"version-history":[{"count":2,"href":"https:\/\/diariodepernambuco.audiencelabs.com.br\/wp-json\/wp\/v2\/posts\/1226\/revisions"}],"predecessor-version":[{"id":1229,"href":"https:\/\/diariodepernambuco.audiencelabs.com.br\/wp-json\/wp\/v2\/posts\/1226\/revisions\/1229"}],"wp:featuredmedia":[{"embeddable":true,"href":"https:\/\/diariodepernambuco.audiencelabs.com.br\/wp-json\/wp\/v2\/media\/1228"}],"wp:attachment":[{"href":"https:\/\/diariodepernambuco.audiencelabs.com.br\/wp-json\/wp\/v2\/media?parent=1226"}],"wp:term":[{"taxonomy":"category","embeddable":true,"href":"https:\/\/diariodepernambuco.audiencelabs.com.br\/wp-json\/wp\/v2\/categories?post=1226"},{"taxonomy":"post_tag","embeddable":true,"href":"https:\/\/diariodepernambuco.audiencelabs.com.br\/wp-json\/wp\/v2\/tags?post=1226"}],"curies":[{"name":"wp","href":"https:\/\/api.w.org\/{rel}","templated":true}]}}